{"id":37649,"date":"2023-10-07T01:05:21","date_gmt":"2023-10-06T23:05:21","guid":{"rendered":"http:\/\/www.infokuryr.cz\/n\/?p=37649"},"modified":"2023-10-06T16:17:43","modified_gmt":"2023-10-06T14:17:43","slug":"ukrajinska-unava-znepokojuje-elity-nato-a-mela-by","status":"publish","type":"post","link":"https:\/\/www.infokuryr.cz\/n\/2023\/10\/07\/ukrajinska-unava-znepokojuje-elity-nato-a-mela-by\/","title":{"rendered":"Ukrajinsk\u00e1 \u00fanava znepokojuje elity NATO \u2013 a m\u011bla by"},"content":{"rendered":"<div id=\"fb-root\"><\/div>\n<div class=\"elementor-element elementor-element-1fb4c2c elementor-widget elementor-widget-theme-post-content\" data-id=\"1fb4c2c\" data-element_type=\"widget\" data-widget_type=\"theme-post-content.default\">\n<div class=\"elementor-widget-container\">\n<p><strong><span>Na obou stran\u00e1ch Atlantiku je nyn\u00ed jasn\u011b patrn\u00e1 \u00fanava a hn\u011bv ob\u010dan\u016f nad z\u00e1stupnou v\u00e1lkou NATO na Ukrajin\u011b proti Rusku.<\/span><\/strong><\/p>\n<p><span>Na obou stran\u00e1ch Atlantiku je nyn\u00ed jasn\u011b patrn\u00e1 \u00fanava a hn\u011bv ob\u010dan\u016f nad z\u00e1stupnou v\u00e1lkou NATO na Ukrajin\u011b proti Rusku.<\/span><\/p>\n<p><span>Je jen p\u0159ekvapiv\u00e9, \u017ee z\u00e1padn\u00ed ve\u0159ejnosti trvalo tak dlouho, ne\u017e podvod prokoukla.<\/span><\/p>\n<p><span>Ostudn\u00e9 glorifikov\u00e1n\u00ed nacistick\u00e9ho v\u00e1le\u010dn\u00e9ho zlo\u010dince cel\u00fdm kanadsk\u00fdm parlamentem ve zvr\u00e1cen\u00e9m projevu solidarity s Ukrajinou proti Rusku pomohlo zam\u011b\u0159it pozornost ve\u0159ejnosti na obsc\u00e9nnost z\u00e1stupn\u00e9 v\u00e1lky NATO.<\/span><\/p>\n<p><span>Od vypuknut\u00ed konfliktu podn\u011bcovan\u00e9ho NATO v \u00fanoru lo\u0148sk\u00e9ho roku Spojen\u00e9 st\u00e1ty a Evropa spole\u010dn\u011b nalily na Ukrajinu a\u017e 200 miliard eur, aby podpo\u0159ily odporn\u00fd, nacisty zamo\u0159en\u00fd re\u017eim.<\/span><\/p>\n<p><span>V\u0161echny tyto velkorysosti, \u00fa\u010dtovan\u00e9 americk\u00fdm a evropsk\u00fdm da\u0148ov\u00fdm poplatn\u00edk\u016fm, vedly k masakru v Evrop\u011b, kter\u00fd nebyl sv\u011bdkem od druh\u00e9 sv\u011btov\u00e9 v\u00e1lky \u2013 a ke zkrachoval\u00e9mu ukrajinsk\u00e9mu st\u00e1tu.\u00a0A samoz\u0159ejm\u011b obrovsk\u00e9 zisky pro vojensko-pr\u016fmyslov\u00fd komplex NATO, kter\u00fd financuje elitn\u00ed politiky.<\/span><\/p>\n<p><span>\u010casy se v\u0161ak m\u011bn\u00ed.\u00a0Ve Spojen\u00fdch st\u00e1tech maj\u00ed fisk\u00e1ln\u011b konzervativn\u00ed republik\u00e1ni dost bianco \u0161ek\u016f na kyjevsk\u00fd re\u017eim.\u00a0Americk\u00fd Kongres kone\u010dn\u011b prok\u00e1zal \u0161petku zdrav\u00e9ho rozumu, aby zabr\u00e1nil vl\u00e1dn\u00edmu finan\u010dn\u00edmu zastaven\u00ed \u2013 t\u00edm, \u017ee zastavil vojenskou pomoc Ukrajin\u011b.\u00a0To ukazuje, jak zvr\u00e1cen\u00e9 se staly priority Washingtonu, kdy\u017e n\u00e1rodn\u00ed sobeck\u00e9 boje o financov\u00e1n\u00ed nacistick\u00e9ho re\u017eimu.<\/span><\/p>\n<p><span>A po hlasov\u00e1n\u00ed v Kongresu o do\u010dasn\u00e9m pozastaven\u00ed finan\u010dn\u00ed pomoci Ukrajin\u011b se ministr zahrani\u010d\u00ed kyjevsk\u00e9ho re\u017eimu Dmytro Kuleba odv\u00e1\u017eil pok\u00e1rat americk\u00e9 z\u00e1konod\u00e1rce: \u201eNyn\u00ed pracujeme s ob\u011bma stranami Kongresu, abychom zajistili, \u017ee se to za \u017e\u00e1dn\u00fdch okolnost\u00ed nestane. opakoval.\u201d<\/span><\/p>\n<p><span>Mezit\u00edm si sloven\u0161t\u00ed ob\u010dan\u00e9 v Evrop\u011b zvolili novou vl\u00e1du, aby ukon\u010dila vojensk\u00e9 p\u0159i\u017eivov\u00e1n\u00ed v\u00e1lky na Ukrajin\u011b.\u00a0Strana Smer-SD veden\u00e1 Robertem Ficom vyhr\u00e1la parlamentn\u00ed volby p\u0159edev\u0161\u00edm d\u00edky slibu, \u017ee nebude pos\u00edlat dal\u0161\u00ed zbran\u011b kyjevsk\u00e9mu re\u017eimu.<\/span><\/p>\n<p><span>Tento t\u00fdden se tak\u00e9 v N\u011bmecku mohutn\u011b protestovalo proti vl\u00e1dn\u00ed koalici Olafa Scholze kv\u016fli jej\u00ed mizern\u00e9 v\u00e1le\u010dn\u00e9 politice na Ukrajin\u011b.\u00a0Den n\u011bmeck\u00e9 jednoty 3. \u0159\u00edjna byl p\u0159\u00edle\u017eitost\u00ed pro velk\u00e9 shrom\u00e1\u017ed\u011bn\u00ed v Berl\u00edn\u011b odsuzuj\u00edc\u00ed z\u00e1stupnou v\u00e1lku NATO na Ukrajin\u011b a vyz\u00fdvaj\u00edc\u00ed k m\u00edrov\u00fdm jedn\u00e1n\u00edm k ukon\u010den\u00ed konfliktu.<\/span><\/p>\n<p><span>Tak\u00e9 v Polsku prob\u011bhly ve Var\u0161av\u011b, Lod\u017ei a dal\u0161\u00edch m\u011bstech bezprecedentn\u00ed protesty proti otrock\u00e9mu prov\u00e1d\u011bn\u00ed z\u00e1stupn\u00e9 v\u00e1lky NATO na Ukrajin\u011b ze strany vl\u00e1dy PiS.\u00a0Tv\u00e1\u0159\u00ed v tv\u00e1\u0159 milion\u016fm ukrajinsk\u00fdch uprchl\u00edk\u016f a zanedb\u00e1v\u00e1n\u00ed soci\u00e1ln\u00edch pot\u0159eb Pol\u00e1k\u016f vl\u00e1dnouc\u00ed strana PiS ned\u00e1vno pohrozila zastaven\u00edm dod\u00e1vek zbran\u00ed do Kyjeva \u2013 tento krok byl m\u00e9n\u011b o principech a v\u00edce o snaze vyhr\u00e1t v nadch\u00e1zej\u00edc\u00edch volb\u00e1ch 15. \u0159\u00edjna Kupujte si hlasy.\u00a0Zpo\u017ed\u011bn\u00fd krok polsk\u00e9 vl\u00e1dy nicm\u00e9n\u011b zd\u016fraz\u0148uje obavy evropsk\u00fdch l\u00eddr\u016f z rostouc\u00edho opovr\u017een\u00ed ve\u0159ejnosti nad zd\u00e1nliv\u011b nekone\u010dnou finan\u010dn\u00ed pomoc\u00ed Ukrajin\u011b.<\/span><\/p>\n<p><a href=\"https:\/\/stranapro.cz\/\"><img decoding=\"async\" loading=\"lazy\" class=\"wp-image-30218 aligncenter\" src=\"http:\/\/www.infokuryr.cz\/n\/wp-content\/uploads\/2023\/06\/PRO-banner-300x36.png\" alt=\"\" width=\"1367\" height=\"164\" srcset=\"https:\/\/www.infokuryr.cz\/n\/wp-content\/uploads\/2023\/06\/PRO-banner-300x36.png 300w, https:\/\/www.infokuryr.cz\/n\/wp-content\/uploads\/2023\/06\/PRO-banner-768x93.png 768w, https:\/\/www.infokuryr.cz\/n\/wp-content\/uploads\/2023\/06\/PRO-banner.png 849w\" sizes=\"(max-width: 1367px) 100vw, 1367px\" \/><\/a><\/p>\n<p><span>Josep Borrell, nejvy\u0161\u0161\u00ed diplomat Evropsk\u00e9 unie, ozna\u010dil za \u201eznepokojiv\u00e9\u201c znamen\u00ed, \u017ee Washington poprv\u00e9 uzav\u0159el svou pokladnu p\u0159ed Ukrajinou.<\/span><\/p>\n<p><span>V pond\u011bl\u00ed se v Kyjev\u011b se\u0161el summit ministr\u016f zahrani\u010d\u00ed EU.\u00a0Bylo to poprv\u00e9, co se jejich summit konal v zemi mimo EU.\u00a0Program byl trochu p\u0159ehnan\u011b sebev\u011bdom\u00fd a byl vyhl\u00e1\u0161en jako projev \u201esolidarity\u201c s Ukrajinou.<\/span><\/p>\n<p><span>Borrell a dal\u0161\u00ed diplomat\u00e9 EU uvedli, \u017ee summit byl varov\u00e1n\u00edm pro Rusko, aby nepo\u010d\u00edtalo s \u201e\u00fanavou\u201c Evropan\u016f z podpory Ukrajin\u011b.\u00a0Koho se sna\u017e\u00ed p\u0159esv\u011bd\u010dit?\u00a0Rusko nebo Evropan\u00e9?<\/span><\/p>\n<p><span>Nevolen\u00e9 evropsk\u00e9 elity ozna\u010dily v\u00e1lku na Ukrajin\u011b za \u201eexisten\u010dn\u00ed krizi\u201c, kter\u00e1 vy\u017eadovala nekone\u010dnou podporu nacistick\u00e9ho re\u017eimu proti Rusku.<\/span><\/p>\n<p><span>Takov\u00e9 melodrama vy\u017eaduje seri\u00f3zn\u00ed kvalifikaci.\u00a0Konflikt je \u201eexisten\u010dn\u00ed\u201c pouze pro ur\u010dit\u00e9 lidi: ideology NATO, elitn\u00ed v\u016fdce, vojensko-pr\u016fmyslov\u00fd komplex a zkorumpovan\u00fd nacistick\u00fd re\u017eim v Kyjev\u011b.\u00a0Pro v\u011bt\u0161inu ostatn\u00edch lid\u00ed, kte\u0159\u00ed cht\u011bj\u00ed ukon\u010dit tento \u0161\u00edlen\u00fd masakr, groteskn\u00ed pl\u00fdtv\u00e1n\u00ed ve\u0159ejn\u00fdmi pen\u011bzi a nebezpe\u010dn\u00e9 flirtov\u00e1n\u00ed s jadernou v\u00e1lkou, to ale nen\u00ed existen\u010dn\u00ed.<\/span><\/p>\n<p><span>Je p\u0159\u00edzna\u010dn\u00e9, \u017ee ma\u010farsk\u00fd ministr zahrani\u010d\u00ed Peter Szijjarto se nez\u00fa\u010dastnil inscenovan\u00e9ho summitu EU v Kyjev\u011b.\u00a0Ve velmi kritick\u00fdch koment\u00e1\u0159\u00edch k nespr\u00e1vn\u011b um\u00edst\u011bn\u00fdm priorit\u00e1m EU \u0159ekl, \u017ee ostatn\u00ed zem\u011b nech\u00e1pou, pro\u010d Evropa \u201eu\u010dinila tento konflikt glob\u00e1ln\u00edm\u201c a pro\u010d za to lid\u00e9 v Asii, Africe a Latinsk\u00e9 Americe plat\u00ed rostouc\u00ed inflac\u00ed, cenami energi\u00ed a nestabiln\u00edmi dod\u00e1vkami potravin. .<\/span><\/p>\n<p><span>Ma\u010farsk\u00fd diplomat obvinil p\u0159edstavitele EU z jejich dvoj\u00edho metru a pokrytectv\u00ed a dodal: \u201eMohu \u0159\u00edci, \u017ee sv\u011bt mimo Evropu se opravdu t\u011b\u0161\u00ed na konec t\u00e9to v\u00e1lky, proto\u017ee mnoha v\u011bcem nerozum\u00ed.\u00a0Nap\u0159\u00edklad nech\u00e1pou, jak se m\u016f\u017ee st\u00e1t, \u017ee kdy\u017e v Evrop\u011b nen\u00ed v\u00e1lka, Evropsk\u00e1 unie s fantastickou mor\u00e1ln\u00ed p\u0159evahou vyz\u00fdv\u00e1 strany k m\u00edru, prosazuje jedn\u00e1n\u00ed a okam\u017eit\u00e9 ukon\u010den\u00ed n\u00e1sil\u00ed.\u00a0Kdy\u017e je v\u0161ak v Evrop\u011b v\u00e1lka, Evropsk\u00e1 unie rozdm\u00fdch\u00e1v\u00e1 konflikt a dod\u00e1v\u00e1 zbran\u011b a ka\u017ed\u00fd, kdo mluv\u00ed o m\u00edru, je okam\u017eit\u011b stigmatizov\u00e1n.<\/span><\/p>\n<p><span>Nejm\u00e9n\u011b dva \u010dlenov\u00e9 EU a aliance NATO \u2013 Ma\u010farsko a nov\u00e1 slovensk\u00e1 vl\u00e1da \u2013 jsou proti absurdn\u00ed vojensk\u00e9 a finan\u010dn\u00ed podpo\u0159e, kter\u00e1 p\u0159i\u017eivuje v\u00e1lku na Ukrajin\u011b.\u00a0Ob\u011b zem\u011b cht\u011bj\u00ed, aby m\u00edrov\u00e1 jedn\u00e1n\u00ed s Ruskem dostala p\u0159ednost.\u00a0Je nevyhnuteln\u00e9, \u017ee se tento nesouhlas se zdrav\u00fdm rozumem stane dominov\u00fdm efektem, proto\u017ee je pravdou a m\u00e1 nenapadnutelnou mor\u00e1ln\u00ed s\u00edlu.<\/span><\/p>\n<p><span>Konflikt na Ukrajin\u011b jasn\u011b uk\u00e1zal z\u00e1padn\u00ed ve\u0159ejnosti, jak mor\u00e1ln\u011b zkrachovaly jejich vl\u00e1dy a m\u00e9dia.\u00a0Americk\u00e9 a evropsk\u00e9 elity se mohou je\u0161t\u011b chv\u00edli klamat t\u00edm, \u017ee budou p\u0159edst\u00edrat, \u017ee z jejich z\u00e1stupn\u00e9 v\u00e1lky proti Rusku nen\u00ed \u017e\u00e1dn\u00e1 \u00fanava. \u010c\u00edm v\u00edce to d\u011blaj\u00ed, t\u00edm v\u011bt\u0161\u00ed je p\u00e1d a p\u00e1d z ve\u0159ejn\u00e9ho hn\u011bvu.<\/span><\/p>\n<\/div>\n<\/div>\n<div class=\"elementor-element elementor-element-8c57238 quelle dc-has-condition dc-condition-empty elementor-widget elementor-widget-heading\" data-id=\"8c57238\" data-element_type=\"widget\" data-widget_type=\"heading.default\">\n<div class=\"elementor-widget-container\">\n<h3 class=\"elementor-heading-title elementor-size-default\"><span style=\"font-size: 8pt;\"><a href=\"https:\/\/strategic-culture.su\/news\/2023\/10\/04\/ukraine-fatigue-is-worrying-nato-elites-and-so-they-should-be\/\" target=\"_blank\" rel=\"nofollow noopener\">ZDROJ<\/a><\/span><\/h3>\n<\/div>\n<\/div>\n<p>&nbsp;<\/p>\n<p>&nbsp;<\/p>\n","protected":false},"excerpt":{"rendered":"<p>Na obou stran\u00e1ch Atlantiku je nyn\u00ed jasn\u011b patrn\u00e1 \u00fanava a hn\u011bv ob\u010dan\u016f nad z\u00e1stupnou v\u00e1lkou&#8230;<\/p>\n","protected":false},"author":2,"featured_media":19737,"comment_status":"closed","ping_status":"closed","sticky":false,"template":"","format":"standard","meta":[],"categories":[7],"tags":[41,39,1975,26,5610,338],"_links":{"self":[{"href":"https:\/\/www.infokuryr.cz\/n\/wp-json\/wp\/v2\/posts\/37649"}],"collection":[{"href":"https:\/\/www.infokuryr.cz\/n\/wp-json\/wp\/v2\/posts"}],"about":[{"href":"https:\/\/www.infokuryr.cz\/n\/wp-json\/wp\/v2\/types\/post"}],"author":[{"embeddable":true,"href":"https:\/\/www.infokuryr.cz\/n\/wp-json\/wp\/v2\/users\/2"}],"replies":[{"embeddable":true,"href":"https:\/\/www.infokuryr.cz\/n\/wp-json\/wp\/v2\/comments?post=37649"}],"version-history":[{"count":0,"href":"https:\/\/www.infokuryr.cz\/n\/wp-json\/wp\/v2\/posts\/37649\/revisions"}],"wp:featuredmedia":[{"embeddable":true,"href":"https:\/\/www.infokuryr.cz\/n\/wp-json\/wp\/v2\/media\/19737"}],"wp:attachment":[{"href":"https:\/\/www.infokuryr.cz\/n\/wp-json\/wp\/v2\/media?parent=37649"}],"wp:term":[{"taxonomy":"category","embeddable":true,"href":"https:\/\/www.infokuryr.cz\/n\/wp-json\/wp\/v2\/categories?post=37649"},{"taxonomy":"post_tag","embeddable":true,"href":"https:\/\/www.infokuryr.cz\/n\/wp-json\/wp\/v2\/tags?post=37649"}],"curies":[{"name":"wp","href":"https:\/\/api.w.org\/{rel}","templated":true}]}}