{"id":37622,"date":"2023-10-06T07:42:36","date_gmt":"2023-10-06T05:42:36","guid":{"rendered":"http:\/\/www.infokuryr.cz\/n\/?p=37622"},"modified":"2023-10-06T07:42:36","modified_gmt":"2023-10-06T05:42:36","slug":"pepe-escobar-nahorni-karabach-jiz-neni","status":"publish","type":"post","link":"https:\/\/www.infokuryr.cz\/n\/2023\/10\/06\/pepe-escobar-nahorni-karabach-jiz-neni\/","title":{"rendered":"Pepe Escobar: N\u00e1horn\u00ed Karabach ji\u017e nen\u00ed"},"content":{"rendered":"<div id=\"fb-root\"><\/div>\n<section class=\"perex\"><strong>Nakonec se to povedlo. N\u00e1horn\u00ed Karabach \u2013 neboli Republika Arcach \u2013 u\u017e nen\u00ed. P\u0159estane existovat 1. ledna 2024 \u2013 tak\u00e9 v prvn\u00ed den rusk\u00e9ho p\u0159edsednictv\u00ed ve skupin\u011b BRICS 11.<\/strong><\/p>\n<p>V\u0161echny autonomn\u00ed st\u00e1tn\u00ed struktury budou zru\u0161eny \u2013 podle dekretu podepsan\u00e9ho hlavou republiky Samvelem \u0160ahramanjanem.<\/p>\n<\/section>\n<section class=\"clanek-obsah\">Obyvatel\u00e9 \u2013 zhruba 147 000, z toho 99 % arm\u00e9nsk\u00fdch k\u0159es\u0165an\u016f \u2013 maj\u00ed na v\u00fdb\u011br, kter\u00fd vlastn\u011b nen\u00ed volbou: \u201esezn\u00e1mit se s podm\u00ednkami reintegrace p\u0159edlo\u017een\u00fdmi \u00c1zerb\u00e1jd\u017e\u00e1nskou republikou\u201c a z\u016fstat, nebo odej\u00edt do Arm\u00e9nie natrvalo.<\/p>\n<p>Exodus p\u0159edv\u00eddateln\u011b pokra\u010duje: nekone\u010dn\u00fd had vozidel zahlcuje horsk\u00e9 silnice v kr\u00e1sn\u00e9 krajin\u011b, kde po stalet\u00ed \u017eily generace Arm\u00e9n\u016f. Od \u010dtvrte\u010dn\u00edho ve\u010dera odjelo sm\u011brem k Sjuniku p\u0159es 70 000 Arm\u00e9n\u016f.<\/p>\n<p>\u00c1zerb\u00e1jd\u017e\u00e1nsk\u00e1 vl\u00e1da v Baku vyslala do Stepanakertu policejn\u00ed\/bezpe\u010dnostn\u00ed s\u00edly. B\u00fdval\u00fd ministr zahrani\u010d\u00ed Ruben Vardanjan, oligarcha, byl zadr\u017een \u00e1zerb\u00e1jd\u017e\u00e1nskou bezpe\u010dnost\u00ed, kdy\u017e se sna\u017eil odjet do Arm\u00e9nie a vm\u00edsil se mezi uprchl\u00edky. Rusk\u00e9ho ob\u010danstv\u00ed se vzdal v lo\u0148sk\u00e9m roce, kdy\u017e se p\u0159est\u011bhoval za prac\u00ed do Arcach. Pravd\u011bpodobn\u011b bude propu\u0161t\u011bn.<\/p>\n<p>Ostatn\u00ed takov\u00e9 \u0161t\u011bst\u00ed m\u00edt nebudou. V\u0161ichni odch\u00e1zej\u00edc\u00ed jsou d\u016fkladn\u011b prohled\u00e1v\u00e1ni. Baku varovalo, \u017ee ka\u017ed\u00fd arcachsk\u00fd prominent \u2013 politick\u00fd i vojensk\u00fd \u2013 bude zajat.<\/p>\n<p>Takto to bohu\u017eel kon\u010d\u00ed: p\u0159\u00edb\u011bh o tom, jak banda podvodn\u00edk\u016f \u2013 t\u00fdm Pa\u0161injana v Jerevanu \u2013 osobn\u011b profitovala z geopolitick\u00e9 z\u00e1minky.<\/p>\n<p>Arm\u00e9nsk\u00fd premi\u00e9r Pa\u0161injan ozn\u00e1mil, \u017ee za n\u011bkolik dn\u00ed bude m\u00edt za to, \u017ee v N\u00e1horn\u00edm Karabachu u\u017e \u017e\u00e1dn\u00ed Arm\u00e9ni nejsou. V p\u0159ekladu: ti, kte\u0159\u00ed se rozhodli z\u016fstat, budou pova\u017eov\u00e1ni za \u00c1zerb\u00e1jd\u017e\u00e1nce.<\/p>\n<p>Pro Baku v\u0161ak Arm\u00e9ni z Arcach z\u016fst\u00e1vaj\u00ed nav\u017edy Arm\u00e9ny \u2013 a tedy p\u0159edm\u011btem podez\u0159en\u00ed.<\/p>\n<h2>V\u0161e se to\u010d\u00ed kolem Zangezursk\u00e9ho koridoru<\/h2>\n<p>Arm\u00e9n\u0161t\u00ed kn\u011b\u017e\u00ed za\u010d\u00ednaj\u00ed \u017e\u00e1dat lidovou moc, aby p\u0159i\u0161la se zm\u011bnou re\u017eimu v Jerevanu a zachr\u00e1nila n\u00e1rod. Je jasn\u00e9, \u017ee Sjunik bude dal\u0161\u00edm arm\u00e9nsk\u00fdm \u00fazem\u00edm, kter\u00e9 padne \u2013 vzhledem k tomu, \u017ee na jeho strategickou polohu maj\u00ed z\u00e1lusk \u00c1zerb\u00e1jd\u017e\u00e1n i Turecko. Pokud Baku Syunik obsad\u00ed, arm\u00e9nsk\u00fdm pravoslavn\u00fdm kn\u011b\u017e\u00edm bude ur\u010dit\u011b horko.<\/p>\n<p>Z\u00e1sadn\u00edm faktem je, \u017ee p\u0159\u00edm\u011b\u0159\u00ed mezi Arm\u00e9ni\u00ed a \u00c1zerb\u00e1jd\u017e\u00e1nem z listopadu 2020 za \u00fa\u010dasti Ruska nerespektovalo ani Baku, ani Jerevan.<\/p>\n<p>Moskva neud\u011blala mnoho, krom\u011b toho, \u017ee uk\u00e1zala, \u017ee Pa\u0161injan vydal Arcach Baku \u2013 co\u017e je samo o sob\u011b nehor\u00e1zn\u00e9 a poru\u0161en\u00ed p\u0159\u00edm\u011b\u0159\u00ed: p\u0159edstavte si, \u017ee by se napaden\u00e1 zem\u011b vzdala p\u0159edm\u011btu v\u00e1lky ve prosp\u011bch \u00fato\u010dn\u00edka.<\/p>\n<p>To, co Baku skute\u010dn\u011b cht\u011blo, bylo otev\u0159en\u00ed Zangezursk\u00e9ho koridoru \u2013 a to bylo tak\u00e9 sou\u010d\u00e1st\u00ed p\u0159\u00edm\u011b\u0159\u00ed. Koridor m\u011bl b\u00fdt pod kontrolou rusk\u00fdch str\u00e1\u017e\u00ed.<\/p>\n<p>Jerevan pro to nic neud\u011blal. Baku ze sv\u00e9 strany neust\u00e1le provokovalo poty\u010dky v Arcach a Sjuniku. A nav\u00edc nerespektovalo klauzuli stanovuj\u00edc\u00ed vybudov\u00e1n\u00ed silnice umo\u017e\u0148uj\u00edc\u00ed Arm\u00e9n\u016fm cestovat tam a zp\u011bt do Arcach. Baku ve skute\u010dnosti zablokovalo Arcach t\u00edm, \u017ee p\u0159evzalo La\u010dinskou silnici.<\/p>\n<p>Pokud jde o koridory, Zangezur je p\u0159\u00edslove\u010dnou \u010d\u00ednskou v\u00fdhrou.<\/p>\n<p>\u00c1zerb\u00e1jd\u017e\u00e1n se spojuje se svou enkl\u00e1vou Nachi\u010devan a Turkem. Rusko z\u00edsk\u00e1 silnici vedouc\u00ed p\u0159es Baku a Jerevan. Arm\u00e9nie se otev\u0159e mezin\u00e1rodn\u00edmu obchodu. A \u00cdr\u00e1n je spokojen, \u017ee spr\u00e1vcem bude b\u00fdval\u00fd majitel m\u00edsta: Rusko.<\/p>\n<p>A v tom je ten h\u00e1\u010dek. Obvykl\u00fdm podez\u0159el\u00fdm se nel\u00edbilo, \u017ee se do Arm\u00e9nie vr\u00e1t\u00ed ru\u0161t\u00ed str\u00e1\u017eci. A tak tuto klauzuli prost\u0159ednictv\u00edm sv\u00e9ho agenta Pa\u0161injana sabotovali.<\/p>\n<p>Z\u00e1znam ukazuje, jak se t\u00fdm Pa\u0161injana v posledn\u00edch m\u011bs\u00edc\u00edch choval: Arm\u00e9nsk\u00e1 prvn\u00ed d\u00e1ma nav\u0161t\u00edvila Kyjev; Jerevan p\u0159edal Ukrajin\u011b \u201ehumanit\u00e1rn\u00ed pomoc\u201c; prob\u011bhla spole\u010dn\u00e1 vojensk\u00e1 cvi\u010den\u00ed s USA; zb\u011bsil\u00e9 vracen\u00ed se americk\u00fdch a unijn\u00edch politik\u016f a nevl\u00e1dn\u00edch organizac\u00ed.<\/p>\n<p>Vztahy s Moskvou se rychle zhor\u0161uj\u00ed. Jerevan \u2013 \u0161\u0165avnat\u00fd strategick\u00fd c\u00edl \u2013 se dost\u00e1v\u00e1 do rukou hegemona a jeho vazal\u016f. Nen\u00ed n\u00e1hodou, \u017ee v Jerevanu s\u00eddl\u00ed druh\u00e9 nejv\u011bt\u0161\u00ed americk\u00e9 velvyslanectv\u00ed na sv\u011bt\u011b.<\/p>\n<p>Jist\u00e9 je tedy jen jedno: Zakavkazsko bude i nad\u00e1le v plamenech.<\/p>\n<h2>\u0158\u00ed\u0161e chaosu znovu ude\u0159\u00ed<\/h2>\n<p>Nen\u00ed jasn\u00e9, co se stane se Zangezurem \u2013 a zda a kdy Pa\u0161injan bude jednat. V\u017edy existuje \u2013 vzd\u00e1len\u00e1 \u2013 mo\u017enost, \u017ee se Pa\u0161injan, podn\u011bcovan\u00fd sv\u00fdmi z\u00e1padn\u00edmi poradci, pokus\u00ed uzav\u0159\u00edt s Alijevem dohodu, kter\u00e1 by vynechala Rusko.<\/p>\n<p>Rusk\u00e9 ministerstvo zahrani\u010d\u00ed si nebere serv\u00edtky a poznamen\u00e1v\u00e1, jak Jerevan \u201ep\u0159ehodil v\u00fdhybku v politice a hledal podporu Z\u00e1padu m\u00edsto \u00fazk\u00e9 spolupr\u00e1ce s Ruskem a \u00c1zerb\u00e1jd\u017e\u00e1nem\u201c. A jak Pa\u0161injan na jedn\u00e1n\u00edch v Praze a Bruselu v r\u00e1mci EU \u201euznal \u00fazemn\u00ed celistvost \u00c1zerb\u00e1jd\u017e\u00e1nu, ale nezab\u00fdval se pr\u00e1vy a bezpe\u010dnost\u00ed karaba\u0161sk\u00fdch Arm\u00e9n\u016f\u201c.<\/p>\n<p>Ministerstvo zahrani\u010d\u00ed Pa\u0161injana vesm\u011bs varuje, \u017ee \u201ena rozd\u00edl od Z\u00e1padu, kter\u00fd se v organizov\u00e1n\u00ed barevn\u00fdch revoluc\u00ed docela vyznal, se Moskva do takov\u00fdch aktivit nepou\u0161t\u00ed\u201c.<\/p>\n<p>Z\u00e1rove\u0148 \u201earm\u00e9nsk\u00fdmi m\u00e9dii na p\u0159\u00edkaz \u00fa\u0159ad\u016f prob\u011bhla zb\u011bsil\u00e1 protirusk\u00e1 kampa\u0148. Jsme p\u0159esv\u011bd\u010deni, \u017ee arm\u00e9nsk\u00e9 veden\u00ed d\u011bl\u00e1 obrovskou chybu, kdy\u017e se z\u00e1m\u011brn\u011b sna\u017e\u00ed zp\u0159etrhat mnohostrann\u00e9 a stalet\u00e9 vazby Arm\u00e9nie s Ruskem a ud\u011blat ze zem\u011b rukojm\u00ed z\u00e1padn\u00edch geopolitick\u00fdch her. Jsme p\u0159esv\u011bd\u010deni, \u017ee si to uv\u011bdomuje i drtiv\u00e1 v\u011bt\u0161ina arm\u00e9nsk\u00e9ho obyvatelstva.\u201c<\/p>\n<p>Nu\u017ee, \u0161\u00e9fka USAID Samantha \u201eBatshit Crazy\u201c Powerov\u00e1 je pr\u00e1v\u011b te\u010f v Arm\u00e9nii a \u201epotvrzuje podporu USA arm\u00e9nsk\u00e9 demokracii, suverenit\u011b, nez\u00e1vislosti a \u00fazemn\u00ed celistvosti a z\u00e1vazek \u0159e\u0161it humanit\u00e1rn\u00ed pot\u0159eby vypl\u00fdvaj\u00edc\u00ed z N\u00e1horn\u00edho Karabachu\u201c.<\/p>\n<p>Nesmysl. Jde jen o to, aby \u0158\u00ed\u0161e chaosu dobyla strategick\u00e9 aktivum v bl\u00edzkosti Ruska: Arm\u00e9nie je \u010dlenem OSKB a EAEU. V Arm\u00e9nii se realizuje v\u00edce ne\u017e 25 projekt\u016f USAID. Pro\u010d by se sou\u010dasn\u00e1 administrativa v Jerevanu v\u016fbec starala o p\u00e1r ztracen\u00fdch du\u0161\u00ed v Arcach?<\/p>\n<div class=\"podcarou\">\n<p><a href=\"https:\/\/informationclearinghouse.blog\/2023\/10\/02\/nagorno-karabakh-is-no-more\/\" target=\"_blank\" rel=\"external noopener\">Nagorno-Karabakh Is No More<\/a> vy\u0161el na ICH 2.10.2023. P\u0159eklad\u00a0<a href=\"https:\/\/zvedavec.news\/komentare\/2023\/10\/9811-nahorni-karabach-jiz-neni.htm\">Zvedavec.org<\/a><\/p>\n<\/div>\n<\/section>\n<p>&nbsp;<\/p>\n<p><a href=\"https:\/\/stranapro.cz\/\"><img decoding=\"async\" loading=\"lazy\" class=\"wp-image-30218 aligncenter\" src=\"http:\/\/www.infokuryr.cz\/n\/wp-content\/uploads\/2023\/06\/PRO-banner-300x36.png\" alt=\"\" width=\"1375\" height=\"165\" srcset=\"https:\/\/www.infokuryr.cz\/n\/wp-content\/uploads\/2023\/06\/PRO-banner-300x36.png 300w, https:\/\/www.infokuryr.cz\/n\/wp-content\/uploads\/2023\/06\/PRO-banner-768x93.png 768w, https:\/\/www.infokuryr.cz\/n\/wp-content\/uploads\/2023\/06\/PRO-banner.png 849w\" sizes=\"(max-width: 1375px) 100vw, 1375px\" \/><\/a><\/p>\n<p>&nbsp;<\/p>\n<p>&nbsp;<\/p>\n<p>&nbsp;<\/p>\n","protected":false},"excerpt":{"rendered":"<p>Nakonec se to povedlo. N\u00e1horn\u00ed Karabach \u2013 neboli Republika Arcach \u2013 u\u017e nen\u00ed. P\u0159estane existovat&#8230;<\/p>\n","protected":false},"author":2,"featured_media":37258,"comment_status":"closed","ping_status":"closed","sticky":false,"template":"","format":"standard","meta":[],"categories":[7],"tags":[29,2965,2284],"_links":{"self":[{"href":"https:\/\/www.infokuryr.cz\/n\/wp-json\/wp\/v2\/posts\/37622"}],"collection":[{"href":"https:\/\/www.infokuryr.cz\/n\/wp-json\/wp\/v2\/posts"}],"about":[{"href":"https:\/\/www.infokuryr.cz\/n\/wp-json\/wp\/v2\/types\/post"}],"author":[{"embeddable":true,"href":"https:\/\/www.infokuryr.cz\/n\/wp-json\/wp\/v2\/users\/2"}],"replies":[{"embeddable":true,"href":"https:\/\/www.infokuryr.cz\/n\/wp-json\/wp\/v2\/comments?post=37622"}],"version-history":[{"count":0,"href":"https:\/\/www.infokuryr.cz\/n\/wp-json\/wp\/v2\/posts\/37622\/revisions"}],"wp:featuredmedia":[{"embeddable":true,"href":"https:\/\/www.infokuryr.cz\/n\/wp-json\/wp\/v2\/media\/37258"}],"wp:attachment":[{"href":"https:\/\/www.infokuryr.cz\/n\/wp-json\/wp\/v2\/media?parent=37622"}],"wp:term":[{"taxonomy":"category","embeddable":true,"href":"https:\/\/www.infokuryr.cz\/n\/wp-json\/wp\/v2\/categories?post=37622"},{"taxonomy":"post_tag","embeddable":true,"href":"https:\/\/www.infokuryr.cz\/n\/wp-json\/wp\/v2\/tags?post=37622"}],"curies":[{"name":"wp","href":"https:\/\/api.w.org\/{rel}","templated":true}]}}