{"id":37617,"date":"2023-10-06T07:06:18","date_gmt":"2023-10-06T05:06:18","guid":{"rendered":"http:\/\/www.infokuryr.cz\/n\/?p=37617"},"modified":"2023-10-06T07:06:18","modified_gmt":"2023-10-06T05:06:18","slug":"andrew-korybko-blizici-se-odklon-armenie-od-csto-vraci-gruzii-zpet-do-hledacku-usa","status":"publish","type":"post","link":"https:\/\/www.infokuryr.cz\/n\/2023\/10\/06\/andrew-korybko-blizici-se-odklon-armenie-od-csto-vraci-gruzii-zpet-do-hledacku-usa\/","title":{"rendered":"Andrew Korybko: Bl\u00ed\u017e\u00edc\u00ed se odklon Arm\u00e9nie od CSTO vrac\u00ed Gruzii zp\u011bt do hled\u00e1\u010dku USA"},"content":{"rendered":"<div id=\"fb-root\"><\/div>\n<p><strong><span>Bl\u00ed\u017e\u00edc\u00ed se odchod Arm\u00e9nie z CSTO nebude podstatn\u00fd, pokud k n\u00ed NATO nezajist\u00ed spolehliv\u00fd p\u0159\u00edstup p\u0159es Gruzii, ale neo\u010dek\u00e1v\u00e1 se, \u017ee by jej\u00ed \u00fa\u0159aduj\u00edc\u00ed \u00fa\u0159ady souhlasily. Proto se p\u0159ipravuje dal\u0161\u00ed kolo nepokoj\u016f o barevn\u00e9 revoluci pod z\u00e1minkou \u201eprotestu\u201c proti procesu impeachmentu liber\u00e1ln\u011b-globalistick\u00e9ho prezidenta.<\/span><\/strong><\/p>\n<p><span>P\u0159edseda gruz\u00ednsk\u00e9ho parlamentu\u00a0<\/span><a href=\"https:\/\/sputnikglobe.com\/20231002\/georgia-awaits-usaids-explanations-on-funds-for-training-in-organizing-unrest-1113854648.html\" rel=\"\"><span>po\u017eadoval vysv\u011btlen\u00ed\u00a0<\/span><\/a><span>od USA pot\u00e9, co bezpe\u010dnostn\u00ed slu\u017eby odhalily pl\u00e1n na zm\u011bnu re\u017eimu financovan\u00fd USAID v hlavn\u00edm m\u011bst\u011b Tbilisi.\u00a0T\u0159i Srbov\u00e9 z CANVAS, organizace odpov\u011bdn\u00e9 za organizaci \u201ebuldozerov\u00e9 revoluce\u201c ve sv\u00e9 zemi v roce 2000, byli zadr\u017eeni koncem minul\u00e9ho t\u00fddne pro podez\u0159en\u00ed, \u017ee u\u010dili m\u00edstn\u00ed takzvan\u00e9 \u201eaktivisty\u201c, jak svrhnout vl\u00e1du.\u00a0Po v\u00fdslechu ode\u0161li do zahrani\u010d\u00ed, ale skand\u00e1l nazna\u010doval obnoven\u00ed tam\u011bj\u0161\u00edho destabiliza\u010dn\u00edho \u00fasil\u00ed.<\/span><\/p>\n<p><span>P\u0159ed t\u00edmto posledn\u00edm incidentem Gruzie\u00a0<\/span><a href=\"https:\/\/tass.com\/defense\/1676261\" rel=\"\"><span>obvinila Ukrajinu\u00a0<\/span><\/a><span>z p\u0159\u00edpravy nepokoj\u016f proti jej\u00edm \u00fa\u0159ad\u016fm, co\u017e Kyjev samoz\u0159ejm\u011b\u00a0<\/span><a href=\"https:\/\/tass.com\/world\/1676569\" rel=\"\"><span>pop\u0159el\u00a0<\/span><\/a><span>.\u00a0Shodou okolnost\u00ed v\u0161ak ukrajinsk\u00fd poslanec Aleksey Goncharenko o v\u00edkendu\u00a0<\/span><a href=\"https:\/\/www.rt.com\/russia\/583868-ukraine-no-chance-without-us\/\" rel=\"\"><span>napsal na Telegram\u00a0<\/span><\/a><span>, \u017ee \u201ejsme p\u0159ipraveni b\u00fdt spojenci USA ve v\u0161ech vojensk\u00fdch operac\u00edch siln\u011bji ne\u017e Brit\u00e1nie\u201c.\u00a0To n\u00e1sledovalo\u00a0<\/span><a href=\"https:\/\/edition.cnn.com\/2023\/09\/19\/africa\/ukraine-military-sudan-wagner-cmd-intl\/index.html\" rel=\"\"><span>po zpr\u00e1v\u00e1ch\u00a0<\/span><\/a><span>, \u017ee Ukrajina provedla bezpilotn\u00ed \u00fatoky proti\u00a0<\/span><a href=\"https:\/\/korybko.substack.com\/p\/heres-why-the-west-is-trying-to-pin\" rel=\"\"><span>\u00fadajn\u011b Ruskem podporovan\u00fdm s\u00fad\u00e1nsk\u00fdm rebel\u016fm\u00a0<\/span><\/a><span>, pravd\u011bpodobn\u011b\u00a0<\/span><a href=\"https:\/\/korybko.substack.com\/p\/american-officials-told-politico\" rel=\"\"><span>na p\u0159\u00edkaz USA,\u00a0<\/span><\/a><span>pokud je to pravda.<\/span><\/p>\n<p><span>S ohledem na tento kontext jsou tvrzen\u00ed bezpe\u010dnostn\u00edch slu\u017eeb o ukrajinsk\u00e9 spolu\u00fa\u010dasti na nejnov\u011bj\u0161\u00edch intrik\u00e1ch o zm\u011bn\u011b re\u017eimu jejich zem\u011b v\u011brohodn\u00e1, i kdy\u017e Kyjev nebyl p\u0159\u00edmo zapleten do skand\u00e1lu z minul\u00e9ho t\u00fddne.\u00a0P\u0159irozen\u011b se proto nab\u00edz\u00ed ot\u00e1zka, pro\u010d se Gruzie v\u016fbec zam\u011b\u0159uje na to, jak je to proz\u00e1padn\u00ed zem\u011b, kter\u00e1 chce ofici\u00e1ln\u011b vstoupit do EU i NATO.\u00a0To, co se d\u011bje dnes, je vlastn\u011b druh\u00e1 f\u00e1ze t\u00e9ho\u017e procesu, kter\u00fd byl uveden do pohybu p\u0159ed p\u016fl rokem.<\/span><\/p>\n<p><span>V b\u0159eznu se USA pokusily svrhnout tamn\u00ed vl\u00e1du na z\u00e1klad\u011b toho, \u017ee jejich navrhovan\u00e1 legislativa pro zahrani\u010dn\u00ed agenty podle vzoru t\u00e9 americk\u00e9 \u00fadajn\u011b nazna\u010dovala tajnou touhu obr\u00e1tit se na Rusko.\u00a0Na tomto tvrzen\u00ed nebylo nic pravdy, ale poslou\u017eilo to k vyprovokov\u00e1n\u00ed nakonec ne\u00fasp\u011b\u0161n\u00e9\u00a0<\/span><a href=\"https:\/\/syncreticstudies.com\/2014\/12\/03\/the-color-revolution-model-an-expose-of-the-core-mechanics\/\" rel=\"\"><span>barevn\u00e9 revoluce\u00a0<\/span><\/a><span>, jej\u00edm\u017e c\u00edlem bylo otev\u0159\u00edt druhou z\u00e1stupnou v\u00e1le\u010dnou frontu v\u00a0<\/span><a href=\"https:\/\/korybko.substack.com\/p\/towards-tri-multipolarity-the-golden\" rel=\"\"><span>nov\u00e9 studen\u00e9 v\u00e1lce\u00a0<\/span><\/a><span>.\u00a0N\u00e1sleduj\u00edc\u00ed anal\u00fdzy podrobn\u011b popisuj\u00ed strategick\u00e9 machinace ve h\u0159e a odhaluj\u00ed fale\u0161nou z\u00e1minku za t\u00edmto spiknut\u00edm:<\/span><\/p>\n<p><span>* \u201e\u00a0<\/span><a href=\"https:\/\/korybko.substack.com\/p\/georgia-is-targeted-for-regime-change\" rel=\"\"><span>Gruzie je zam\u011b\u0159ena na zm\u011bnu re\u017eimu kv\u016fli jej\u00edmu odm\u00edtnut\u00ed otev\u0159\u00edt \u201edruhou frontu\u201c proti Rusku\u00a0<\/span><\/a><span>\u201c<\/span><\/p>\n<p><span>* \u201e\u00a0<\/span><a href=\"https:\/\/korybko.substack.com\/p\/georgias-withdrawal-of-its-us-inspired\" rel=\"\"><span>Sta\u017een\u00edm zahrani\u010dn\u00edch agent\u016f inspirovan\u00fdch USA ze strany Gruzie Bill neskon\u010d\u00ed tlak Z\u00e1padu\u00a0<\/span><\/a><span>\u201c<\/span><\/p>\n<p><span>* \u201e\u00a0<\/span><a href=\"https:\/\/korybko.substack.com\/p\/russia-called-the-us-out-for-double\" rel=\"\"><span>Rusko vyzvalo USA k dvoj\u00edmu standardu v\u016f\u010di Gruzii-Moldavsku a Bosn\u011b-Srbsku\u00a0<\/span><\/a><span>\u201c<\/span><\/p>\n<p><span>* \u201e\u00a0<\/span><a href=\"https:\/\/korybko.substack.com\/p\/exposing-the-us-double-standards\" rel=\"\"><span>Odhalov\u00e1n\u00ed dvoj\u00edch standard\u016f USA v\u016f\u010di podobn\u00fdm nebo identick\u00fdm z\u00e1kon\u016fm o ciz\u00edch agentech\u00a0<\/span><\/a><span>\u201c<\/span><\/p>\n<p><span>Gruz\u00ednsk\u00e1 konzervativn\u011b-nacionalistick\u00e1 vl\u00e1da m\u00e1 v\u016f\u010di Rusku p\u0159ekvapiv\u011b pragmatickou politiku, p\u0159esto\u017ee st\u00e1le chce ofici\u00e1ln\u011b vstoupit do EU a NATO, a to natolik, \u017ee proti n\u011bmu odm\u00edtla uvalit sankce nebo \u0161avli\u00a0<\/span><a href=\"https:\/\/korybko.substack.com\/p\/the-2008-georgian-conflict-was-the\" rel=\"\"><span>o Abch\u00e1zii a Ji\u017en\u00ed Osetii\u00a0<\/span><\/a><span>.\u00a0Z toho d\u016fvodu za\u010dal Z\u00e1pad p\u0159ipravovat sv\u00e9\u00a0<\/span><a href=\"https:\/\/astutenews.com\/2022\/05\/whats-dishonestly-smeared-as-russian-propaganda-is-just-the-multipolar-worldview\/\" rel=\"\"><span>liber\u00e1ln\u011b\u00a0<\/span><\/a><span>&#8211;\u00a0<\/span><a href=\"https:\/\/korybko.substack.com\/p\/the-wests-liberal-globalist-elite\" rel=\"\"><span>globalistick\u00e9\u00a0<\/span><\/a><span>z\u00e1stupce na vzpouru za trest s c\u00edlem bu\u010f je p\u0159im\u011bt, aby sv\u016fj postoj obr\u00e1tili, nebo je nahradit poddajn\u011bj\u0161\u00edmi loutkami, pokud to st\u00e1le odm\u00edtaj\u00ed.<\/span><\/p>\n<p><span>Tato kampa\u0148 byla p\u0159ed\u010dasn\u011b vynucena v reakci na p\u0159ipravovanou legislativu vl\u00e1dy, kter\u00e1 by jim umo\u017enila l\u00e9pe zvl\u00e1dat tyto rostouc\u00ed liber\u00e1ln\u011b-globalistick\u00e9 hrozby, a tak je \u010dasem \u010dasem neutralizovat.\u00a0Z\u00e1pad c\u00edtil, \u017ee jeho p\u0159\u00edle\u017eitost k otev\u0159en\u00ed druh\u00e9 fronty proti Rusku p\u0159es Gruzii se rychle bl\u00ed\u017e\u00ed, a proto\u00a0<\/span><span>v b\u0159eznu vydal rozkaz k zah\u00e1jen\u00ed nep\u0159\u00e1telstv\u00ed\u00a0<\/span><a href=\"https:\/\/www.amazon.com\/Hybrid-Wars-Indirect-Adaptive-Approach-ebook\/dp\/B014GA5SX8\" rel=\"\"><span>v hybridn\u00ed\u00a0<\/span><\/a><span><a href=\"https:\/\/www.amazon.com\/Law-Hybrid-War-Eastern-Hemisphere-ebook\/dp\/B07124QCZH\" rel=\"\">v\u00e1lce .<\/a><\/span><\/p>\n<p><span>Tato krize skon\u010dila t\u00e9m\u011b\u0159 jakmile za\u010dala pot\u00e9, co vl\u00e1da okam\u017eit\u011b st\u00e1hla n\u00e1vrh z\u00e1kona a odstranila tak z\u00e1klad, na kter\u00e9m tyto liber\u00e1ln\u011b-globalistick\u00e9 skupiny po\u017eadovaly svou rezignaci.\u00a0Kone\u010dn\u00fdm v\u00fdsledkem bylo, \u017ee vstoupilo jak\u00e9si p\u0159\u00edm\u011b\u0159\u00ed, kdy v\u0161ichni neform\u00e1ln\u011b souhlasili s t\u00edm, \u017ee situaci prozat\u00edm zmraz\u00ed ze vz\u00e1jemn\u00e9 pohodlnosti.\u00a0D\u016fvod, pro\u010d v\u0161e za posledn\u00ed m\u011bs\u00edc rozmrzlo, souvis\u00ed s kombinac\u00ed dom\u00e1c\u00edho a region\u00e1ln\u00edho v\u00fdvoje.<\/span><\/p>\n<p><span>Na dom\u00e1c\u00ed front\u011b\u00a0<\/span><a href=\"https:\/\/www.politico.eu\/article\/georgia-impeachment-procedure-president-salome-zourabichvili\/\" rel=\"\"><span>zah\u00e1jila konzervativn\u011b-nacionalistick\u00e1 vl\u00e1da ob\u017ealobu\u00a0<\/span><\/a><span>proti liber\u00e1ln\u011b-globalistick\u00e9mu prezidentovi sv\u00e9 zem\u011b, co\u017e opozice podporovan\u00e1 Z\u00e1padem pova\u017eovala za mocenskou hru, kter\u00e1 poru\u0161ila jejich neform\u00e1ln\u00ed p\u0159\u00edm\u011b\u0159\u00ed z leto\u0161n\u00edho jara.\u00a0Ve stejnou dobu se liber\u00e1ln\u011b-globalistick\u00e1 vl\u00e1da sousedn\u00ed Arm\u00e9nie za\u010dala rozhodn\u011b odkl\u00e1n\u011bt od Ruska sm\u011brem na Z\u00e1pad, co\u017e p\u0159edstavovalo region\u00e1ln\u00ed mocenskou hru, kter\u00e1 necht\u011bn\u011b ukon\u010dila Karabachsk\u00fd konflikt, jak je vysv\u011btleno n\u00ed\u017ee:<\/span><\/p>\n<p><span>* \u201e\u00a0<\/span><a href=\"https:\/\/korybko.substack.com\/p\/armenias-three-latest-anti-russian\" rel=\"\"><span>T\u0159i nejnov\u011bj\u0161\u00ed arm\u00e9nsk\u00e9 protirusk\u00e9 provokace riskuj\u00ed, \u017ee podn\u00edt\u00ed dal\u0161\u00ed konflikt v Karabachu\u00a0<\/span><\/a><span>\u201c<\/span><\/p>\n<p><span>* \u201c\u00a0<\/span><a href=\"https:\/\/korybko.substack.com\/p\/korybko-to-dutch-media-the-end-of\" rel=\"\"><span>Korybko nizozemsk\u00fdm m\u00e9di\u00edm: Konec karaba\u0161sk\u00e9ho konfliktu zp\u016fsob\u00ed revoluci v regionu\u00a0<\/span><\/a><span>\u201d<\/span><\/p>\n<p><span>* \u201e\u00a0<\/span><a href=\"https:\/\/korybko.substack.com\/p\/the-artificially-manufactured-ethnic\" rel=\"\"><span>Um\u011ble vyroben\u00e1 \u201aetnick\u00e1 o\u010dista\u2018 Karabachu je politick\u00fd trik diaspory\u00a0<\/span><\/a><span>\u201c<\/span><\/p>\n<p><span>* \u201e\u00a0<\/span><a href=\"https:\/\/korybko.substack.com\/p\/the-kremlin-pushed-back-against-false\" rel=\"\"><span>Kreml zatla\u010dil proti nepravdiv\u00fdm tvrzen\u00edm o situaci v Karabachu\u00a0<\/span><\/a><span>\u201c<\/span><\/p>\n<p><span>Po ne\u00fasp\u011bchu Z\u00e1padu otev\u0159\u00edt druhou frontu proti Rusku na ji\u017en\u00edm Kavkaze p\u0159es Gruzii se tento blok obr\u00e1til ke sv\u00e9mu \u201epl\u00e1nu B\u201c pokusit se to ud\u011blat p\u0159es Arm\u00e9nii vyprovokov\u00e1n\u00edm dal\u0161\u00edho karaba\u0161sk\u00e9ho konfliktu, kter\u00fd mohl zat\u00e1hnout Kreml do region\u00e1ln\u00edho po\u017e\u00e1ru. kdyby to nebylo opatrn\u00e9.\u00a0Pot\u00e9, co tento pl\u00e1n tak\u00e9 selhal, se Z\u00e1pad okam\u017eit\u011b za\u010dal b\u00e1t \u201eetnick\u00fdch \u010distek\u201c a \u201egenocidy\u201c, kter\u00e9 poslou\u017eily k vyd\u011b\u0161en\u00ed asi 100 000 karaba\u0161sk\u00fdch Arm\u00e9n\u016f, aby se dobrovoln\u011b p\u0159est\u011bhovali do Arm\u00e9nie.<\/span><\/p>\n<p><span>\u00da\u010delem vyprovokov\u00e1n\u00ed tohoto rozs\u00e1hl\u00e9ho popula\u010dn\u00edho toku bylo vyu\u017e\u00edt tyto takzvan\u00e9 \u201e\u00a0<\/span><a href=\"http:\/\/calhoun.nps.edu\/bitstream\/handle\/10945\/11515\/SI_V9_I1_2010_Greenhill_116.pdf\" rel=\"\"><span>zbran\u011b masov\u00e9 migrace\u00a0<\/span><\/a><span>\u201c k n\u00e1tlaku na arm\u00e9nskou vl\u00e1du, aby bu\u010f dokon\u010dila sv\u016fj proz\u00e1padn\u00ed protirusk\u00fd st\u0159ed pot\u00e9, co se zd\u00e1lo, \u017ee za\u010d\u00edn\u00e1 b\u00fdt chladnokrevn\u00e1, nebo ji nahradila. v barevn\u00e9 revoluci, pokud odm\u00edtne.\u00a0Tento pl\u00e1n st\u00e1le prob\u00edh\u00e1, ale v p\u0159\u00edpad\u011b, \u017ee bude \u00fasp\u011b\u0161n\u011b realizov\u00e1n a nebude kompenzov\u00e1n skute\u010dn\u011b vlastenecko-multipol\u00e1rn\u00ed revoluc\u00ed, pak se Arm\u00e9nie pravd\u011bpodobn\u011b st\u00e1hne z Ruskem veden\u00e9 CSTO.<\/span><\/p>\n<p><a href=\"https:\/\/tass.com\/politics\/1683443\" rel=\"\"><span>Ministr zahrani\u010d\u00ed Sergej Lavrov ji\u017e s t\u00edmto sc\u00e9n\u00e1\u0159em uzav\u0159el m\u00edr pot\u00e9, co jej ned\u00e1vno ozna\u010dil za \u201e suver\u00e9nn\u00ed volbu \u201c\u00a0<\/span><\/a><span>t\u00e9to zem\u011b\u00a0<\/span><span>, ale region\u00e1ln\u00ed d\u016fsledky z\u016fstanou zvl\u00e1dnuteln\u00e9, pokud NATO n\u00e1sledn\u011b nebude m\u00edt spolehliv\u00fd p\u0159\u00edstup do Arm\u00e9nie.\u00a0V tom spo\u010d\u00edv\u00e1 obnoven\u00fd strategick\u00fd v\u00fdznam Gruzie, proto\u017ee jej\u00ed pragmatick\u00e1 konzervativn\u011b-nacionalistick\u00e1 vl\u00e1da pravd\u011bpodobn\u011b neusnadn\u00ed mocenskou hru tohoto bloku, ergo pro\u010d je c\u00edlem jeho odstran\u011bn\u00ed znovu a tak\u00e9 v tuto konkr\u00e9tn\u00ed dobu.<\/span><\/p>\n<p><span>Se\u010dteno a podtr\u017eeno, hroz\u00edc\u00ed odchod Arm\u00e9nie z CSTO nebude podstatn\u00fd, pokud k n\u011bmu NATO nezajist\u00ed spolehliv\u00fd p\u0159\u00edstup p\u0159es Gruzii, ale neo\u010dek\u00e1v\u00e1 se, \u017ee by \u00fa\u0159aduj\u00edc\u00ed \u00fa\u0159ady t\u00e9to zem\u011b souhlasily.\u00a0Proto se p\u0159ipravuje dal\u0161\u00ed kolo nepokoj\u016f o barevn\u00e9 revoluci pod z\u00e1minkou \u201eprotestu\u201c proti procesu impeachmentu liber\u00e1ln\u011b-globalistick\u00e9ho prezidenta.\u00a0Pokud Z\u00e1pad zv\u00edt\u011bz\u00ed, pak by se na ji\u017en\u00edm Kavkaze mohla otev\u0159\u00edt druh\u00e1 fronta proti Rusku, a proto je nutn\u00e9, aby tato nejnov\u011bj\u0161\u00ed mocensk\u00e1 hra selhala. \u00a0\u00a0<\/span><\/p>\n<div class=\"subscribe-widget\" data-component-name=\"SubscribeWidget\">\n<div class=\"pencraft frontend-pencraft-Box-module__reset--VfQY8 frontend-pencraft-Box-module__display-flex--ZqeZt frontend-pencraft-Box-module__flex-justify-center--SQPji\">\n<div class=\"frontend-components-free_email_form-module__container--OfBh4\">\n<form class=\"form frontend-components-free_email_form-module__form--LDIzl\" action=\"https:\/\/korybko.substack.com\/api\/v1\/free?nojs=true\" method=\"post\" novalidate=\"\">\n<div class=\"frontend-components-free_email_form-module__sideBySideWrap--yhsgv\"><a href=\"https:\/\/korybko.substack.com\/p\/armenias-impending-defection-from\">Andrew Korybko, PhD<\/a><\/div>\n<div>\n<img decoding=\"async\" loading=\"lazy\" class=\"alignnone  wp-image-22017\" src=\"http:\/\/www.infokuryr.cz\/n\/wp-content\/uploads\/2023\/01\/andrew-korybko-300x300.jpg\" alt=\"\" width=\"224\" height=\"224\" srcset=\"https:\/\/www.infokuryr.cz\/n\/wp-content\/uploads\/2023\/01\/andrew-korybko-300x300.jpg 300w, https:\/\/www.infokuryr.cz\/n\/wp-content\/uploads\/2023\/01\/andrew-korybko-150x150.jpg 150w, https:\/\/www.infokuryr.cz\/n\/wp-content\/uploads\/2023\/01\/andrew-korybko.jpg 400w\" sizes=\"(max-width: 224px) 100vw, 224px\" \/><\/div>\n<div><\/div>\n<div><\/div>\n<div><a href=\"https:\/\/stranapro.cz\/\"><img decoding=\"async\" loading=\"lazy\" class=\"wp-image-30218 aligncenter\" src=\"http:\/\/www.infokuryr.cz\/n\/wp-content\/uploads\/2023\/06\/PRO-banner-300x36.png\" alt=\"\" width=\"1358\" height=\"163\" srcset=\"https:\/\/www.infokuryr.cz\/n\/wp-content\/uploads\/2023\/06\/PRO-banner-300x36.png 300w, https:\/\/www.infokuryr.cz\/n\/wp-content\/uploads\/2023\/06\/PRO-banner-768x93.png 768w, https:\/\/www.infokuryr.cz\/n\/wp-content\/uploads\/2023\/06\/PRO-banner.png 849w\" sizes=\"(max-width: 1358px) 100vw, 1358px\" \/><\/a><\/div>\n<div><\/div>\n<div><\/div>\n<div><\/div>\n<div><\/div>\n<\/form>\n<\/div>\n<\/div>\n<\/div>\n","protected":false},"excerpt":{"rendered":"<p>Bl\u00ed\u017e\u00edc\u00ed se odchod Arm\u00e9nie z CSTO nebude podstatn\u00fd, pokud k n\u00ed NATO nezajist\u00ed spolehliv\u00fd p\u0159\u00edstup&#8230;<\/p>\n","protected":false},"author":2,"featured_media":37618,"comment_status":"closed","ping_status":"closed","sticky":false,"template":"","format":"standard","meta":[],"categories":[7],"tags":[1042,1730,381,37],"_links":{"self":[{"href":"https:\/\/www.infokuryr.cz\/n\/wp-json\/wp\/v2\/posts\/37617"}],"collection":[{"href":"https:\/\/www.infokuryr.cz\/n\/wp-json\/wp\/v2\/posts"}],"about":[{"href":"https:\/\/www.infokuryr.cz\/n\/wp-json\/wp\/v2\/types\/post"}],"author":[{"embeddable":true,"href":"https:\/\/www.infokuryr.cz\/n\/wp-json\/wp\/v2\/users\/2"}],"replies":[{"embeddable":true,"href":"https:\/\/www.infokuryr.cz\/n\/wp-json\/wp\/v2\/comments?post=37617"}],"version-history":[{"count":0,"href":"https:\/\/www.infokuryr.cz\/n\/wp-json\/wp\/v2\/posts\/37617\/revisions"}],"wp:featuredmedia":[{"embeddable":true,"href":"https:\/\/www.infokuryr.cz\/n\/wp-json\/wp\/v2\/media\/37618"}],"wp:attachment":[{"href":"https:\/\/www.infokuryr.cz\/n\/wp-json\/wp\/v2\/media?parent=37617"}],"wp:term":[{"taxonomy":"category","embeddable":true,"href":"https:\/\/www.infokuryr.cz\/n\/wp-json\/wp\/v2\/categories?post=37617"},{"taxonomy":"post_tag","embeddable":true,"href":"https:\/\/www.infokuryr.cz\/n\/wp-json\/wp\/v2\/tags?post=37617"}],"curies":[{"name":"wp","href":"https:\/\/api.w.org\/{rel}","templated":true}]}}