{"id":37616,"date":"2023-10-06T01:08:44","date_gmt":"2023-10-05T23:08:44","guid":{"rendered":"http:\/\/www.infokuryr.cz\/n\/?p=37616"},"modified":"2023-10-05T15:00:20","modified_gmt":"2023-10-05T13:00:20","slug":"jiri-vyvadil-podpora-ukrajine-oslabuje-uz-i-na-slovensku","status":"publish","type":"post","link":"https:\/\/www.infokuryr.cz\/n\/2023\/10\/06\/jiri-vyvadil-podpora-ukrajine-oslabuje-uz-i-na-slovensku\/","title":{"rendered":"Ji\u0159\u00ed Vyvadil: Podpora Ukrajin\u011b oslabuje, u\u017e i na Slovensku"},"content":{"rendered":"<div id=\"fb-root\"><\/div>\n<p><span style=\"font-size: 12pt;\"><strong>To, \u017ee ameri\u010dt\u00ed republik\u00e1ni, nav\u00e1zan\u00ed na politiku Donalda Trumpa jsou ost\u0159e proti finan\u010dn\u00ed a materi\u00e1ln\u00ed podpo\u0159e Ukrajiny v\u00ed snad ka\u017ed\u00fd, kdo jen \u010d\u00e1ste\u010dn\u011b sleduje, co se d\u011bje ve sv\u011bt\u011b a nepochybn\u011b je to rozhoduj\u00edc\u00ed moment pro mo\u017en\u00e9 ukon\u010den\u00ed konfliktu na Ukrajin\u011b a zklidn\u011bn\u00ed mezin\u00e1rodn\u00ed situace.<\/strong><\/span><\/p>\n<p>Mus\u00edm se opakovat. Ale u USA plat\u00ed \u2013 bohud\u00edk \u2013 \u017ee jeden polo\u0161\u00edlen\u00fd prezident, kter\u00fd chce vyhr\u00e1t nejbli\u017e\u0161\u00ed kolo voleb agresivn\u00ed a\u00a0 zpravidla nelegitimn\u00ed v\u00e1lku\u00a0 zapo\u010dne a jeho n\u00e1stupci se naopak sna\u017e\u00ed ji ukon\u010dit. K jest\u0159\u00e1b\u016fm pat\u0159il zejm\u00e9na Bush jr. kter\u00fd zah\u00e1jil dv\u011b \u201e nekone\u010dn\u00e9 a nelegitimn\u00ed v\u00e1lky\u201c v Afgh\u00e1nist\u00e1nu i Ir\u00e1ku, kter\u00e9 m\u011bl\u00e9 za n\u00e1sledek obrovsk\u00e9 ztr\u00e1ty na \u017eivotech a ob\u011b tyto v\u00e1lky n\u00e1sledn\u011b ukon\u010dovali jak Obama, tak je\u0161t\u011b energi\u010dt\u011bji Trump.<\/p>\n<p>P\u0159esto pro sv\u011bt nejnebezpe\u010dn\u011bj\u0161\u00ed\u00a0 p\u0159edstavuje dne\u0161n\u00ed sice zd\u00e1nliv\u011b ne tak z\u00e1va\u017en\u00e1 hybridn\u00ed a Bidenova v\u00e1lka proti Rusku, kdy poprv\u00e9 USA poru\u0161ili nepsanou historickou\u00a0 dohodu, \u017ee vyvolat konflikt s Ruskem, tedy v\u00edt\u011bzem 2. sv\u011btov\u00e9 v\u00e1lky je element\u00e1rn\u00edm poru\u0161en\u00edm samotn\u00e9 bezpe\u010dnosti USA, proto\u017ee ve vit\u00e1ln\u00edch v\u00e1lk\u00e1ch t\u00fdkaj\u00edc\u00edch se samotn\u00e9 existence samotn\u00e9ho Ruska, se Rusko bude br\u00e1nit t\u0159eba desetilet\u00ed konven\u010dn\u011b i nekonven\u010dn\u011b a USA nemohou zv\u00edt\u011bzit. A bylo rovn\u011b\u017e od po\u010d\u00e1tku jasn\u00e9, \u017ee to nakonec budou muset b\u00fdt USA, jej\u00ed\u017e prezident, a\u0165 ji\u017e\u00a0 jak\u00fdkoliv ji rovn\u011b\u017e bude muset\u00a0 ze sebez\u00e1chovn\u00fdch d\u016fvod\u016f ukon\u010dit.<\/p>\n<p>Mnoz\u00ed p\u0159edv\u00eddali v\u010detn\u011b autora t\u011bchto \u0159\u00e1dk\u016f, \u017ee takov\u00fd bude v\u00fdvoj postupn\u00fdm n\u00e1vratem Donalda Trumpa, kter\u00fd, a\u0165 ji\u017e byl jak\u00fdkoliv, byl principi\u00e1ln\u00edm odp\u016frcem v\u00e1lek, kter\u00fdch se \u00fa\u010dastn\u00ed USA a proti Rusku zvl\u00e1\u0161t\u011b.<\/p>\n<p>V\u011bci postupn\u011b dozr\u00e1vaj\u00ed a USA nar\u00e1\u017eej\u00ed na st\u00e1le v\u011bt\u0161\u00ed probl\u00e9my pokra\u010dov\u00e1n\u00ed v t\u00e9to v\u00e1lce, kde jako hybridn\u00edho a ochotn\u00e9ho \u017eold\u00e1ka vyu\u017e\u00edvaj\u00ed Ukrajinu\u2026<\/p>\n<p><a href=\"https:\/\/stranapro.cz\/\"><img decoding=\"async\" loading=\"lazy\" class=\"wp-image-30218 aligncenter\" src=\"http:\/\/www.infokuryr.cz\/n\/wp-content\/uploads\/2023\/06\/PRO-banner-300x36.png\" alt=\"\" width=\"1367\" height=\"164\" srcset=\"https:\/\/www.infokuryr.cz\/n\/wp-content\/uploads\/2023\/06\/PRO-banner-300x36.png 300w, https:\/\/www.infokuryr.cz\/n\/wp-content\/uploads\/2023\/06\/PRO-banner-768x93.png 768w, https:\/\/www.infokuryr.cz\/n\/wp-content\/uploads\/2023\/06\/PRO-banner.png 849w\" sizes=\"(max-width: 1367px) 100vw, 1367px\" \/><\/a><\/p>\n<p>Ty dne\u0161n\u00ed probl\u00e9my s dal\u0161\u00edm financov\u00e1n\u00edm v\u00e1lky, kter\u00e9 sledujeme ve Sn\u011bmovn\u011b reprezentant\u016f, kdy bezprecedentn\u011b poprv\u00e9 v historii\u00a0 vlastn\u00ed strani\u010dt\u00ed rebelov\u00e9\u00a0 vyvolali\u00a0 p\u00e1d sv\u00e9ho mluv\u010d\u00edho \u2013 republik\u00e1na to dokazuj\u00ed<\/p>\n<p>Nechme ale USA te\u010f stranou\u2026<\/p>\n<p>I v Evrop\u011b nastal razantn\u00ed odklon od jednozna\u010dn\u00e9 podpory nap\u0159\u00edklad i nejv\u011bt\u0161\u00edho podporovatele v\u00e1lky proti Rusku \u2013 Polska kv\u016fli\u00a0 dod\u00e1vk\u00e1m ukrajinsk\u00e9ho\u00a0 obil\u00ed\u00a0 a dokonce zazn\u011blo, \u017ee Polsko p\u0159estane nad\u00e1le dod\u00e1vat na Ukrajinu zbran\u011b a soust\u0159ed\u00ed se na sv\u00e9 vlastn\u00ed vyzbrojov\u00e1n\u00ed. A mimochodem -politick\u00e9 \u00favahy dne\u0161n\u00edch p\u0159edstavitel\u016f EU o roz\u0161\u00ed\u0159en\u00ed\u00a0 EU o Ukrajinu\u00a0 jsou v p\u0159\u00edkr\u00e9m rozporu s ekonomick\u00fdmi z\u00e1jmy Polska, s jeho z\u00e1jmy, proto\u017ee Ukrajina by se stala obratem nejv\u011bt\u0161\u00ed obilnic\u00ed EU.<\/p>\n<p>Dnes p\u0159ekvapiv\u011b prezidentka \u010caputov\u00e1 stopla dal\u0161\u00ed vojenskou pomoc pro Ukrajinu a\u010d st\u00e1vaj\u00edc\u00ed slovensk\u00e9 ministerstvo obrany zva\u017eovalo poskytnut\u00ed dal\u0161\u00edho bal\u00edku vojensk\u00e9 pomoci Ukrajin\u011b. je\u0161t\u011b b\u011bhem fungov\u00e1n\u00ed \u00fa\u0159ednick\u00e9 vl\u00e1dy \u013dudov\u00edta \u00d3dora. Podle prezidentky je pot\u0159eba v t\u00e9to ot\u00e1zce respektovat v\u00fdsledky slovensk\u00fdch parlamentn\u00edch voleb, v nich\u017e zv\u00edt\u011bzil Sm\u011br Roberta Fica, kter\u00fd voli\u010d\u016fm sliboval, \u017ee Kyjevu nepo\u0161le u\u017e \u201eani n\u00e1boj\u201c, podot\u00fdk\u00e1 Denn\u00edk N.<\/p>\n<p>\u201eV\u0161echny politick\u00e9 strany, kter\u00e9 dnes na z\u00e1klad\u011b pov\u011b\u0159en\u00ed jednaj\u00ed o nov\u00e9 vl\u00e1d\u011b, takovou pomoc jednozna\u010dn\u011b odm\u00edtaj\u00ed. V t\u00e9to situaci rozhodnout o poskytnut\u00ed vojensk\u00e9ho materi\u00e1lu by nebyl dobr\u00fd precedens p\u0159i zm\u011bn\u011b politick\u00e9 moci po jak\u00fdchkoli volb\u00e1ch. Dnes ani v budoucnu,\u201c uvedl mluv\u010d\u00ed hlavy st\u00e1tu Martin Stri\u017einec.<\/p>\n<p>Obratu na Slovensku si v\u0161\u00edmaj\u00ed ukrajinsk\u00e1 m\u00e9dia. Podle expert\u016f citovan\u00fdch agenturou Unian \u201eodklon Bratislavy od podpory Kyjeva nesn\u00ed\u017e\u00ed celkov\u00fd po\u010det zbran\u00ed sm\u011b\u0159uj\u00edc\u00edch na Ukrajinu, ale pos\u00edl\u00ed protiukrajinsk\u00e9 hlasy v Evrop\u011b,\u201c napsala ukrajinsk\u00e1 agentura.<\/p>\n<p><a href=\"https:\/\/vasevec.info\/vip-blogy\/podpora-ukrajine-oslabuje-uz-i-na-slovensku\">Ji\u0159\u00ed Vyvadil<\/a><\/p>\n<p><img decoding=\"async\" loading=\"lazy\" class=\"alignnone size-medium wp-image-16474\" src=\"http:\/\/www.infokuryr.cz\/n\/wp-content\/uploads\/2022\/10\/jiri-vyvadil-300x200.jpg\" alt=\"\" width=\"300\" height=\"200\" srcset=\"https:\/\/www.infokuryr.cz\/n\/wp-content\/uploads\/2022\/10\/jiri-vyvadil-300x200.jpg 300w, https:\/\/www.infokuryr.cz\/n\/wp-content\/uploads\/2022\/10\/jiri-vyvadil-768x512.jpg 768w, https:\/\/www.infokuryr.cz\/n\/wp-content\/uploads\/2022\/10\/jiri-vyvadil.jpg 800w\" sizes=\"(max-width: 300px) 100vw, 300px\" \/><\/p>\n<p>&nbsp;<\/p>\n<p>&nbsp;<\/p>\n","protected":false},"excerpt":{"rendered":"<p>To, \u017ee ameri\u010dt\u00ed republik\u00e1ni, nav\u00e1zan\u00ed na politiku Donalda Trumpa jsou ost\u0159e proti finan\u010dn\u00ed a materi\u00e1ln\u00ed&#8230;<\/p>\n","protected":false},"author":2,"featured_media":36733,"comment_status":"closed","ping_status":"closed","sticky":false,"template":"","format":"standard","meta":[],"categories":[6],"tags":[45,29,26],"_links":{"self":[{"href":"https:\/\/www.infokuryr.cz\/n\/wp-json\/wp\/v2\/posts\/37616"}],"collection":[{"href":"https:\/\/www.infokuryr.cz\/n\/wp-json\/wp\/v2\/posts"}],"about":[{"href":"https:\/\/www.infokuryr.cz\/n\/wp-json\/wp\/v2\/types\/post"}],"author":[{"embeddable":true,"href":"https:\/\/www.infokuryr.cz\/n\/wp-json\/wp\/v2\/users\/2"}],"replies":[{"embeddable":true,"href":"https:\/\/www.infokuryr.cz\/n\/wp-json\/wp\/v2\/comments?post=37616"}],"version-history":[{"count":0,"href":"https:\/\/www.infokuryr.cz\/n\/wp-json\/wp\/v2\/posts\/37616\/revisions"}],"wp:featuredmedia":[{"embeddable":true,"href":"https:\/\/www.infokuryr.cz\/n\/wp-json\/wp\/v2\/media\/36733"}],"wp:attachment":[{"href":"https:\/\/www.infokuryr.cz\/n\/wp-json\/wp\/v2\/media?parent=37616"}],"wp:term":[{"taxonomy":"category","embeddable":true,"href":"https:\/\/www.infokuryr.cz\/n\/wp-json\/wp\/v2\/categories?post=37616"},{"taxonomy":"post_tag","embeddable":true,"href":"https:\/\/www.infokuryr.cz\/n\/wp-json\/wp\/v2\/tags?post=37616"}],"curies":[{"name":"wp","href":"https:\/\/api.w.org\/{rel}","templated":true}]}}