{"id":37590,"date":"2023-10-05T07:21:17","date_gmt":"2023-10-05T05:21:17","guid":{"rendered":"http:\/\/www.infokuryr.cz\/n\/?p=37590"},"modified":"2023-10-05T07:30:17","modified_gmt":"2023-10-05T05:30:17","slug":"michael-svatos-jihoamericti-fasiste-zavili-nepratele-putina-vcera-analyzovali-ze-jeho-valecna-strategie-s-na-porazku-ukrajiny-slavi-uspechy","status":"publish","type":"post","link":"https:\/\/www.infokuryr.cz\/n\/2023\/10\/05\/michael-svatos-jihoamericti-fasiste-zavili-nepratele-putina-vcera-analyzovali-ze-jeho-valecna-strategie-s-na-porazku-ukrajiny-slavi-uspechy\/","title":{"rendered":"Michael Svato\u0161: Jihoameri\u010dt\u00ed fa\u0161ist\u00e9, zavil\u00ed nep\u0159\u00e1tel\u00e9 Putina, v\u010dera analyzovali, \u017ee jeho v\u00e1le\u010dn\u00e1 strategie \u201cS\u201d na por\u00e1\u017eku Ukrajiny slav\u00ed \u00fasp\u011bchy!"},"content":{"rendered":"<div id=\"fb-root\"><\/div>\n<h4 class=\"post-title entry-title\"><span style=\"font-size: 14pt;\">Jihoameri\u010dt\u00ed fa\u0161ist\u00e9, zavil\u00ed nep\u0159\u00e1tel\u00e9 Putina, v\u010dera analyzovali, \u017ee jeho v\u00e1le\u010dn\u00e1 strategie \u201cS\u201d na por\u00e1\u017eku Ukrajiny slav\u00ed \u00fasp\u011bchy! Podle fa\u0161ist\u016f Rusov\u00e9 p\u0159e\u0161li na \u0159ad\u011b \u00fasek\u016f fronty k \u00fatok\u016fm!<\/span><\/h4>\n<p>Pucara, sever jihoamerick\u00fdch fa\u0161ist\u016f a velmi dobr\u00fdch vojensk\u00fdch analytik\u016f, kte\u0159\u00ed se netaj\u00ed svou nen\u00e1vist\u00ed ke v\u0161emu rusk\u00e9mu, a kte\u0159\u00ed jednozna\u010dn\u011b stoj\u00ed na stran\u011b Ukrajiny,\u00a0<a href=\"https:\/\/www.pucara.org\/post\/guerra-de-ucrania-d%C3%ADa-588\">v\u010dera potvrdil, \u017ee rusk\u00e1 vojska zah\u00e1jila \u201ctot\u00e1ln\u00ed protiofenz\u00edvu\u201d<\/a>\u00a0proti bok\u016fm ukrajinsk\u00e9 hlavn\u00ed \u00fato\u010dn\u00e9 formace, kter\u00e1 se mezi vesnicemi \u0420\u0430\u0431\u043e\u0442\u0438\u043d\u043e a \u0412\u0435\u0440\u0431\u043e\u0432\u043e\u0435 u\u017e n\u011bkolik m\u011bs\u00edc\u016f marn\u011b sna\u017e\u00ed prorazit ruskou obranu! C\u00edlem tot\u00e1ln\u00ed protiofenz\u00edvy rusk\u00fdch sil m\u00e1 b\u00fdt pokus o obkl\u00ed\u010den\u00ed ukrajinsk\u00fdch vojsk, kter\u00e1 se mezi vesnicemi, \u0420\u0430\u0431\u043e\u0442\u0438\u043d\u043e a \u0412\u0435\u0440\u0431\u043e\u0432\u043e\u0435, v p\u016floblouku sm\u011b\u0159uj\u00edc\u00edm na jih, nahromadila. Rusk\u00e9 jednotky, kter\u00e9 v\u010dera zah\u00e1jily \u00fatoky do bok\u016f t\u011bchto ukrajinsk\u00fdch vojsk, jsou \u010derstv\u00e9 elitn\u00ed jednotky ze strategick\u00e9 z\u00e1lohy nejvy\u0161\u0161\u00edho rusk\u00e9ho velen\u00ed. Podle jihoamerick\u00fdch fa\u0161ist\u016f, ze Z\u00e1padu ve sm\u011bru Novoprokopivka \u2013 \u0420\u0430\u0431\u043e\u0442\u0438\u043d\u043e \u2013 \u00fato\u010d\u00ed 76. v\u00fdsadkov\u00e1 divize pos\u00edlen\u00e1 dv\u011bma motost\u0159eleck\u00fdmi pluky, (70. a 1429.). Z v\u00fdchodu ve sm\u011bru Novoprokopivka \u2013 \u0412\u0435\u0440\u0431\u043e\u0432\u043ee \u00fato\u010d\u00ed 7. v\u00fdsadkov\u00e1 divize a 22. Specnaz! Krom\u011b 70. pluku, kter\u00fd je sou\u010d\u00e1st\u00ed 58. arm\u00e1dy, kter\u00e9 v oblasti sv\u00e1d\u00ed u\u017e n\u011bkolik m\u011bs\u00edc\u016f krut\u00e9 boje s vojsky kyjevsk\u00e9 soldatesky, jsou v\u0161echny ostatn\u00ed rusk\u00e9 jednotky \u201celitn\u00ed\u201d, a jsou sou\u010d\u00e1st\u00ed strategick\u00e9 z\u00e1lohy moskevsk\u00e9ho Gosudara. Podle hl\u00e1\u0161en\u00ed fa\u0161ist\u016f je situace v prostoru obou soust\u0159edn\u00fdch rusk\u00fdch \u00fatok\u016f nep\u0159ehledn\u00e1, a nen\u00ed jasn\u00e9, jak \u00fatok dopadne, ani co p\u0159esn\u011b Rusov\u00e9 \u00fatokem zam\u00fd\u0161lej\u00ed. Bu\u010f pl\u00e1nuj\u00ed uzav\u0159\u00edt ukrajinsk\u00e9 \u010deln\u00ed jednotky v pytli, a zlikvidovat je, nebo proti\u00fatokem do jejich bok\u016f se sna\u017e\u00ed, aby Ukrajinci nemohli pokra\u010dovat ve sv\u00e9m \u010deln\u00edm \u00fatoku! Jak rusk\u00fd \u00fatok dopadne se teprve uk\u00e1\u017ee, ale jde o prvn\u00ed v\u00e1\u017en\u00e9 rusk\u00e9 \u00fatoky v\u011bt\u0161\u00edho rozsahu od konce Prigo\u017einovy ofenz\u00edvy na ja\u0159e leto\u0161n\u00edho roku!\u00a0<a href=\"https:\/\/www.pucara.org\/post\/guerra-de-ucrania-d%C3%ADas-586-a-587\">Podle dal\u0161\u00edch hl\u00e1\u0161en\u00ed fa\u0161ist\u016f<\/a>, za\u010dala u\u017e p\u0159edev\u010d\u00edrem Gosudarova vojska \u00fato\u010dit i severn\u011b a ji\u017en\u011b od Bachmutu! Tam se zat\u00edm Ukrajinc\u016fm poda\u0159ilo frontu udr\u017eet! (Rusk\u00e1 mapa, kter\u00e1 ve v\u00fdseku ukazuje situaci v oblasti Novoprokopivka ze 3.10.2023.)<\/p>\n<p><img decoding=\"async\" loading=\"lazy\" class=\"wp-image-6277 aligncenter\" src=\"https:\/\/www.michalapetr.com\/wp-content\/uploads\/2023\/10\/photo_2023-10-05_03-31-53.jpg\" sizes=\"(max-width: 1280px) 100vw, 1280px\" srcset=\"https:\/\/www.michalapetr.com\/wp-content\/uploads\/2023\/10\/photo_2023-10-05_03-31-53.jpg 1280w, https:\/\/www.michalapetr.com\/wp-content\/uploads\/2023\/10\/photo_2023-10-05_03-31-53-300x212.jpg 300w, https:\/\/www.michalapetr.com\/wp-content\/uploads\/2023\/10\/photo_2023-10-05_03-31-53-1030x727.jpg 1030w, https:\/\/www.michalapetr.com\/wp-content\/uploads\/2023\/10\/photo_2023-10-05_03-31-53-768x542.jpg 768w, https:\/\/www.michalapetr.com\/wp-content\/uploads\/2023\/10\/photo_2023-10-05_03-31-53-705x497.jpg 705w, https:\/\/www.michalapetr.com\/wp-content\/uploads\/2023\/10\/photo_2023-10-05_03-31-53-450x317.jpg 450w\" alt=\"\" width=\"1131\" height=\"798\" \/><\/p>\n<p>&nbsp;<\/p>\n<p>\u017de rusk\u00e1 vojska v\u010dera p\u0159e\u0161la do \u00fatok\u016f i na dal\u0161\u00edch m\u00edstech fronty je z\u0159ejm\u00e9 z rusk\u00fdch telegramov\u00fdch hl\u00e1\u0161en\u00ed. Podle nich rusk\u00e9 jednotky v\u010dera zah\u00e1jily \u00fatok i v\u00fdchodn\u011b od vesnic \u0420\u0430\u0431\u043e\u0442\u0438\u043d\u043e a \u0412\u0435\u0440\u0431\u043e\u0432\u043e\u0435, a za\u010daly se prob\u00edjet sm\u011brem na sever, do t\u00fdlu Bachmutsko-Don\u011bck\u00e9ho uskupen\u00ed vojsk soldatesky.\u00a0<a href=\"https:\/\/t.me\/swodki\/308564\">Podle rusk\u00fdch no\u010dn\u00edch hl\u00e1\u0161en\u00ed<\/a>\u00a0se Gosudarov\u00fdm vojsk\u016fm poda\u0159ilo jen za v\u010derej\u0161\u00ed den postoupit o n\u011bkolik set metr\u016f na sever, a zahnat ukrajinsk\u00e9 jednotky na tomto sm\u011bru na \u00fat\u011bk! (Viz Mapa dole.)<\/p>\n<p><img decoding=\"async\" loading=\"lazy\" class=\"wp-image-6276 aligncenter\" src=\"https:\/\/www.michalapetr.com\/wp-content\/uploads\/2023\/10\/photo_2023-10-05_03-28-05.jpg\" sizes=\"(max-width: 1280px) 100vw, 1280px\" srcset=\"https:\/\/www.michalapetr.com\/wp-content\/uploads\/2023\/10\/photo_2023-10-05_03-28-05.jpg 1280w, https:\/\/www.michalapetr.com\/wp-content\/uploads\/2023\/10\/photo_2023-10-05_03-28-05-300x190.jpg 300w, https:\/\/www.michalapetr.com\/wp-content\/uploads\/2023\/10\/photo_2023-10-05_03-28-05-1030x653.jpg 1030w, https:\/\/www.michalapetr.com\/wp-content\/uploads\/2023\/10\/photo_2023-10-05_03-28-05-768x487.jpg 768w, https:\/\/www.michalapetr.com\/wp-content\/uploads\/2023\/10\/photo_2023-10-05_03-28-05-705x447.jpg 705w, https:\/\/www.michalapetr.com\/wp-content\/uploads\/2023\/10\/photo_2023-10-05_03-28-05-450x285.jpg 450w\" alt=\"\" width=\"941\" height=\"596\" \/><\/p>\n<p>Podle jihoamerick\u00fdch fa\u0161ist\u016f, Putin t\u011bmito sv\u00fdmi posledn\u00edmi \u00fatoky z\u00edsk\u00e1v\u00e1 \u010das, aby se jeho jednotky mohly dob\u0159e opevnit a p\u0159ipravit na druh\u00e9 obrann\u00e9 linii gener\u00e1la Surovikina. Pod\u00e9l cel\u00e9 druh\u00e9 linie nyn\u00ed Rusov\u00e9 pokl\u00e1daj\u00ed nov\u00e1 rozs\u00e1hl\u00e1 minov\u00e1 pole, a hloub\u00ed p\u0159\u00edkopy. Podle fa\u0161ist\u016f, se Putin st\u00e1le \u0159\u00edd\u00ed sv\u00fdm opera\u010dn\u00edm pl\u00e1nem \u201cS\u201d, jeho\u017e c\u00edlem je v \u00faporn\u00fdch obrann\u00fdch boj\u00edch demoralizovat voj\u00e1ky soldatesky, zp\u016fsobit jim t\u011b\u017ek\u00e9 ztr\u00e1ty, a s ofenz\u00edvou \u010dekat, a\u017e USA\/NATO dojdou ve skladech munice, i zbran\u011b, a USA\/EU dojdou pen\u00edze. Podle fa\u0161ist\u016f se Gosudarovi v posledn\u00edch dnech poda\u0159ilo ovlivnit ve sv\u016fj prosp\u011bch politiku jak v USA, tak i na Slovensku! A zd\u00e1 se tak, \u017ee pl\u00e1n \u201cS\u201d je cesta k rusk\u00e9mu v\u00edt\u011bzstv\u00ed!<\/p>\n<p><a href=\"https:\/\/www.michalapetr.com\/map-1799-jihoamericti-fasiste-zavili-nepratele-putina-vcera-analyzovali-ze-jeho-valecna-strategie-s-na-porazku-ukrajiny-slavi-uspechy-podle-fasistu-rusove-presli-na-rade-useku-fronty-k-utokum\/\">Michael Svato\u0161<\/a><\/p>\n<p><img decoding=\"async\" loading=\"lazy\" class=\"alignnone size-full wp-image-27204\" src=\"http:\/\/www.infokuryr.cz\/n\/wp-content\/uploads\/2023\/05\/Michael_Svatos.png\" alt=\"\" width=\"180\" height=\"180\" srcset=\"https:\/\/www.infokuryr.cz\/n\/wp-content\/uploads\/2023\/05\/Michael_Svatos.png 180w, https:\/\/www.infokuryr.cz\/n\/wp-content\/uploads\/2023\/05\/Michael_Svatos-150x150.png 150w\" sizes=\"(max-width: 180px) 100vw, 180px\" \/><\/p>\n<p>&nbsp;<\/p>\n<p><a href=\"https:\/\/stranapro.cz\/\"><img decoding=\"async\" loading=\"lazy\" class=\"wp-image-30218 aligncenter\" src=\"http:\/\/www.infokuryr.cz\/n\/wp-content\/uploads\/2023\/06\/PRO-banner-300x36.png\" alt=\"\" width=\"1367\" height=\"164\" srcset=\"https:\/\/www.infokuryr.cz\/n\/wp-content\/uploads\/2023\/06\/PRO-banner-300x36.png 300w, https:\/\/www.infokuryr.cz\/n\/wp-content\/uploads\/2023\/06\/PRO-banner-768x93.png 768w, https:\/\/www.infokuryr.cz\/n\/wp-content\/uploads\/2023\/06\/PRO-banner.png 849w\" sizes=\"(max-width: 1367px) 100vw, 1367px\" \/><\/a><\/p>\n<p>&nbsp;<\/p>\n<p>&nbsp;<\/p>\n<p>&nbsp;<\/p>\n","protected":false},"excerpt":{"rendered":"<p>Jihoameri\u010dt\u00ed fa\u0161ist\u00e9, zavil\u00ed nep\u0159\u00e1tel\u00e9 Putina, v\u010dera analyzovali, \u017ee jeho v\u00e1le\u010dn\u00e1 strategie \u201cS\u201d na por\u00e1\u017eku Ukrajiny&#8230;<\/p>\n","protected":false},"author":2,"featured_media":19728,"comment_status":"closed","ping_status":"closed","sticky":false,"template":"","format":"standard","meta":[],"categories":[6],"tags":[1042,1917,1650,22,26],"_links":{"self":[{"href":"https:\/\/www.infokuryr.cz\/n\/wp-json\/wp\/v2\/posts\/37590"}],"collection":[{"href":"https:\/\/www.infokuryr.cz\/n\/wp-json\/wp\/v2\/posts"}],"about":[{"href":"https:\/\/www.infokuryr.cz\/n\/wp-json\/wp\/v2\/types\/post"}],"author":[{"embeddable":true,"href":"https:\/\/www.infokuryr.cz\/n\/wp-json\/wp\/v2\/users\/2"}],"replies":[{"embeddable":true,"href":"https:\/\/www.infokuryr.cz\/n\/wp-json\/wp\/v2\/comments?post=37590"}],"version-history":[{"count":0,"href":"https:\/\/www.infokuryr.cz\/n\/wp-json\/wp\/v2\/posts\/37590\/revisions"}],"wp:featuredmedia":[{"embeddable":true,"href":"https:\/\/www.infokuryr.cz\/n\/wp-json\/wp\/v2\/media\/19728"}],"wp:attachment":[{"href":"https:\/\/www.infokuryr.cz\/n\/wp-json\/wp\/v2\/media?parent=37590"}],"wp:term":[{"taxonomy":"category","embeddable":true,"href":"https:\/\/www.infokuryr.cz\/n\/wp-json\/wp\/v2\/categories?post=37590"},{"taxonomy":"post_tag","embeddable":true,"href":"https:\/\/www.infokuryr.cz\/n\/wp-json\/wp\/v2\/tags?post=37590"}],"curies":[{"name":"wp","href":"https:\/\/api.w.org\/{rel}","templated":true}]}}