{"id":37583,"date":"2023-10-05T06:47:02","date_gmt":"2023-10-05T04:47:02","guid":{"rendered":"http:\/\/www.infokuryr.cz\/n\/?p=37583"},"modified":"2023-10-05T06:47:02","modified_gmt":"2023-10-05T04:47:02","slug":"jindrich-kulhavy-politicka-prostituce","status":"publish","type":"post","link":"https:\/\/www.infokuryr.cz\/n\/2023\/10\/05\/jindrich-kulhavy-politicka-prostituce\/","title":{"rendered":"Jind\u0159ich Kulhav\u00fd: Politick\u00e1 prostituce"},"content":{"rendered":"<div id=\"fb-root\"><\/div>\n<p><span class=\"anotation\">Povolebn\u00ed jedn\u00e1n\u00ed se na Slovensku komplikuj\u00ed. V\u00edt\u011bzn\u00fd Smer i druh\u00e9 (opravdu?) Progres\u00edvne Slovensko jsou na n\u00e1mluv\u00e1ch u Pellegriniho Hlasu. Z\u00a0n\u011bj se stala velmi \u017e\u00e1dan\u00e1 nev\u011bsta. Je fascinuj\u00edc\u00ed, jak ego jednoho mu\u017ee m\u016f\u017ee rozhodovat o povolebn\u00edm uspo\u0159\u00e1d\u00e1n\u00ed cel\u00e9ho st\u00e1tu.<\/span><\/p>\n<div id=\"pagetext\">\n<p>\u00a0 Robert Fico vstal z\u00a0popela a vyhr\u00e1l volby na Slovensku i p\u0159es zna\u010dnou finan\u010dn\u00ed investici ze strany Progres\u00edvneho Slovenska do samotn\u00fdch voleb. Je to reakce Slov\u00e1k\u016f na sou\u010dasnou situaci a projev nespokojenosti s\u00a0trendem p\u0159edstavovan\u00fdm nap\u0159. \u010caputovou. O druh\u00e9m m\u00edst\u011b \u0160ime\u010dka si m\u016f\u017eeme myslet cokoliv, t\u0159et\u00ed Pellegrini, respektive jeho Hlas, m\u00e1 ideov\u011b bl\u00ed\u017ee sp\u00ed\u0161e ke Smeru. Kdysi byli l\u00edd\u0159i Smeru a Hlasu souputn\u00edky, kte\u0159\u00ed se tak n\u011bjak roze\u0161li. Moment\u00e1ln\u011b se v\u0161ak dostali do situace, kdy by spoluprac\u00ed mohli b\u00fdt Slovensku u\u017eite\u010dn\u00ed. Ot\u00e1zkou tedy z\u016fst\u00e1v\u00e1, zda li d\u011blaj\u00ed politiku pro lidi, nebo je jejich prioritou vlastn\u00ed prosp\u011bch. Bez vz\u00e1jemn\u00e9 dohody vl\u00e1dn\u00ed koalici nepostav\u00ed a v\u00a0z\u00e1kulis\u00ed jedn\u00e1n\u00ed se \u0161u\u0161k\u00e1 o tom, \u017ee by nakonec mohl b\u00fdt Pellegrini premi\u00e9rem, jeho\u017e post by z\u00edskal dohodou s\u00a0\u0160ime\u010dkou z\u00a0Progres\u00edvneho Slovenska. \u0160ime\u010dka m\u00e1 za \u00fakol nikoliv povzn\u00e9st svou zemi z\u00a0ekonomicko-politick\u00e9ho bahna, ale sp\u00ed\u0161e za ka\u017edou cenu zabr\u00e1nit Ficovi k\u00a0p\u0159evzet\u00ed vl\u00e1dy. A to i za cenu korupce Pellegriniho.<\/p>\n<p><a href=\"https:\/\/stranapro.cz\/\"><img decoding=\"async\" loading=\"lazy\" class=\"wp-image-30218 aligncenter\" src=\"http:\/\/www.infokuryr.cz\/n\/wp-content\/uploads\/2023\/06\/PRO-banner-300x36.png\" alt=\"\" width=\"1367\" height=\"164\" srcset=\"https:\/\/www.infokuryr.cz\/n\/wp-content\/uploads\/2023\/06\/PRO-banner-300x36.png 300w, https:\/\/www.infokuryr.cz\/n\/wp-content\/uploads\/2023\/06\/PRO-banner-768x93.png 768w, https:\/\/www.infokuryr.cz\/n\/wp-content\/uploads\/2023\/06\/PRO-banner.png 849w\" sizes=\"(max-width: 1367px) 100vw, 1367px\" \/><\/a><\/p>\n<p>Jsme tak sv\u011bdky uk\u00e1zky kup\u010den\u00ed. Stejn\u00e9 prob\u011bhlo u n\u00e1s v\u00a0dob\u011b, kdy vznikala P\u011btikoalice. Pir\u00e1ti s\u00a0minimem \u010dlen\u016f i hlas\u016f z\u00edskali d\u016fle\u017eit\u00e9 posty jen proto, \u017ee \u0161li do voleb se STAN. Podobn\u011b se dostala do funkce Pekarov\u00e1 Adamov\u00e1, jej\u00ed\u017e Top09 byla relativn\u011b m\u00e9n\u011b \u00fasp\u011b\u0161nou stranou na to, jakou z\u00edskala n\u00e1sledn\u011b moc. Cel\u00fd tento proces, kdy jsou uzav\u00edr\u00e1ny koalice za \u00fa\u010delem znemo\u017en\u011bn\u00ed n\u011bkomu jin\u00e9mu pod\u00edlet se na vl\u00e1d\u011b, je jakousi obdobou politick\u00e9 prostituce a mo\u017en\u00e9ho vyd\u00edr\u00e1n\u00ed. Myslet si na exklusivn\u00ed post p\u0159edsedy vl\u00e1dy ze t\u0159et\u00edho m\u00edsta je v\u00a0podstat\u011b drzost, proto\u017ee to pop\u00edr\u00e1 smysl voleb a zasti\u0148uje v\u016fli voli\u010d\u016f. Ale jak u\u017e d\u00e1vno v\u00edme, to politiky nezaj\u00edm\u00e1. Pro n\u011b je prioritou co nejpln\u011bj\u0161\u00ed vlastn\u00ed koryto a p\u0159idanou hodnotou je uspokojen\u00e9 ego.<\/p>\n<p>\u0158e\u0161en\u00edm v\u00fd\u0161e uveden\u00e9ho je syst\u00e9m dvou stran a jednoduch\u00fd zp\u016fsob rozd\u011blen\u00ed moci dle v\u011bt\u0161iny. \u010c\u00edm v\u00edce je stran, t\u00edm v\u011bt\u0161\u00ed je po\u010det ambici\u00f3zn\u00edch l\u00eddr\u016f neschopn\u00fdch se domluvit. K\u00a0\u010demu je n\u00e1m x politick\u00fdch subjekt\u016f, kdy\u017e se nen\u00ed schopna sej\u00edt ani opozice s\u00a0na\u0161tvanou ulic\u00ed? M\u00e1me tady ODS\u00a0 a Top09, kte\u0159\u00ed si vrkaj\u00ed navz\u00e1jem, Pir\u00e1ty a Zelen\u00e9, tedy v\u00a0podstat\u011b stejnou ment\u00e1ln\u00ed b\u00eddu, na\u0161ly by se dal\u0161\u00ed podobn\u00e9 partaje. SPD, PRO a Trikolora nap\u0159\u00edklad. T\u0159\u00ed\u0161t\u011bn\u00ed ideologicky bl\u00edzk\u00fdch sm\u011br\u016f je stejn\u011b v\u011bt\u0161inou d\u016fsledkem velikosti ega jedn\u011bch a ne\u00fastupnosti druh\u00fdch. \u010c\u00edm m\u00e9n\u011b stran, t\u00edm jednodu\u0161\u0161\u00ed rozhodov\u00e1n\u00ed u voli\u010d\u016f a m\u00e9n\u011b ztracen\u00fdch hlas\u016f, tak\u00e9 prostoru pr\u00e1v\u011b pro politickou prostituci. Pokud se tedy Pellegrini nakonec skute\u010dn\u011b spoj\u00ed s\u00a0\u0160ime\u010dkou, budeme sv\u011bdky stejn\u00e9ho atent\u00e1tu, jak\u00fdm bylo odstaven\u00ed v\u00edt\u011bzn\u00e9ho ANO do opozice u n\u00e1s.<\/p>\n<p>Jedno je jist\u00e9. Politika je jedna z\u00a0nejv\u011bt\u0161\u00edch \u0161p\u00edn spojen\u00fdch s\u00a0existenc\u00ed lidstva. Dokud ji budou br\u00e1t politici jako osobn\u00ed byznys, ne\u010dekejme, \u017ee by je zaj\u00edmali jejich voli\u010di. Mo\u017en\u00e1 jsou pro n\u011b u\u017eite\u010dn\u00ed do okam\u017eiku vyhl\u00e1\u0161en\u00ed v\u00fdsledk\u016f, a jak jsme poznali u P\u011btikoalice, \u017e\u00e1dn\u00fd p\u0159ed volbami dan\u00fd slib \u010di halasn\u011b vyhla\u0161ovan\u00e9 p\u0159edsevzet\u00ed nejsou po volb\u00e1ch podstatn\u00e9 a sm\u011brodatn\u00e9. A \u010d\u00edm v\u011bt\u0161\u00ed lump vyhraje, t\u00edm v\u011bt\u0161\u00ed nez\u00e1jem o pot\u0159eby ob\u010dan\u016f \u010dekejme. Na \u0159adu toti\u017e p\u0159ijde i dal\u0161\u00ed typ korupce, kter\u00fdm je koupen\u00e1 \u010di n\u011bjak podobn\u011b zaji\u0161t\u011bn\u00e1 podpora m\u00e9di\u00ed, nikoliv v\u0161ak snaha vytvo\u0159it pro ob\u010dany co nejlep\u0161\u00ed podm\u00ednky, p\u0159ipravit lep\u0161\u00ed budoucnost. A proto\u017ee pen\u00edze a strach vl\u00e1dnou sv\u011btu, dok\u00e1\u017eete si jist\u011b p\u0159edstavit, v\u00a0jak\u00e9m prost\u0159ed\u00ed se Fiala &amp; spol. pohybuj\u00ed. Na Slovensku m\u016f\u017ee b\u00fdt je\u0161t\u011b smutno.<\/p>\n<p><a href=\"https:\/\/www.inadhled.live\/uvaha-dne\/politicka-prostituce\/\">Jind\u0159ich Kulhav\u00fd<\/a><\/p>\n<p><img decoding=\"async\" loading=\"lazy\" class=\"alignnone size-medium wp-image-22653\" src=\"http:\/\/www.infokuryr.cz\/n\/wp-content\/uploads\/2023\/02\/jindra-kulhavy-221x300.jpg\" alt=\"\" width=\"221\" height=\"300\" srcset=\"https:\/\/www.infokuryr.cz\/n\/wp-content\/uploads\/2023\/02\/jindra-kulhavy-221x300.jpg 221w, https:\/\/www.infokuryr.cz\/n\/wp-content\/uploads\/2023\/02\/jindra-kulhavy.jpg 311w\" sizes=\"(max-width: 221px) 100vw, 221px\" \/><\/p>\n<\/div>\n<p>&nbsp;<\/p>\n<p>&nbsp;<\/p>\n","protected":false},"excerpt":{"rendered":"<p>Povolebn\u00ed jedn\u00e1n\u00ed se na Slovensku komplikuj\u00ed. V\u00edt\u011bzn\u00fd Smer i druh\u00e9 (opravdu?) Progres\u00edvne Slovensko jsou na&#8230;<\/p>\n","protected":false},"author":2,"featured_media":37584,"comment_status":"closed","ping_status":"closed","sticky":false,"template":"","format":"standard","meta":[],"categories":[6],"tags":[29,122,203,27],"_links":{"self":[{"href":"https:\/\/www.infokuryr.cz\/n\/wp-json\/wp\/v2\/posts\/37583"}],"collection":[{"href":"https:\/\/www.infokuryr.cz\/n\/wp-json\/wp\/v2\/posts"}],"about":[{"href":"https:\/\/www.infokuryr.cz\/n\/wp-json\/wp\/v2\/types\/post"}],"author":[{"embeddable":true,"href":"https:\/\/www.infokuryr.cz\/n\/wp-json\/wp\/v2\/users\/2"}],"replies":[{"embeddable":true,"href":"https:\/\/www.infokuryr.cz\/n\/wp-json\/wp\/v2\/comments?post=37583"}],"version-history":[{"count":0,"href":"https:\/\/www.infokuryr.cz\/n\/wp-json\/wp\/v2\/posts\/37583\/revisions"}],"wp:featuredmedia":[{"embeddable":true,"href":"https:\/\/www.infokuryr.cz\/n\/wp-json\/wp\/v2\/media\/37584"}],"wp:attachment":[{"href":"https:\/\/www.infokuryr.cz\/n\/wp-json\/wp\/v2\/media?parent=37583"}],"wp:term":[{"taxonomy":"category","embeddable":true,"href":"https:\/\/www.infokuryr.cz\/n\/wp-json\/wp\/v2\/categories?post=37583"},{"taxonomy":"post_tag","embeddable":true,"href":"https:\/\/www.infokuryr.cz\/n\/wp-json\/wp\/v2\/tags?post=37583"}],"curies":[{"name":"wp","href":"https:\/\/api.w.org\/{rel}","templated":true}]}}