{"id":37575,"date":"2023-10-05T06:29:59","date_gmt":"2023-10-05T04:29:59","guid":{"rendered":"http:\/\/www.infokuryr.cz\/n\/?p=37575"},"modified":"2023-10-05T06:29:59","modified_gmt":"2023-10-05T04:29:59","slug":"americky-kongres-je-paralyzovany-po-odvolani-predsedy-snemovny-kevina-mccarthyho","status":"publish","type":"post","link":"https:\/\/www.infokuryr.cz\/n\/2023\/10\/05\/americky-kongres-je-paralyzovany-po-odvolani-predsedy-snemovny-kevina-mccarthyho\/","title":{"rendered":"Americk\u00fd kongres je paralyzovan\u00fd po odvol\u00e1n\u00ed p\u0159edsedy sn\u011bmovny Kevina McCarthyho"},"content":{"rendered":"<div id=\"fb-root\"><\/div>\n<h4>Americk\u00fd kongres je paralyzovan\u00fd po odvol\u00e1n\u00ed p\u0159edsedy sn\u011bmovny Kevina McCarthyho, kter\u00fd doplatil na tajnou dohodu s Joem Bidenem o pokra\u010dov\u00e1n\u00ed financov\u00e1n\u00ed v\u00e1lky na Ukrajin\u011b mimo r\u00e1mec nouzov\u00e9ho feder\u00e1ln\u00edho rozpo\u010dtu schv\u00e1len\u00e9ho Kongresem! Americk\u00e1 m\u00e9dia u\u017e \u0159vou, \u017ee za sesazen\u00edm McCarthyho stoj\u00ed Vladimir Putin a Donald Trump! K \u010demu vlastn\u011b do\u0161lo?<\/h4>\n<p>Americk\u00e1 glob\u00e1ln\u00ed moc Pax Americana po kr\u00e1tk\u00e9 dob\u011b za\u017e\u00edv\u00e1 dal\u0161\u00ed zem\u011bt\u0159esen\u00ed a tentokr\u00e1t p\u0159\u00edmo v samotn\u00e9m srdci Deep State. Republik\u00e1nsk\u00e9mu poslanci Mattu Gaetzovi so toti\u017e poprv\u00e9 za celou dobu americk\u00e9 historie poda\u0159ilo sesadit \u00fa\u0159aduj\u00edc\u00edho p\u0159edsedu Sn\u011bmovny reprezentant\u016f, republik\u00e1na Kevina McCarthyho.<\/p>\n<p><strong>Pro n\u00e1vrh sesazen\u00ed hlasovalo i celkem dal\u0161\u00edch 7 republik\u00e1n\u016f, kte\u0159\u00ed pat\u0159\u00ed v Kongresu k tzv. tvrd\u00e9 Trumpov\u011b klice<\/strong>\u00a0a dokud nebude zvolen nov\u00fd p\u0159edseda doln\u00ed sn\u011bmovny, nem\u016f\u017ee Kongres d\u00e1le zasedat a p\u0159ij\u00edmat z\u00e1kony, proto\u017ee \u00dastava to neumo\u017e\u0148uje. A zvolen\u00ed nov\u00e9ho p\u0159edsedy m\u016f\u017ee b\u00fdt opravdu zaj\u00edmav\u00e1 epizoda, proto\u017ee kandidaturu ji\u017e ozn\u00e1mili Jim Jordan a Steve Scalise, co\u017e jsou velc\u00ed spojenci Donalda Trumpa.<\/p>\n<p>&nbsp;<\/p>\n<div id=\"rumble_v3ke5wa\">\n<div id=\"vid_v3ke5wa\" class=\"rumble_v3ke5wa-Rumble-cls\" tabindex=\"-1\">\n<div>\n<div class=\"bigPlayUI ctp\">\n<div class=\"bigPlayUIInner ctp\"><div class='videoWrapper'>\r\n\t            <iframe src='https:\/\/rumble.com\/embed\/pj.v3ke5wa\/' frameborder='0' allowfullscreen><\/iframe>\r\n\t        <\/div><\/div>\n<\/div>\n<\/div>\n<\/div>\n<\/div>\n<p>&nbsp;<\/p>\n<p>Matt Gaetz po sesazen\u00ed McCarthyho p\u0159ed budovou kongresu \u0159ekl novin\u00e1\u0159\u016fm, \u017ee Kevin McCarthy je produktem washingtonsk\u00e9 ba\u017einy, \u017ee p\u0159ij\u00edmal pen\u00edze od sponzor\u016f a rozd\u011bloval je d\u00e1le v\u00fdm\u011bnou za slu\u017eby. Amerika pr\u00fd v d\u016fsledku politiky B\u00edl\u00e9ho domu a pokra\u010duj\u00edc\u00ed v\u00e1lky na Ukrajin\u011b \u010del\u00ed celosv\u011btov\u00e9 de-dolarizaci, na kterou doplat\u00ed americk\u00e1 pracuj\u00edc\u00ed t\u0159\u00edda, proto\u017ee dojde k obrovsk\u00e9mu zdra\u017een\u00ed ve\u0161ker\u00e9ho zbo\u017e\u00ed a slu\u017eeb v USA d\u016fsledku propadu parity americk\u00e9ho dolaru.<\/p>\n<p>Ten ji\u017e nebude m\u00edt tu hodnotu a s\u00edlu jako doned\u00e1vna. Dosud se nikdy nepoda\u0159ilo p\u0159edsedu sn\u011bmovny odvolat, stalo se tak v\u016fbec poprv\u00e9 v americk\u00e9 historii. Je to dal\u0161\u00ed d\u016fkaz, \u017ee americk\u00fd Deep State za\u010d\u00edn\u00e1 \u010delit destruk\u010dn\u00edm proces\u016fm a ot\u0159es\u016fm uvnit\u0159 sv\u00e9ho hn\u00edzda a paralyzov\u00e1n\u00ed kongresu uprost\u0159ed v\u00e1lky na Ukrajin\u011b a b\u011bhem nouzov\u00e9ho financov\u00e1n\u00ed americk\u00e9 vl\u00e1dy to jen potvrzuje.<\/p>\n<h6><span style=\"font-size: 18pt;\">Tajn\u00e1 dohoda s B\u00edl\u00fdm domem o pokra\u010dov\u00e1n\u00ed financov\u00e1n\u00ed v\u00e1lky na Ukrajin\u011b zlomila McCarthymu vaz<\/span><\/h6>\n<p>Jak u\u017e jsme informovali p\u0159ed n\u011bkolika dny v na\u0161em \u010dl\u00e1nku\u00a0<strong>[<a href=\"https:\/\/aeronet.news\/video-robert-fico-obdrzel-vyhruzny-dopis-od-sefa-evropskych-socialistu-ze-pokud-smer-nezmeni-sve-postoje-k-valce-na-ukrajine-postara-se-o-vylouceni-ficovy-strany-z-frakce-v-eu-parlamentu\/\">1<\/a>]<\/strong>, americk\u00fd Kongres odvr\u00e1til platebn\u00ed default feder\u00e1ln\u00ed vl\u00e1dy a\u00a0<strong>zv\u00fd\u0161il dluhov\u00fd strop a nouzov\u00e9 financov\u00e1n\u00ed americk\u00fdch org\u00e1n\u016f a st\u00e1tn\u00edch \u00fa\u0159ad\u016f o dal\u0161\u00edch 45 dn\u00ed, ov\u0161em s jasn\u00fdm ustanoven\u00edm [<a href=\"https:\/\/href.li\/?https:\/\/foreignpolicy.com\/2023\/10\/03\/ukraine-war-congress-battle-funding-republicans-balk-ukraine-aid-russia\/\" target=\"_blank\" rel=\"nofollow noopener\">2<\/a>], \u017ee z tohoto nouzov\u00e9ho bal\u00edku bude vypu\u0161t\u011bna v\u00fdplata 6 miliard USD pro Ukrajinu.<\/strong><\/p>\n<p>Sn\u011bmovna n\u00e1sledn\u011b schv\u00e1lila jen kompromisn\u00ed bal\u00edk 300 milion\u016f pro n\u00e1kup nezbytn\u00e9 munice pro Ukrajinu, kter\u00e1 m\u00e1 vydr\u017eet do konce \u0159\u00edjna. Cel\u00e9 se to zd\u00e1lo jako kompromisn\u00ed dohoda, \u017ee prost\u011b kongres u\u017e \u017e\u00e1dn\u00e9 velk\u00e9 pen\u00edze Ukrajin\u011b neposkytne, a to kv\u016fli nouzov\u00e9mu re\u017eimu dluhov\u00e9ho stropu. Jen\u017ee do\u0161lo k n\u011b\u010demu, co zp\u016fsobilo uvnit\u0159 kongresu a cel\u00e9ho Deep State doslova zem\u011bt\u0159esen\u00ed a sesazen\u00ed McCarthyho z funkce republik\u00e1nsk\u00e9ho v\u016fdce a p\u0159edsedy sn\u011bmovny.<\/p>\n<p>&nbsp;<\/p>\n<div id=\"rumble_v3ke4q7\">\n<div id=\"vid_v3ke4q7\" class=\"rumble_v3ke4q7-Rumble-cls\" tabindex=\"-1\">\n<div>\n<div class=\"bigPlayUI ctp\">\n<div class=\"bigPlayUIInner ctp\"><div class='videoWrapper'>\r\n\t            <iframe src='https:\/\/rumble.com\/embed\/pj.v3ke4q7\/' frameborder='0' allowfullscreen><\/iframe>\r\n\t        <\/div><\/div>\n<\/div>\n<\/div>\n<\/div>\n<\/div>\n<p>&nbsp;<\/p>\n<p>K poslanc\u016fm se toti\u017e dostala informace, \u017ee\u00a0<strong>Kevin McCarthy uzav\u0159el s B\u00edl\u00fdm domem a Joem Bidenem tajnou dohodu [<a href=\"https:\/\/href.li\/?https:\/\/www.infowars.com\/posts\/breaking-mccarthy-ousted-as-speaker-of-the-house\/\" target=\"_blank\" rel=\"nofollow noopener\">3<\/a>], \u017ee financov\u00e1n\u00ed Ukrajiny bude tajn\u011b a bokem fungovat i nad\u00e1le, a to mimo dluhov\u00fd strop schv\u00e1len\u00fd kongresem.<\/strong>\u00a0Vyu\u017e\u00edt se k tomu m\u011bla americk\u00e1 arm\u00e1da, kter\u00e1 m\u00e1 dostate\u010dn\u00e9 finan\u010dn\u00ed rezervy a jej\u00ed rozpo\u010det se neodvozuje od dluhov\u00e9ho stropu americk\u00fdch feder\u00e1ln\u00edch org\u00e1n\u016f. Pen\u00edze z resortu obrany tak m\u011bly b\u00fdt p\u0159esunuty Ukrajin\u011b, tedy zhruba t\u011bch 6 miliard a na konci roku, a\u017e se bude schvalovat nov\u00fd arm\u00e1dn\u00ed rozpo\u010det, se to americk\u00e9 arm\u00e1d\u011b vr\u00e1t\u00ed, \u017ee t\u011bch 6 miliard se j\u00ed p\u0159ihod\u00ed nav\u00edc a nikdo to ani nepozn\u00e1.<\/p>\n<h6><span style=\"font-size: 18pt;\">Za sesazen\u00edm p\u0159edsedy doln\u00ed sn\u011bmovny je Trumpova klika v kongresu<\/span><\/h6>\n<p>Nepozn\u00e1 se to proto, \u017ee ta suma je jen kapka v mo\u0159i, proto\u017ee rozpo\u010dty americk\u00e9 arm\u00e1dy se ka\u017ed\u00fd rok pohybuj\u00ed okolo 1 bilionu USD se zapo\u010dten\u00edm tzv. rezerv a mimo\u0159\u00e1dn\u00fdch v\u00fddaj\u016f, kter\u00e9 ad-hoc a dodate\u010dn\u011b b\u011bhem roku schvaluje arm\u00e1d\u011b Kongres.\u00a0<strong>Jin\u00fdmi slovy, McCarthy na jedn\u00e9 stran\u011b mluvil o rozpo\u010dtov\u00e9 zodpov\u011bdnosti, ale na stran\u011b druh\u00e9 tajn\u011b obch\u00e1zel Kongres a dluhov\u00fd strop, aby mohl vyhov\u011bt Ukrajin\u011b.<\/strong>\u00a0Tohle skupina Trumpov\u00fdch republik\u00e1n\u016f nevyd\u00fdchala v Kongresu a Matt Gaetz inicioval sesazen\u00ed McCarthyho z funkce p\u0159edsedy sn\u011bmovny, co\u017e se nakonec povedlo. Od toho okam\u017eiku je doln\u00ed sn\u011bmovna Kongresu paralyzov\u00e1na, proto\u017ee dokud nebude zvolen nov\u00fd p\u0159edseda sn\u011bmovny, tak poslanci nemohou zah\u00e1jit sch\u016fzi a nemohou p\u0159ij\u00edmat z\u00e1kony.<\/p>\n<figure id=\"attachment_57222\" class=\"wp-caption aligncenter\" style=\"width: 698px;\"><a href=\"https:\/\/aeronet.news\/wp-content\/uploads\/KevinMcCarthyCongress.jpg\"><img decoding=\"async\" loading=\"lazy\" class=\"wp-image-57222 \" src=\"https:\/\/aeronet.news\/wp-content\/uploads\/KevinMcCarthyCongress-1024x576.jpg\" sizes=\"(max-width: 700px) 100vw, 700px\" srcset=\"https:\/\/aeronet.news\/wp-content\/uploads\/KevinMcCarthyCongress-1024x576.jpg 1024w, https:\/\/aeronet.news\/wp-content\/uploads\/KevinMcCarthyCongress-300x169.jpg 300w, https:\/\/aeronet.news\/wp-content\/uploads\/KevinMcCarthyCongress-768x432.jpg 768w, https:\/\/aeronet.news\/wp-content\/uploads\/KevinMcCarthyCongress-700x394.jpg 700w, https:\/\/aeronet.news\/wp-content\/uploads\/KevinMcCarthyCongress-635x357.jpg 635w, https:\/\/aeronet.news\/wp-content\/uploads\/KevinMcCarthyCongress-859x483.jpg 859w, https:\/\/aeronet.news\/wp-content\/uploads\/KevinMcCarthyCongress.jpg 1280w\" alt=\"\" width=\"698\" height=\"393\" \/><\/a><figcaption class=\"wp-caption-text\">Sesazen\u00fd p\u0159edseda Sn\u011bmovny reprezentant\u016f Kevin McCarthy<\/figcaption><\/figure>\n<p>Ot\u00e1zkou bude, jak dlouho bude trvat zvolen\u00ed nov\u00e9ho p\u0159edsedy, proto\u017ee Trumpova skupina je bloka\u010dn\u00edm mechanismem v Kongresu a maj\u00ed re\u00e1ln\u011b \u0161anci dosadit pro-Trumpovsk\u00e9ho p\u0159edsedu doln\u00ed sn\u011bmovny, co\u017e by pro Deep State byla katastrofa nep\u0159edstaviteln\u00fdch rozm\u011br\u016f. Republik\u00e1ni p\u0159itom v\u011bd\u00ed, \u017ee maj\u00ed p\u0159ed volbami do B\u00edl\u00e9ho domu p\u0159\u00ed\u0161t\u00ed rok.<\/p>\n<p>A nemohou tak za\u010d\u00edt prosazovat n\u011bjak\u00e9ho neocona do funkce, kter\u00fd bude pokra\u010dovat ve stop\u00e1ch McCarthyho beze zm\u011bny, proto\u017ee by to ohrozilo nejen volby prezidenta, ale i volby do Kongresu, kter\u00e9 se budou p\u0159\u00ed\u0161t\u00ed rok v listopadu konat spole\u010dn\u011b s t\u011bmi prezidentsk\u00fdmi. Prost\u011b financov\u00e1n\u00ed Ukrajiny je pr\u00e1v\u011b te\u010f podle v\u0161eho definitivn\u011b u konce a pokus o prodlou\u017een\u00ed financov\u00e1n\u00ed vedl ke katastrof\u011b a k sesazen\u00ed p\u0159edsedy sn\u011bmovny.<\/p>\n<h6><span style=\"font-size: 18pt;\">Deep State se za\u010d\u00edn\u00e1 kv\u016fli vnit\u0159n\u00edm probl\u00e9m\u016fm v USA hroutit zevnit\u0159<\/span><\/h6>\n<p>Pr\u00e1v\u011b te\u010f se za\u010d\u00edn\u00e1 v USA l\u00e1mat chleba, proto\u017ee v tomto okam\u017eiku je u\u017e jasn\u00e9, \u017ee pokra\u010dov\u00e1n\u00ed americk\u00e9 podpory v\u00e1lky na Ukrajin\u011b ve stavu kolabuj\u00edc\u00ed americk\u00e9 n\u00e1rodn\u00ed ekonomiky je prost\u011b neudr\u017eiteln\u00e9. Nen\u00ed p\u0159ekvapen\u00edm, \u017ee\u00a0<strong>zat\u00edmco z\u00e1padn\u00ed m\u00e9dia hovo\u0159\u00ed a dezinformuj\u00ed u\u017e v\u00edce jak rok a p\u016fl o v\u00e1lce na Ukrajin\u011b jako o v\u00edt\u011bzn\u00e9m ta\u017een\u00ed Kyjeva, \u017ee ve skute\u010dnosti se americk\u00fd glob\u00e1ln\u00ed syst\u00e9m Pax Americana za\u010d\u00edn\u00e1 s\u00e1m hroutit a za\u017e\u00edv\u00e1 ot\u0159esy.<\/strong><\/p>\n<p>Jestlipak poslanci v rusk\u00e9 dum\u011b sesazuj\u00ed sv\u00e9ho p\u0159edsedu? Nebo jestlipak rusk\u00fd prezident, kter\u00fd je podle z\u00e1padn\u00edch m\u00e9di\u00ed na um\u0159en\u00ed a m\u011bl b\u00fdt u\u017e n\u011bkolikr\u00e1t po smrti, je na tom tak \u0161patn\u011b, \u017ee by p\u0159i projevech nev\u011bd\u011bl, kde jsou schody, kam m\u00e1 odej\u00edt, jak se jmenuj\u00ed politici, kter\u00e9 oslovuje, nebo \u017ee by padal na zem p\u0159i ka\u017ed\u00e9 p\u0159\u00edle\u017eitosti?<\/p>\n<figure id=\"attachment_56014\" class=\"wp-caption aligncenter\" style=\"width: 699px;\"><a href=\"https:\/\/aeronet.news\/wp-content\/uploads\/BidenFellAgain.jpg\"><img decoding=\"async\" loading=\"lazy\" class=\"wp-image-56014 \" src=\"https:\/\/aeronet.news\/wp-content\/uploads\/BidenFellAgain-1024x683.jpg\" sizes=\"(max-width: 700px) 100vw, 700px\" srcset=\"https:\/\/aeronet.news\/wp-content\/uploads\/BidenFellAgain-1024x683.jpg 1024w, https:\/\/aeronet.news\/wp-content\/uploads\/BidenFellAgain-300x200.jpg 300w, https:\/\/aeronet.news\/wp-content\/uploads\/BidenFellAgain-768x512.jpg 768w, https:\/\/aeronet.news\/wp-content\/uploads\/BidenFellAgain-700x467.jpg 700w, https:\/\/aeronet.news\/wp-content\/uploads\/BidenFellAgain-535x357.jpg 535w, https:\/\/aeronet.news\/wp-content\/uploads\/BidenFellAgain-724x483.jpg 724w, https:\/\/aeronet.news\/wp-content\/uploads\/BidenFellAgain.jpg 1280w\" alt=\"\" width=\"699\" height=\"466\" \/><\/a><figcaption class=\"wp-caption-text\">Hlava pr\u00fd nejsiln\u011bj\u0161\u00ed velmoci na sv\u011bt\u011b, kandid\u00e1t dosazen\u00fd do funkce americk\u00fdm Deep State<\/figcaption><\/figure>\n<p>Ne, tyto probl\u00e9my m\u00e1 jen americk\u00fd Deep State, jeho\u017e moc Pax Americana se za\u010d\u00edn\u00e1 hroutit u\u017e nejen ve sv\u011bt\u011b skrze odchod zem\u00ed sv\u011bta od americk\u00e9ho dolaru, ale u\u017e i uvnit\u0159 Kongresu, kde doch\u00e1z\u00ed k ot\u0159es\u016fm a k sesazov\u00e1n\u00ed neoconsk\u00e9ho p\u0159edsedy sn\u011bmovny. Kdokoliv bude nov\u00fdm p\u0159edsedou doln\u00ed sn\u011bmovny, nebude u\u017e moci d\u011blat pro-ukrajinskou politiku.\u00a0<strong>Od t\u00e9to chv\u00edle za\u010dala v USA drsn\u00e1 volebn\u00ed kampa\u0148 a ani jedna z politick\u00fdch stran se nebude cht\u00edt u\u017e spojovat s ne\u00fasp\u011b\u0161nou v\u00e1lkou s n\u00e1zvem Ukrajina<\/strong>, proto\u017ee jak demokrat\u016fm, tak i republik\u00e1n\u016fm je jasn\u00e9, \u017ee ta v\u00e1lka jde do kytek a skon\u010d\u00ed pro USA ne\u00fasp\u011bchem, bez ohledu na to, kolik pen\u011bz se Ukrajin\u011b je\u0161t\u011b nasype.<\/p>\n<h6><span style=\"font-size: 18pt;\">Ameri\u010dan\u00e9 p\u0159ehod\u00ed hork\u00fd ukrajinsk\u00fd brambor do rukou Evropy, a to dopadne podle o\u010dek\u00e1v\u00e1n\u00ed<\/span><\/h6>\n<p>Pokud v\u00e1lka m\u00e1 pokra\u010dovat, za\u010dnou nyn\u00ed Ameri\u010dan\u00e9 proces p\u0159esunu n\u00e1klad\u016f a zodpov\u011bdnosti na evropsk\u00e9 zem\u011b, na evropsk\u00e9 st\u00e1ty, co\u017e de facto ji\u017e za\u010dalo, ale to pouze v Evrop\u011b urychl\u00ed proces\u00a0<em>orbanizace<\/em>\u00a0a zm\u011bny vl\u00e1d v jednotliv\u00fdch evropsk\u00fdch zem\u00edch. Je to nevyhnuteln\u00fd proces. Kdy\u017e Ameri\u010dan\u00e9 p\u0159esunou ukrajinskou v\u00e1lku na bedra evropsk\u00fdch da\u0148ov\u00fdch soustrastn\u00edk\u016f, tak ta v\u00e1lka skon\u010d\u00ed rychleji, ne\u017e byste \u0159ekli \u0161mitec.<\/p>\n<p><strong>Financov\u00e1n\u00ed Ukrajiny se stane toti\u017e balvanem, kter\u00fd st\u00e1hne v\u0161echny sou\u010dasn\u00e9 pro-ukrajinsk\u00e9 vl\u00e1dy v Evrop\u011b ke dnu.<\/strong>\u00a0Jako na Slovensku, kter\u00e9 se stalo 2. nejchud\u0161\u00ed zem\u00ed EU, stejn\u011b jako te\u010f po 15. \u0159\u00edjnu v Polsku. T\u00edm je to prost\u011b dan\u00e9. Proces ze Slovenska se okop\u00edruje i do Polska a postupn\u011b do dal\u0161\u00edch zem\u00ed v Evrop\u011b, proto\u017ee v\u00edce a v\u00edce politik\u016fm za\u010dne doch\u00e1zet, \u017ee v\u00e1lka na Ukrajin\u011b nen\u00ed v\u00e1lkou Evropy, je to americk\u00e1 v\u00e1lka.<\/p>\n<p><img decoding=\"async\" loading=\"lazy\" class=\"aligncenter\" src=\"https:\/\/aeronet.news\/wp-content\/uploads\/OhioTrumpCountry-1024x512.jpg\" width=\"954\" height=\"477\" \/><\/p>\n<figure id=\"attachment_53743\" class=\"wp-caption aligncenter\"><figcaption class=\"wp-caption-text\"><em>Posledn\u00ed legitimn\u00ed prezident USA, Donald Trump<\/em><\/figcaption><\/figure>\n<p>Bu\u010f a\u0165 si ji vy\u0159e\u0161\u00ed Ameri\u010dan\u00e9, pokud na to maj\u00ed pen\u00edze, anebo a\u0165 ta v\u00e1lka skon\u010d\u00ed m\u00edrem, rozum\u011bj de facto ukrajinskou kapitulac\u00ed a \u00fat\u011bkem Zelensk\u00e9ho do USA, kde se svou fiktivn\u00ed man\u017eelkou a dr\u017eitelkou portfolia p\u0159evezme nakoupen\u00e9 nemovitosti. Amerika vede v\u00e1lku proti Rusku na Ukrajin\u011b a Evropa se k tomu p\u0159ipojila jako vazalsk\u00e1 onuce, proto\u017ee evropsk\u00e9 pro-ukrajinsk\u00e9 vl\u00e1dy v\u011bt\u0161\u00ed hodnotu ne\u017e onuce nemaj\u00ed. Jakmile se americk\u00e1 \u0161rajtofle zav\u0159e, v tom okam\u017eiku se spust\u00ed hromadn\u00e9 odch\u00e1zen\u00ed evropsk\u00fdch zem\u00ed od v\u00e1le\u010dn\u00e9 podpory Ukrajin\u011b. V podstat\u011b Rus\u016fm si sta\u010d\u00ed po\u010dkat, a\u017e se procesy v USA je\u0161t\u011b v\u00edce destruk\u010dn\u011b prohloub\u00ed. Dementn\u00ed prezident a Deep State paralyzuj\u00edc\u00ed si vlastn\u00ed hn\u00edzdo v p\u0159\u00edm\u00e9m p\u0159enosu. Popcorn do ruky a bavit se!<\/p>\n<p><a href=\"https:\/\/aeronet.news\/americky-kongres-je-paralyzovany-po-odvolani-predsedy-snemovny-kevina-mccarthyho-ktery-doplatil-na-tajnou-dohodu-s-joem-bidenem-o-pokracovani-financovani-valky-na-ukrajine-mimo-ramec\/\">-VK- \u0160\u00e9fredaktor AE News<\/a><\/p>\n<p>&nbsp;<\/p>\n<p><a href=\"https:\/\/stranapro.cz\/\"><img decoding=\"async\" loading=\"lazy\" class=\"wp-image-30218 aligncenter\" src=\"http:\/\/www.infokuryr.cz\/n\/wp-content\/uploads\/2023\/06\/PRO-banner-300x36.png\" alt=\"\" width=\"1358\" height=\"163\" srcset=\"https:\/\/www.infokuryr.cz\/n\/wp-content\/uploads\/2023\/06\/PRO-banner-300x36.png 300w, https:\/\/www.infokuryr.cz\/n\/wp-content\/uploads\/2023\/06\/PRO-banner-768x93.png 768w, https:\/\/www.infokuryr.cz\/n\/wp-content\/uploads\/2023\/06\/PRO-banner.png 849w\" sizes=\"(max-width: 1358px) 100vw, 1358px\" \/><\/a><\/p>\n<p>&nbsp;<\/p>\n<p>&nbsp;<\/p>\n<p>&nbsp;<\/p>\n","protected":false},"excerpt":{"rendered":"<p>Americk\u00fd kongres je paralyzovan\u00fd po odvol\u00e1n\u00ed p\u0159edsedy sn\u011bmovny Kevina McCarthyho, kter\u00fd doplatil na tajnou dohodu&#8230;<\/p>\n","protected":false},"author":2,"featured_media":37576,"comment_status":"closed","ping_status":"closed","sticky":false,"template":"","format":"standard","meta":[],"categories":[6],"tags":[1042,1429,371,37],"_links":{"self":[{"href":"https:\/\/www.infokuryr.cz\/n\/wp-json\/wp\/v2\/posts\/37575"}],"collection":[{"href":"https:\/\/www.infokuryr.cz\/n\/wp-json\/wp\/v2\/posts"}],"about":[{"href":"https:\/\/www.infokuryr.cz\/n\/wp-json\/wp\/v2\/types\/post"}],"author":[{"embeddable":true,"href":"https:\/\/www.infokuryr.cz\/n\/wp-json\/wp\/v2\/users\/2"}],"replies":[{"embeddable":true,"href":"https:\/\/www.infokuryr.cz\/n\/wp-json\/wp\/v2\/comments?post=37575"}],"version-history":[{"count":0,"href":"https:\/\/www.infokuryr.cz\/n\/wp-json\/wp\/v2\/posts\/37575\/revisions"}],"wp:featuredmedia":[{"embeddable":true,"href":"https:\/\/www.infokuryr.cz\/n\/wp-json\/wp\/v2\/media\/37576"}],"wp:attachment":[{"href":"https:\/\/www.infokuryr.cz\/n\/wp-json\/wp\/v2\/media?parent=37575"}],"wp:term":[{"taxonomy":"category","embeddable":true,"href":"https:\/\/www.infokuryr.cz\/n\/wp-json\/wp\/v2\/categories?post=37575"},{"taxonomy":"post_tag","embeddable":true,"href":"https:\/\/www.infokuryr.cz\/n\/wp-json\/wp\/v2\/tags?post=37575"}],"curies":[{"name":"wp","href":"https:\/\/api.w.org\/{rel}","templated":true}]}}