{"id":37563,"date":"2023-10-05T01:06:21","date_gmt":"2023-10-04T23:06:21","guid":{"rendered":"http:\/\/www.infokuryr.cz\/n\/?p=37563"},"modified":"2023-10-04T17:27:49","modified_gmt":"2023-10-04T15:27:49","slug":"nedelnik-adama-b-bartose-148-pouceni-ze-slovenskeho-vyvoje","status":"publish","type":"post","link":"https:\/\/www.infokuryr.cz\/n\/2023\/10\/05\/nedelnik-adama-b-bartose-148-pouceni-ze-slovenskeho-vyvoje\/","title":{"rendered":"NED\u011aLN\u00cdK ADAMA B. BARTO\u0160E (148) POU\u010cEN\u00cd ZE SLOVENSK\u00c9HO V\u00ddVOJE"},"content":{"rendered":"<div id=\"fb-root\"><\/div>\n<p><strong>U\u017e v ned\u011bli mi bylo jasn\u00e9, \u017ee sv\u016fj ned\u011bln\u00edk budu muset v\u011bnovat slovensk\u00fdm volb\u00e1m. Nech\u00e1val jsem si ale ur\u010dit\u00fd odstup, abych nereagoval bezprost\u0159edn\u011b.<\/strong><\/p>\n<p><span id=\"more-13862\"><\/span>V prv\u00e9 \u0159ad\u011b se slu\u0161\u00ed v\u00edt\u011bzi voleb, Robertu Ficovi, pogratulovat. Jeho strana nen\u00ed alternativou, ale je to jak\u00fdsi rozumn\u00fd proud slovensk\u00e9 politiky \u2013 ani bl\u00e1zniv\u00e1 progresivn\u00ed levice, ani nacionalistick\u00e1 pravice. Je to klasick\u00e1 levice, kter\u00e1 se sna\u017e\u00ed z\u00edskat n\u00e1rodn\u011b orientovan\u00e9 voli\u010de. Zlomysln\u00e9 \u0159e\u010di \u010desk\u00fdch m\u00e9di\u00ed o tom, \u017ee Robert Fico je nacionalista, jsou sm\u011b\u0161n\u00e9. Je to soci\u00e1ln\u00ed demokrat star\u00e9ho st\u0159ihu, kter\u00fd jen pochopil zoufal\u00e9 pocity voli\u010d\u016f a jede na vln\u011b ur\u010dit\u00e9 politiky. Podobn\u011b se o to u n\u00e1s sna\u017eil Andrej Babi\u0161 p\u0159ed prezidentsk\u00fdmi volbami, ale na to, aby zm\u011bnil americk\u00e9 pl\u00e1ny, tento Slov\u00e1k u n\u00e1s nem\u011bl \u2013 respektive, nebylo mu d\u00e1no. Fico m\u011bl v\u00edce \u0161t\u011bst\u00ed \u2013 nebo odvahy, umu, jak to nazveme. Za\u017eil si toho hodn\u011b, sv\u016fj n\u00e1vrat si odpracoval, v posledn\u00ed dob\u011b m\u00e1 rozumn\u00e9 n\u00e1zory \u2013 budi\u017e mu to p\u0159\u00e1no.<\/p>\n<p>V ka\u017ed\u00e9m p\u0159\u00edpad\u011b je to pro Slovensko dobr\u00e1 zpr\u00e1va, i kdy\u017e z\u00e1rove\u0148 v\u00edme, \u017ee nic se ned\u011bje n\u00e1hodou. Dost mo\u017en\u00e1 to m\u016f\u017ee b\u00fdt skryt\u00fd c\u00edl \u2013 Ameri\u010dan\u016fm podpora V4 (a pota\u017emo Trojmo\u0159\u00ed) vyhovuje, sou\u010dasn\u00e1 vl\u00e1da byla zdiskreditov\u00e1na a prezidentka rovn\u011b\u017e (proto nebude znovu kandidovat), tak\u017ee k n\u011bjak\u00e9 zm\u011bn\u011b doj\u00edt muselo. A\u017e v p\u0159\u00ed\u0161t\u00edch t\u00fddnech a m\u011bs\u00edc\u00edch uvid\u00edme, jak velk\u00e1 ta zm\u011bna bude \u2013 zda to, co se uplynul\u00fd v\u00edkend na Slovensku ud\u00e1lo, byl skute\u010dn\u011b mal\u00fd velk\u00fd z\u00e1zrak, nebo sou\u010d\u00e1st pl\u00e1nu. A pokud je to skute\u010dn\u011b mal\u00fd z\u00e1zrak a Ameri\u010dan\u016fm se jen n\u011bco nepovedlo, pak bude pot\u0159eba je\u0161t\u011b dal\u0161\u00ed z\u00e1zrak, aby se poda\u0159ilo vl\u00e1du sestavit, proto\u017ee to nebude nikterak jednoduch\u00e9. Z\u00e1zrak pod Tatrami m\u016f\u017ee b\u00fdt uha\u0161en a zadu\u0161en nep\u0159ej\u00edcnost\u00ed, intrikami a okop\u00e1v\u00e1n\u00edm kotn\u00edk\u016f \u2013 \u010caputov\u00e9 pouze \u010dtrn\u00e1ctidenn\u00ed term\u00edn, do kter\u00e9ho m\u00e1 Fico vl\u00e1du sestavit, je dost \u0161ibeni\u010dn\u00ed a hrani\u010d\u00ed pr\u00e1v\u011b s v\u00fd\u0161e jmenovan\u00fdm.<\/p>\n<p>A i kdyby neplatilo nic z toho, co jsem napsal a j\u00e1 se m\u00fdlil, \u2013 tedy, kdyby zvolen\u00ed Fica nebylo v pl\u00e1nu Ameri\u010dan\u016f a Ameri\u010dan\u00e9 v osob\u011b \u010caputky nekladli Ficovi v sestaven\u00ed vl\u00e1dy pot\u00ed\u017ee \u2013 pak je tu je\u0161t\u011b (zdaleka ne posledn\u00ed) obava, aby si Ameri\u010dan\u00e9 Fica \u201eneocho\u010dili\u201c v roli staronov\u00e9ho premi\u00e9ra \u2013 tedy t\u00edm, \u017ee ho nechaj\u00ed vl\u00e1dnout (a on vl\u00e1dnout chce a motivaci m\u00e1 silnou), ale donut\u00ed ho z\u00e1rove\u0148 d\u011blat \u00fastupky, minim\u00e1ln\u011b ty, kter\u00e9 budou vynucen\u00e9 jeho koali\u010dn\u00edmi partnery. Je toti\u017e jist\u00e9, \u017ee v n\u011b\u010dem i on bude muset ustoupit. Ale nechme u\u017e toho, nem\u00e1 smysl p\u0159edv\u00eddat a progn\u00f3zovat\u2026<\/p>\n<p>Bez koment\u00e1\u0159e nemohu nechat ani propad LSNS a Republiky. Dalo by se \u0159\u00edci, \u017ee to vypad\u00e1, jako kdyby m\u011bla Republika od\u010derpat hlasy LSNS. Zda za to m\u011bla sl\u00edbeno, \u017ee se do Parlamentu dostane (a slib nebyl dodr\u017een) a nebo zda byla srozum\u011bna s t\u00edm, \u017ee pouze sehraje tuto \u00falohu (bez p\u0159\u00edslibu zisku parlamentn\u00edch k\u0159esel, tedy za jinou \u00falitbu), nebo zda to dokonce bylo tak, \u017ee tam \u017e\u00e1dn\u00fd zl\u00fd \u00famysl nebyl a vlastenci se pouze (jak je jejich zvykem) poprali mezi sebou, to asi nerozsoud\u00edme. Jist\u00e9 ale je, \u017ee kdy\u017e se n\u011bkdo, kdo se na sl\u00e1v\u011b jin\u00e9ho dostane do Parlamentu, rozhodne \u201etrhnout\u201c a hr\u00e1t na sebe, m\u016f\u017ee to p\u0159ed volbami vypadat (na z\u00e1klad\u011b prefabrikovan\u00fdch pr\u016fzkum\u016f) jakkoli slibn\u011b, ale u voleb p\u0159ich\u00e1z\u00ed vyst\u0159\u00edzliv\u011bn\u00ed. Zrada b\u00fdv\u00e1 voli\u010di potrest\u00e1na. Uhr\u00edk a Mazurek skv\u011ble mluv\u00ed, ale pokud se sna\u017eili nahradit Kotlebu, charakterov\u011b na tom asi nejsou nejl\u00e9pe a nen\u00ed tedy \u0161koda, \u017ee budou ve slovensk\u00e9m parlamentu chyb\u011bt. Bohu\u017eel, kv\u016fli nim tam bude chyb\u011bt i Kotleba\u2026<\/p>\n<p>Takto to dopad\u00e1, kdy\u017e se vlasteneck\u00e9 sc\u00e9na h\u00e1d\u00e1 a \u0161t\u011bp\u00ed. Jedna frakce chce druhou vytrestat a p\u0159itom se vyzmiz\u00edkuj\u00ed z\u00e1rove\u0148. Jist\u011b \u2013 z dlouhodob\u00e9ho hlediska m\u00e1 Republika \u0161anci \u2013 o tolik v\u011bt\u0161\u00ed, o kolik byl jej\u00ed zisk v\u011bt\u0161\u00ed ne\u017e zisk LSNS. Ale v parlamentu cht\u011bla b\u00fdt \u2013 a nebude. A LSNS takt\u00e9\u017e. Jejich roli p\u0159evezme Danko. Nejsem znalec slovensk\u00e9 sc\u00e9ny, tak\u017ee nedok\u00e1\u017eu posoudit, co to znamen\u00e1. Dovol\u00edm si ale varovat p\u0159ed t\u00edm, aby n\u011bco podobn\u00e9ho nepotkalo \u010deskou vlasteneckou sc\u00e9nu p\u0159i p\u0159\u00ed\u0161t\u00edch d\u016fle\u017eit\u00fdch volb\u00e1ch. Mysl\u00edm si, po zku\u0161enostech, kter\u00e9 jsem u\u010dinil, \u017ee je dobr\u00e9 se spojovat a ne \u0161t\u011bpit.<\/p>\n<p>Rajchl utekl z Trikol\u00f3ry, \u0161t\u00edpl se a zalo\u017eil si vlastn\u00ed stranu. Z\u00e1rove\u0148 chce p\u0159evz\u00edt voli\u010de Okamury. Na levici tak\u00e9 doch\u00e1z\u00ed k \u0161t\u011bpen\u00ed, droben\u00ed, vylu\u010dov\u00e1n\u00ed. Komunista Sk\u00e1la chce zalo\u017eit vlastn\u00ed stranu, b\u00fdval\u00e1 soci\u00e1ln\u00ed demokratka chce zalo\u017eit vlastn\u00ed stranu a tak d\u00e1le. Vid\u011bli jsme to i p\u0159ed p\u00e1r lety \u2013 Voln\u00fd se trhl od SPD, ale bez SPD (za kterou se do Parlamentu dostal) se tam s\u00e1m nedostal. A p\u0159\u00edklad\u016f by se na\u0161lo v\u00edce \u2013 nap\u0159\u00edklad p\u0159\u00edklad\u016f p\u0159ed volbami v pr\u016fzkumech preferovan\u00fdch stran, kter\u00e9 po volb\u00e1ch zplakaly nad v\u00fdd\u011blkem. Realist\u00e9, P\u0159\u00edsaha apod. \u010casto to vypad\u00e1, jakoby tyto \u201enov\u00e9\u201c strany existovaly pouze za t\u00edm \u00fa\u010delem, aby n\u011bkomu odebraly hlasy \u2013 a nic v\u00edc se od nich ne\u010dek\u00e1\u2026<\/p>\n<p>Abych ale jen nekritizoval druh\u00e9. S\u00e1m jsem byl kdysi p\u0159esv\u011bd\u010den o na\u0161\u00ed v\u00fdlu\u010dnosti \u2013 tedy, \u017ee my to \u201eurveme\u201c. Jak naivn\u00ed jsem byl. Byl jsem ochoten i intrikovat proti jin\u00fdm vlasteneck\u00fdm stran\u00e1m, abych jim p\u0159evzal voli\u010de. Samoz\u0159ejm\u011b, \u017ee to nedopadlo. Dnes se tomu nediv\u00edm. Byla to \u0161patn\u00e1 cesta. Lep\u0161\u00ed cesta je spojovat se. O to se sna\u017e\u00edme \u2013 zalo\u017eili jsme platformu Za vystoupen\u00ed \u010cR z EU a NATO a jsou tam strany, kter\u00e9 se vz\u00e1jemn\u011b v minulosti \u201enemusely\u201c nebo dokonce a\u017e nesn\u00e1\u0161ely \u2013 Sl\u00e1dkovi Republik\u00e1ni a DSSS, DSSS a ND. S t\u011bmito \u201epravicov\u00fdmi stranami\u201c jde levicov\u00e1 ANS a nejsp\u00ed\u0161e i st\u0159edov\u00ed Rozumn\u00ed. \u010cili \u0161irok\u00e1 koalice k Bruselu kritick\u00fdch stran \u2013 od t\u011bch k Bruselu vylo\u017een\u011b nesm\u00ed\u0159liv\u00fdch (jako jsme nap\u0159\u00edklad my \u010di DSSS) a\u017e po ty, kter\u00e9 Brusel sp\u00ed\u0161e jen kritizuj\u00ed. Jinak to ale nejde, kdy\u017e chcete m\u00edt \u0161irokou koalici.<br \/>\nSlovensk\u00fd p\u0159\u00edklad uk\u00e1zal, \u017ee kdy\u017e jdou vlasteneck\u00e9 strany proti sob\u011b, nedostane se tam ani jedna. A to u\u017e te\u010f nechceme riskovat\u2026<\/p>\n<p><em>N\u00e1rodu zdar!<br \/>\n<\/em><br \/>\n<em>Adam B. Barto\u0161<\/em><br \/>\n<em>p\u0159edseda N\u00e1rodn\u00ed demokracie<\/em><\/p>\n<p><a href=\"https:\/\/narodnidemokracie.cz\/nedelnik-adama-b-bartose-148-pouceni-ze-slovenskeho-vyvoje\/\"><img decoding=\"async\" loading=\"lazy\" class=\"alignnone size-full wp-image-678\" src=\"http:\/\/www.infokuryr.cz\/n\/wp-content\/uploads\/2021\/04\/narodni_demokracie_logo.jpg\" alt=\"\" width=\"300\" height=\"85\" \/><\/a><\/p>\n<p>____________________________<\/p>\n<p>&nbsp;<\/p>\n<p>&nbsp;<\/p>\n<p><a href=\"https:\/\/stranapro.cz\/\"><img decoding=\"async\" loading=\"lazy\" class=\"wp-image-30218 aligncenter\" src=\"http:\/\/www.infokuryr.cz\/n\/wp-content\/uploads\/2023\/06\/PRO-banner-300x36.png\" alt=\"\" width=\"1367\" height=\"164\" srcset=\"https:\/\/www.infokuryr.cz\/n\/wp-content\/uploads\/2023\/06\/PRO-banner-300x36.png 300w, https:\/\/www.infokuryr.cz\/n\/wp-content\/uploads\/2023\/06\/PRO-banner-768x93.png 768w, https:\/\/www.infokuryr.cz\/n\/wp-content\/uploads\/2023\/06\/PRO-banner.png 849w\" sizes=\"(max-width: 1367px) 100vw, 1367px\" \/><\/a><\/p>\n<p>&nbsp;<\/p>\n<p>&nbsp;<\/p>\n<p>&nbsp;<\/p>\n","protected":false},"excerpt":{"rendered":"<p>U\u017e v ned\u011bli mi bylo jasn\u00e9, \u017ee sv\u016fj ned\u011bln\u00edk budu muset v\u011bnovat slovensk\u00fdm volb\u00e1m. Nech\u00e1val&#8230;<\/p>\n","protected":false},"author":2,"featured_media":37564,"comment_status":"closed","ping_status":"closed","sticky":false,"template":"","format":"standard","meta":[],"categories":[6],"tags":[367,29,85],"_links":{"self":[{"href":"https:\/\/www.infokuryr.cz\/n\/wp-json\/wp\/v2\/posts\/37563"}],"collection":[{"href":"https:\/\/www.infokuryr.cz\/n\/wp-json\/wp\/v2\/posts"}],"about":[{"href":"https:\/\/www.infokuryr.cz\/n\/wp-json\/wp\/v2\/types\/post"}],"author":[{"embeddable":true,"href":"https:\/\/www.infokuryr.cz\/n\/wp-json\/wp\/v2\/users\/2"}],"replies":[{"embeddable":true,"href":"https:\/\/www.infokuryr.cz\/n\/wp-json\/wp\/v2\/comments?post=37563"}],"version-history":[{"count":1,"href":"https:\/\/www.infokuryr.cz\/n\/wp-json\/wp\/v2\/posts\/37563\/revisions"}],"predecessor-version":[{"id":37565,"href":"https:\/\/www.infokuryr.cz\/n\/wp-json\/wp\/v2\/posts\/37563\/revisions\/37565"}],"wp:featuredmedia":[{"embeddable":true,"href":"https:\/\/www.infokuryr.cz\/n\/wp-json\/wp\/v2\/media\/37564"}],"wp:attachment":[{"href":"https:\/\/www.infokuryr.cz\/n\/wp-json\/wp\/v2\/media?parent=37563"}],"wp:term":[{"taxonomy":"category","embeddable":true,"href":"https:\/\/www.infokuryr.cz\/n\/wp-json\/wp\/v2\/categories?post=37563"},{"taxonomy":"post_tag","embeddable":true,"href":"https:\/\/www.infokuryr.cz\/n\/wp-json\/wp\/v2\/tags?post=37563"}],"curies":[{"name":"wp","href":"https:\/\/api.w.org\/{rel}","templated":true}]}}