{"id":37560,"date":"2023-10-05T01:04:30","date_gmt":"2023-10-04T23:04:30","guid":{"rendered":"http:\/\/www.infokuryr.cz\/n\/?p=37560"},"modified":"2023-10-04T17:24:19","modified_gmt":"2023-10-04T15:24:19","slug":"koudelka-z-bis-rusky-agent-a-poskoci-proruskych-komunistu-angazovani-vedci-dezorientovany-obcan","status":"publish","type":"post","link":"https:\/\/www.infokuryr.cz\/n\/2023\/10\/05\/koudelka-z-bis-rusky-agent-a-poskoci-proruskych-komunistu-angazovani-vedci-dezorientovany-obcan\/","title":{"rendered":"Koudelka z BIS: rusk\u00fd agent a \u201eposkoci prorusk\u00fdch komunist\u016f\u201c. Anga\u017eovan\u00ed v\u011bdci. Dezorientovan\u00fd ob\u010dan"},"content":{"rendered":"<div id=\"fb-root\"><\/div>\n<p><span style=\"font-size: 14pt;\"><strong> V\u00edte, \u017ee v \u010cesk\u00e9 republice je jen 29 procent proukrajinsk\u00fdch a protirusk\u00fdch demokrat\u016f? V\u00edte, \u017ee u\u017e op\u011bt m\u00e1me politicky anga\u017eovan\u00e9 v\u011bdce v Akademii v\u011bd? A v\u00edte, \u017ee podle nich proru\u0161t\u00ed postkomunist\u00e9 a dezorientovan\u00ed ob\u010dan\u00e9 vol\u00ed Ano a SPD? Uk\u00e1\u017eeme V\u00e1m to.<\/strong><\/span><\/p>\n<p>&nbsp;<\/p>\n<p><iframe loading=\"lazy\" title=\"Koudelka z BIS: rusk\u00fd agent a \u201eposkoci prorusk\u00fdch komunist\u016f\u201c. Anga\u017eovan\u00ed v\u011bdci. Dezorientovan\u00fd ob\u010dan\" width=\"640\" height=\"360\" src=\"https:\/\/www.youtube.com\/embed\/HoD5KchSUtg?start=1&#038;feature=oembed\" frameborder=\"0\" allow=\"accelerometer; autoplay; clipboard-write; encrypted-media; gyroscope; picture-in-picture; web-share\" allowfullscreen><\/iframe><\/p>\n<p>&nbsp;<\/p>\n<p>V\u0161echna videa, rozhovory a podcasty na jednom m\u00edst\u011b: www.abybylojasno.cz<\/p>\n<p>&nbsp;<\/p>\n<p><a href=\"https:\/\/stranapro.cz\/\"><img decoding=\"async\" loading=\"lazy\" class=\"wp-image-30218 aligncenter\" src=\"http:\/\/www.infokuryr.cz\/n\/wp-content\/uploads\/2023\/06\/PRO-banner-300x36.png\" alt=\"\" width=\"1367\" height=\"164\" srcset=\"https:\/\/www.infokuryr.cz\/n\/wp-content\/uploads\/2023\/06\/PRO-banner-300x36.png 300w, https:\/\/www.infokuryr.cz\/n\/wp-content\/uploads\/2023\/06\/PRO-banner-768x93.png 768w, https:\/\/www.infokuryr.cz\/n\/wp-content\/uploads\/2023\/06\/PRO-banner.png 849w\" sizes=\"(max-width: 1367px) 100vw, 1367px\" \/><\/a><\/p>\n<p>&nbsp;<\/p>\n<p>&nbsp;<\/p>\n<p>&nbsp;<\/p>\n","protected":false},"excerpt":{"rendered":"<p>V\u00edte, \u017ee v \u010cesk\u00e9 republice je jen 29 procent proukrajinsk\u00fdch a protirusk\u00fdch demokrat\u016f? V\u00edte, \u017ee&#8230;<\/p>\n","protected":false},"author":2,"featured_media":37561,"comment_status":"closed","ping_status":"closed","sticky":false,"template":"","format":"standard","meta":[],"categories":[6],"tags":[2462,146,1342,29,889],"_links":{"self":[{"href":"https:\/\/www.infokuryr.cz\/n\/wp-json\/wp\/v2\/posts\/37560"}],"collection":[{"href":"https:\/\/www.infokuryr.cz\/n\/wp-json\/wp\/v2\/posts"}],"about":[{"href":"https:\/\/www.infokuryr.cz\/n\/wp-json\/wp\/v2\/types\/post"}],"author":[{"embeddable":true,"href":"https:\/\/www.infokuryr.cz\/n\/wp-json\/wp\/v2\/users\/2"}],"replies":[{"embeddable":true,"href":"https:\/\/www.infokuryr.cz\/n\/wp-json\/wp\/v2\/comments?post=37560"}],"version-history":[{"count":0,"href":"https:\/\/www.infokuryr.cz\/n\/wp-json\/wp\/v2\/posts\/37560\/revisions"}],"wp:featuredmedia":[{"embeddable":true,"href":"https:\/\/www.infokuryr.cz\/n\/wp-json\/wp\/v2\/media\/37561"}],"wp:attachment":[{"href":"https:\/\/www.infokuryr.cz\/n\/wp-json\/wp\/v2\/media?parent=37560"}],"wp:term":[{"taxonomy":"category","embeddable":true,"href":"https:\/\/www.infokuryr.cz\/n\/wp-json\/wp\/v2\/categories?post=37560"},{"taxonomy":"post_tag","embeddable":true,"href":"https:\/\/www.infokuryr.cz\/n\/wp-json\/wp\/v2\/tags?post=37560"}],"curies":[{"name":"wp","href":"https:\/\/api.w.org\/{rel}","templated":true}]}}