{"id":37547,"date":"2023-10-05T01:08:16","date_gmt":"2023-10-04T23:08:16","guid":{"rendered":"http:\/\/www.infokuryr.cz\/n\/?p=37547"},"modified":"2023-10-04T16:47:27","modified_gmt":"2023-10-04T14:47:27","slug":"ukrajina-umirani-pro-par-m2-v-nejvetsim-zbrojnim-veletrhu-na-svete","status":"publish","type":"post","link":"https:\/\/www.infokuryr.cz\/n\/2023\/10\/05\/ukrajina-umirani-pro-par-m2-v-nejvetsim-zbrojnim-veletrhu-na-svete\/","title":{"rendered":"Ukrajina: Um\u00edr\u00e1n\u00ed pro p\u00e1r m2 v \u201enejv\u011bt\u0161\u00edm zbrojn\u00edm veletrhu na sv\u011bt\u011b\u201c"},"content":{"rendered":"<div id=\"fb-root\"><\/div>\n<p><span style=\"font-size: 18pt;\"><strong>\u0160patn\u00e1 zpr\u00e1va pro Ukrajinu zn\u00ed takto:<\/strong><\/span><\/p>\n<p><span>Podle americk\u00fdch analytik\u016f pr\u00fd Rusov\u00e9 dos\u00e1hli pr\u016flomu.\u00a0Jak uv\u00e1d\u00ed \u201eISW\u201c, zasa\u017een\u00e1 oblast ji\u017e nen\u00ed oblast\u00ed ukrajinsk\u00e9 protiofenz\u00edvy, ale sp\u00ed\u0161e skute\u010dn\u00fdm rusk\u00fdm postupem.<\/span><\/p>\n<p><a href=\"https:\/\/www.understandingwar.org\/backgrounder\/russian-offensive-campaign-assessment-october-1-2023\" rel=\"noopener\"><span>Rusk\u00e9 ozbrojen\u00e9 s\u00edly provedly \u00fasp\u011b\u0161n\u00e9 taktick\u00e9 proti\u00fatoky v oblasti Robotine, kterou podle \u201e ISW<\/span><\/a><span>\u00a0\u201c (Institut pro studium v\u00e1lky) v z\u00e1\u0159\u00ed dobyli Ukrajinci\u00a0. Situace ji\u017en\u011b od Robotine je v\u0161ak pr\u00fd nestabiln\u00ed. , proto\u017ee n\u011bkter\u00e9 jsou strategick\u00e9 D\u016fle\u017eit\u00e9 opevn\u011bn\u00ed n\u011bkolikr\u00e1t zm\u011bnilo majitele.\u00a0Vzhledem k sou\u010dasn\u00e9 situaci v\u0161ak \u201eISW\u201c p\u00ed\u0161e:<\/span><\/p>\n<p><strong>\u201e\u00a0<em>V t\u00e9to oblasti ji\u017e neexistuje ukrajinsk\u00e1 protiofenz\u00edva.\u00a0Je to rusk\u00fd krok.&#8220;<\/em><\/strong><\/p>\n<p><span>Podle aktu\u00e1ln\u00ed anal\u00fdzy\u00a0<\/span><a href=\"https:\/\/www.nytimes.com\/interactive\/2023\/09\/28\/world\/europe\/russia-ukraine-war-map-front-line.html?smid=nytcore-android-share&amp;fbclid=IwAR2r7eYbfuR3j6t1jzWldlY0WvIf0z2N2XNVQejEETOApyEgONf-aFxjlsA\" rel=\"noopener\"><span>New York Times<\/span><\/a><span>\u00a0nav\u00edc Rusko nyn\u00ed vlastn\u00ed zhruba o 510 kilometr\u016f \u010dtvere\u010dn\u00edch v\u00edce ukrajinsk\u00e9ho \u00fazem\u00ed ne\u017e loni.\u00a0<\/span><a href=\"https:\/\/mandiner.hu\/kulfold\/2023\/9\/robert-c-castel-az-oroszokat-nem-sikerult-visszaszoritani\"><span>\u00a0V p\u00e1tek Robert C. Castel<\/span><\/a><span>\u00a0\u0159ekl\u00a0<\/span><em><span>, \u017ee <strong>&#8222;Rusko nebylo zatla\u010deno, ale zv\u011bt\u0161ilo sv\u00e9 \u00fazem\u00ed o dal\u0161\u00edch 486 kilometr\u016f \u010dtvere\u010dn\u00edch.&#8220;<\/strong><\/span><\/em><\/p>\n<p><iframe loading=\"lazy\" src=\"https:\/\/www.facebook.com\/plugins\/post.php?href=https%3A%2F%2Fwww.facebook.com%2Frobert.c.castel%2Fposts%2Fpfbid0bmo816L882BaRYKu19USDMz7neiYPQBm1hvyy1ncASpuD247CBVvTcLTFo7c6WQzl&amp;show_text=true&amp;width=500\" width=\"500\" height=\"639\" frameborder=\"0\" scrolling=\"no\" allowfullscreen=\"allowfullscreen\" data-mce-fragment=\"1\"><\/iframe><\/p>\n<p><span style=\"font-size: 18pt;\"><strong>&#8222;Lid\u00e9 um\u00edraj\u00ed na p\u00e1r metrech \u010dtvere\u010dn\u00edch&#8220;<\/strong><\/span><\/p>\n<p><span>Na nesmyslnost v\u00e1lky upozornila i novin\u00e1\u0159ka Caitlin Johnstoneov\u00e1.<\/span><\/p>\n<div class=\"twitter-tweet twitter-tweet-rendered\"><iframe id=\"twitter-widget-0\" class=\"\" title=\"Twitter Tweet\" src=\"https:\/\/platform.twitter.com\/embed\/Tweet.html?dnt=false&amp;embedId=twitter-widget-0&amp;features=eyJ0ZndfdGltZWxpbmVfbGlzdCI6eyJidWNrZXQiOltdLCJ2ZXJzaW9uIjpudWxsfSwidGZ3X2ZvbGxvd2VyX2NvdW50X3N1bnNldCI6eyJidWNrZXQiOnRydWUsInZlcnNpb24iOm51bGx9LCJ0ZndfdHdlZXRfZWRpdF9iYWNrZW5kIjp7ImJ1Y2tldCI6Im9uIiwidmVyc2lvbiI6bnVsbH0sInRmd19yZWZzcmNfc2Vzc2lvbiI6eyJidWNrZXQiOiJvbiIsInZlcnNpb24iOm51bGx9LCJ0ZndfZm9zbnJfc29mdF9pbnRlcnZlbnRpb25zX2VuYWJsZWQiOnsiYnVja2V0Ijoib24iLCJ2ZXJzaW9uIjpudWxsfSwidGZ3X21peGVkX21lZGlhXzE1ODk3Ijp7ImJ1Y2tldCI6InRyZWF0bWVudCIsInZlcnNpb24iOm51bGx9LCJ0ZndfZXhwZXJpbWVudHNfY29va2llX2V4cGlyYXRpb24iOnsiYnVja2V0IjoxMjA5NjAwLCJ2ZXJzaW9uIjpudWxsfSwidGZ3X3Nob3dfYmlyZHdhdGNoX3Bpdm90c19lbmFibGVkIjp7ImJ1Y2tldCI6Im9uIiwidmVyc2lvbiI6bnVsbH0sInRmd19kdXBsaWNhdGVfc2NyaWJlc190b19zZXR0aW5ncyI6eyJidWNrZXQiOiJvbiIsInZlcnNpb24iOm51bGx9LCJ0ZndfdXNlX3Byb2ZpbGVfaW1hZ2Vfc2hhcGVfZW5hYmxlZCI6eyJidWNrZXQiOiJvbiIsInZlcnNpb24iOm51bGx9LCJ0ZndfdmlkZW9faGxzX2R5bmFtaWNfbWFuaWZlc3RzXzE1MDgyIjp7ImJ1Y2tldCI6InRydWVfYml0cmF0ZSIsInZlcnNpb24iOm51bGx9LCJ0ZndfbGVnYWN5X3RpbWVsaW5lX3N1bnNldCI6eyJidWNrZXQiOnRydWUsInZlcnNpb24iOm51bGx9LCJ0ZndfdHdlZXRfZWRpdF9mcm9udGVuZCI6eyJidWNrZXQiOiJvbiIsInZlcnNpb24iOm51bGx9fQ%3D%3D&amp;frame=false&amp;hideCard=false&amp;hideThread=false&amp;id=1708526656195850662&amp;lang=cs&amp;origin=https%3A%2F%2Funser-mitteleuropa.com%2Fukraine-sterben-fuer-ein-paar-m2-auf-der-groessten-waffenmesse-der-welt%2F&amp;sessionId=61b669d38089215f006f5a1a9805371204c1c927&amp;siteScreenName=UNSER%20MITTELEUROPA&amp;theme=light&amp;widgetsVersion=aaf4084522e3a%3A1674595607486&amp;width=550px\" frameborder=\"0\" scrolling=\"no\" allowfullscreen=\"allowfullscreen\" data-tweet-id=\"1708526656195850662\" data-mce-fragment=\"1\"><\/iframe><\/div>\n<div>\n<img decoding=\"async\" loading=\"lazy\" class=\"alignnone size-full wp-image-1185\" src=\"http:\/\/www.infokuryr.cz\/n\/wp-content\/uploads\/2021\/04\/kuryr-podpis.png\" alt=\"\" width=\"84\" height=\"24\" \/><\/p>\n<p><a href=\"https:\/\/stranapro.cz\/\"><img decoding=\"async\" loading=\"lazy\" class=\"wp-image-30218 aligncenter\" src=\"http:\/\/www.infokuryr.cz\/n\/wp-content\/uploads\/2023\/06\/PRO-banner-300x36.png\" alt=\"\" width=\"1367\" height=\"164\" srcset=\"https:\/\/www.infokuryr.cz\/n\/wp-content\/uploads\/2023\/06\/PRO-banner-300x36.png 300w, https:\/\/www.infokuryr.cz\/n\/wp-content\/uploads\/2023\/06\/PRO-banner-768x93.png 768w, https:\/\/www.infokuryr.cz\/n\/wp-content\/uploads\/2023\/06\/PRO-banner.png 849w\" sizes=\"(max-width: 1367px) 100vw, 1367px\" \/><\/a><\/p>\n<\/div>\n","protected":false},"excerpt":{"rendered":"<p>\u0160patn\u00e1 zpr\u00e1va pro Ukrajinu zn\u00ed takto: Podle americk\u00fdch analytik\u016f pr\u00fd Rusov\u00e9 dos\u00e1hli pr\u016flomu.\u00a0Jak uv\u00e1d\u00ed \u201eISW\u201c,&#8230;<\/p>\n","protected":false},"author":2,"featured_media":37548,"comment_status":"closed","ping_status":"closed","sticky":false,"template":"","format":"standard","meta":[],"categories":[7],"tags":[4338,29,353,26],"_links":{"self":[{"href":"https:\/\/www.infokuryr.cz\/n\/wp-json\/wp\/v2\/posts\/37547"}],"collection":[{"href":"https:\/\/www.infokuryr.cz\/n\/wp-json\/wp\/v2\/posts"}],"about":[{"href":"https:\/\/www.infokuryr.cz\/n\/wp-json\/wp\/v2\/types\/post"}],"author":[{"embeddable":true,"href":"https:\/\/www.infokuryr.cz\/n\/wp-json\/wp\/v2\/users\/2"}],"replies":[{"embeddable":true,"href":"https:\/\/www.infokuryr.cz\/n\/wp-json\/wp\/v2\/comments?post=37547"}],"version-history":[{"count":1,"href":"https:\/\/www.infokuryr.cz\/n\/wp-json\/wp\/v2\/posts\/37547\/revisions"}],"predecessor-version":[{"id":37549,"href":"https:\/\/www.infokuryr.cz\/n\/wp-json\/wp\/v2\/posts\/37547\/revisions\/37549"}],"wp:featuredmedia":[{"embeddable":true,"href":"https:\/\/www.infokuryr.cz\/n\/wp-json\/wp\/v2\/media\/37548"}],"wp:attachment":[{"href":"https:\/\/www.infokuryr.cz\/n\/wp-json\/wp\/v2\/media?parent=37547"}],"wp:term":[{"taxonomy":"category","embeddable":true,"href":"https:\/\/www.infokuryr.cz\/n\/wp-json\/wp\/v2\/categories?post=37547"},{"taxonomy":"post_tag","embeddable":true,"href":"https:\/\/www.infokuryr.cz\/n\/wp-json\/wp\/v2\/tags?post=37547"}],"curies":[{"name":"wp","href":"https:\/\/api.w.org\/{rel}","templated":true}]}}