{"id":37543,"date":"2023-10-05T01:06:06","date_gmt":"2023-10-04T23:06:06","guid":{"rendered":"http:\/\/www.infokuryr.cz\/n\/?p=37543"},"modified":"2023-10-04T16:36:47","modified_gmt":"2023-10-04T14:36:47","slug":"nemecko-krize-je-na-trhu-prace-drasticky-videt","status":"publish","type":"post","link":"https:\/\/www.infokuryr.cz\/n\/2023\/10\/05\/nemecko-krize-je-na-trhu-prace-drasticky-videt\/","title":{"rendered":"N\u011bmecko \u2013 krize je na trhu pr\u00e1ce drasticky vid\u011bt"},"content":{"rendered":"<div id=\"fb-root\"><\/div>\n<p><span style=\"font-size: 18pt;\"><strong>Feder\u00e1ln\u00ed \u00fa\u0159ad pr\u00e1ce nyn\u00ed hl\u00e1s\u00ed n\u00e1r\u016fst nezam\u011bstnanosti ve srovn\u00e1n\u00ed se stejn\u00fdm m\u011bs\u00edcem lo\u0148sk\u00e9ho roku.\u00a0Podzimn\u00ed o\u017eiven\u00ed je extr\u00e9mn\u011b slab\u00e9.\u00a0<\/strong><strong>Sni\u017euje se i po\u010det voln\u00fdch m\u00edst<\/strong><\/span><\/p>\n<p><span>Nen\u00ed divu, \u017ee vzhledem k nespo\u010dtu firemn\u00edch bankrot\u016f a migraci firem z N\u011bmecka kles\u00e1 i po\u010det voln\u00fdch m\u00edst.<\/span><\/p>\n<p><span>Podporu v nezam\u011bstnanosti v sou\u010dasnosti pob\u00edr\u00e1 779 000 lid\u00ed, co\u017e znamen\u00e1, \u017ee st\u00e1tn\u00ed podporu pob\u00edr\u00e1 7,2 procenta lid\u00ed v produktivn\u00edm v\u011bku.<\/span><\/p>\n<p><span>Extr\u00e9mn\u011b negativn\u00ed sign\u00e1ly z trhu pr\u00e1ce.\u00a0Podzimn\u00ed o\u017eiven\u00ed je letos extr\u00e9mn\u011b n\u00edzk\u00e9.\u00a0Po\u010det nezam\u011bstnan\u00fdch oproti stejn\u00e9mu m\u011bs\u00edci lo\u0148sk\u00e9ho roku znateln\u011b stoup\u00e1.<\/span><\/p>\n<p><span>N\u011bmecko je v recesi, n\u011bmeck\u00e1 ekonomika se zmen\u0161uje.\u00a0Efekty se p\u0159irozen\u011b dost\u00e1vaj\u00ed na trh pr\u00e1ce s m\u00edrn\u00fdm zpo\u017ed\u011bn\u00edm.<\/span><\/p>\n<p><span style=\"font-size: 18pt;\"><strong>Recese \u201edorazila\u201c<\/strong><\/span><\/p>\n<p><span>Daniel Terzenbach, \u0161\u00e9f region\u016f Spolkov\u00e9ho \u00fa\u0159adu pr\u00e1ce, p\u0159i prezentaci aktu\u00e1ln\u00ed statistiky nezam\u011bstnanosti v Norimberku vysv\u011btlil, \u017ee \u201epo\u010d\u00e1tek podzimn\u00edho o\u017eiven\u00ed je letos pom\u011brn\u011b mal\u00fd\u201c.<\/span><\/p>\n<p><span>Nezam\u011bstnanost sice oproti srpnu klesla, ale ve srovn\u00e1n\u00ed se stejn\u00fdm m\u011bs\u00edcem lo\u0148sk\u00e9ho roku vzrostla.\u00a0Je to 5,7 procenta.\u00a0Ve srovn\u00e1n\u00ed se stejn\u00fdm m\u011bs\u00edcem lo\u0148sk\u00e9ho roku tak\u00e9 v\u00fdrazn\u011b vzrostla podzam\u011bstnanost.<\/span><\/p>\n<p><span>Celkem 3,44 milionu pracuj\u00edc\u00edch lid\u00ed je v sou\u010dasn\u00e9 dob\u011b bez pr\u00e1ce, v opat\u0159en\u00ed nebo kr\u00e1tkodob\u011b pr\u00e1ce neschopn\u00fdch.\u00a0To je o 190 000 lid\u00ed v\u00edce ne\u017e p\u0159ed rokem.<\/span><\/p>\n<p><span>Znateln\u011b se sni\u017euje i po\u010det voln\u00fdch pracovn\u00edch m\u00edst.\u00a0Spolkov\u00fd \u00fa\u0159ad pr\u00e1ce zaregistroval v z\u00e1\u0159\u00ed 761 000 pracovn\u00edch nab\u00eddek.\u00a0To bylo o 113 000 m\u00e9n\u011b ne\u017e p\u0159ed rokem.<\/span><\/p>\n<p><span>Po\u010det lid\u00ed pob\u00edraj\u00edc\u00edch podporu v nezam\u011bstnanosti se zv\u00fd\u0161il o 81 tis\u00edc na 779 tis\u00edc.\u00a0Zv\u00fd\u0161il se i po\u010det lid\u00ed v produktivn\u00edm v\u011bku, kte\u0159\u00ed museli v z\u00e1\u0159\u00ed \u017e\u00e1dat o d\u00e1vky podle II. z\u00e1kon\u00edku soci\u00e1ln\u00edho zabezpe\u010den\u00ed (z\u00e1kladn\u00ed zabezpe\u010den\u00ed\/Hartz IV\/ob\u010dansk\u00e1 d\u00e1vka).\u00a07,2 procenta lid\u00ed v produktivn\u00edm v\u011bku v N\u011bmecku je z\u00e1visl\u00fdch na vl\u00e1dn\u00ed pomoci.<\/span><\/p>\n<p><span>Vzhledem k ekonomick\u00e9 situaci je pro nezam\u011bstnan\u00e9 mnohem obt\u00ed\u017en\u011bj\u0161\u00ed vr\u00e1tit se na trh pr\u00e1ce.\u00a0Celkov\u011b je ale trh pr\u00e1ce stabiln\u00ed, \u0159ekl klidn\u011b Terzenbach.<\/span><\/p>\n<p><img decoding=\"async\" loading=\"lazy\" class=\"alignnone size-full wp-image-1185\" src=\"http:\/\/www.infokuryr.cz\/n\/wp-content\/uploads\/2021\/04\/kuryr-podpis.png\" alt=\"\" width=\"84\" height=\"24\" \/><\/p>\n<p>&nbsp;<\/p>\n<p><a href=\"https:\/\/stranapro.cz\/\"><img decoding=\"async\" loading=\"lazy\" class=\"wp-image-30218 aligncenter\" src=\"http:\/\/www.infokuryr.cz\/n\/wp-content\/uploads\/2023\/06\/PRO-banner-300x36.png\" alt=\"\" width=\"1358\" height=\"163\" srcset=\"https:\/\/www.infokuryr.cz\/n\/wp-content\/uploads\/2023\/06\/PRO-banner-300x36.png 300w, https:\/\/www.infokuryr.cz\/n\/wp-content\/uploads\/2023\/06\/PRO-banner-768x93.png 768w, https:\/\/www.infokuryr.cz\/n\/wp-content\/uploads\/2023\/06\/PRO-banner.png 849w\" sizes=\"(max-width: 1358px) 100vw, 1358px\" \/><\/a><\/p>\n<p>&nbsp;<\/p>\n<p>&nbsp;<\/p>\n<p>&nbsp;<\/p>\n","protected":false},"excerpt":{"rendered":"<p>Feder\u00e1ln\u00ed \u00fa\u0159ad pr\u00e1ce nyn\u00ed hl\u00e1s\u00ed n\u00e1r\u016fst nezam\u011bstnanosti ve srovn\u00e1n\u00ed se stejn\u00fdm m\u011bs\u00edcem lo\u0148sk\u00e9ho roku.\u00a0Podzimn\u00ed o\u017eiven\u00ed&#8230;<\/p>\n","protected":false},"author":2,"featured_media":37544,"comment_status":"closed","ping_status":"closed","sticky":false,"template":"","format":"standard","meta":[],"categories":[7],"tags":[371,84,3013,6044],"_links":{"self":[{"href":"https:\/\/www.infokuryr.cz\/n\/wp-json\/wp\/v2\/posts\/37543"}],"collection":[{"href":"https:\/\/www.infokuryr.cz\/n\/wp-json\/wp\/v2\/posts"}],"about":[{"href":"https:\/\/www.infokuryr.cz\/n\/wp-json\/wp\/v2\/types\/post"}],"author":[{"embeddable":true,"href":"https:\/\/www.infokuryr.cz\/n\/wp-json\/wp\/v2\/users\/2"}],"replies":[{"embeddable":true,"href":"https:\/\/www.infokuryr.cz\/n\/wp-json\/wp\/v2\/comments?post=37543"}],"version-history":[{"count":1,"href":"https:\/\/www.infokuryr.cz\/n\/wp-json\/wp\/v2\/posts\/37543\/revisions"}],"predecessor-version":[{"id":37545,"href":"https:\/\/www.infokuryr.cz\/n\/wp-json\/wp\/v2\/posts\/37543\/revisions\/37545"}],"wp:featuredmedia":[{"embeddable":true,"href":"https:\/\/www.infokuryr.cz\/n\/wp-json\/wp\/v2\/media\/37544"}],"wp:attachment":[{"href":"https:\/\/www.infokuryr.cz\/n\/wp-json\/wp\/v2\/media?parent=37543"}],"wp:term":[{"taxonomy":"category","embeddable":true,"href":"https:\/\/www.infokuryr.cz\/n\/wp-json\/wp\/v2\/categories?post=37543"},{"taxonomy":"post_tag","embeddable":true,"href":"https:\/\/www.infokuryr.cz\/n\/wp-json\/wp\/v2\/tags?post=37543"}],"curies":[{"name":"wp","href":"https:\/\/api.w.org\/{rel}","templated":true}]}}