{"id":37540,"date":"2023-10-05T01:05:30","date_gmt":"2023-10-04T23:05:30","guid":{"rendered":"http:\/\/www.infokuryr.cz\/n\/?p=37540"},"modified":"2023-10-04T16:31:36","modified_gmt":"2023-10-04T14:31:36","slug":"nejvetsi-nabijeci-stanice-pro-elektromobily-tesla-na-svete-je-pohanena-skrytymi-dieselovymi-generatory","status":"publish","type":"post","link":"https:\/\/www.infokuryr.cz\/n\/2023\/10\/05\/nejvetsi-nabijeci-stanice-pro-elektromobily-tesla-na-svete-je-pohanena-skrytymi-dieselovymi-generatory\/","title":{"rendered":"Nejv\u011bt\u0161\u00ed nab\u00edjec\u00ed stanice pro elektromobily Tesla na sv\u011bt\u011b je poh\u00e1n\u011bna &#8222;skryt\u00fdmi dieselov\u00fdmi gener\u00e1tory&#8220;"},"content":{"rendered":"<div id=\"fb-root\"><\/div>\n<p><strong><span>Nejv\u011bt\u0161\u00ed nab\u00edjec\u00ed stanice pro elektromobily na sv\u011bt\u011b je v Kalifornii.\u00a0Stanice Harris Ranch Tesla Supercharger v Coalinga v\u0161ak neb\u011b\u017e\u00ed pouze na sol\u00e1rn\u00ed energii: po\u017eadovanou elekt\u0159inu zjevn\u011b poskytuj\u00ed skryt\u00e9 dieselov\u00e9 gener\u00e1tory.<\/span><\/strong><\/p>\n<p><span>P\u0159ed pouh\u00fdmi \u0161esti lety Tesla uvedla, \u017ee p\u0159eb\u00edjec\u00ed stanice v s\u00edti elektromobil\u016f by m\u011bly b\u00fdt postupn\u011b odpojeny od obecn\u00e9 elektrick\u00e9 s\u00edt\u011b a pot\u00e9 provozov\u00e1ny \u010dist\u011b na sol\u00e1rn\u00ed energii.\u00a0Zd\u00e1 se v\u0161ak, \u017ee slib byl jen pr\u00e1zdn\u00fd vzduch.\u00a0Alespo\u0148 pokud jde o nejv\u011bt\u0161\u00ed z t\u011bchto syst\u00e9m\u016f nab\u00edjec\u00edch stanic pro elektromobily v Coalinga v Kalifornii s 86 nab\u00edjec\u00edmi stanicemi.\u00a0<\/span><strong><span>Proto\u017ee tato stanice nen\u00ed p\u0159\u00edmo napojena na sol\u00e1rn\u00ed elektr\u00e1rny \u2013 ale na b\u011b\u017enou kalifornskou elektrickou s\u00ed\u0165 a skryt\u00e9 dieselov\u00e9 gener\u00e1tory.<\/span><\/strong><\/p>\n<figure class=\"wp-block-embed is-type-rich is-provider-twitter wp-block-embed-twitter\">\n<div class=\"wp-block-embed__wrapper\">\n<div class=\"twitter-tweet twitter-tweet-rendered\"><iframe id=\"twitter-widget-0\" class=\"\" title=\"Twitter Tweet\" src=\"https:\/\/platform.twitter.com\/embed\/Tweet.html?dnt=true&amp;embedId=twitter-widget-0&amp;features=eyJ0ZndfdGltZWxpbmVfbGlzdCI6eyJidWNrZXQiOltdLCJ2ZXJzaW9uIjpudWxsfSwidGZ3X2ZvbGxvd2VyX2NvdW50X3N1bnNldCI6eyJidWNrZXQiOnRydWUsInZlcnNpb24iOm51bGx9LCJ0ZndfdHdlZXRfZWRpdF9iYWNrZW5kIjp7ImJ1Y2tldCI6Im9uIiwidmVyc2lvbiI6bnVsbH0sInRmd19yZWZzcmNfc2Vzc2lvbiI6eyJidWNrZXQiOiJvbiIsInZlcnNpb24iOm51bGx9LCJ0ZndfZm9zbnJfc29mdF9pbnRlcnZlbnRpb25zX2VuYWJsZWQiOnsiYnVja2V0Ijoib24iLCJ2ZXJzaW9uIjpudWxsfSwidGZ3X21peGVkX21lZGlhXzE1ODk3Ijp7ImJ1Y2tldCI6InRyZWF0bWVudCIsInZlcnNpb24iOm51bGx9LCJ0ZndfZXhwZXJpbWVudHNfY29va2llX2V4cGlyYXRpb24iOnsiYnVja2V0IjoxMjA5NjAwLCJ2ZXJzaW9uIjpudWxsfSwidGZ3X3Nob3dfYmlyZHdhdGNoX3Bpdm90c19lbmFibGVkIjp7ImJ1Y2tldCI6Im9uIiwidmVyc2lvbiI6bnVsbH0sInRmd19kdXBsaWNhdGVfc2NyaWJlc190b19zZXR0aW5ncyI6eyJidWNrZXQiOiJvbiIsInZlcnNpb24iOm51bGx9LCJ0ZndfdXNlX3Byb2ZpbGVfaW1hZ2Vfc2hhcGVfZW5hYmxlZCI6eyJidWNrZXQiOiJvbiIsInZlcnNpb24iOm51bGx9LCJ0ZndfdmlkZW9faGxzX2R5bmFtaWNfbWFuaWZlc3RzXzE1MDgyIjp7ImJ1Y2tldCI6InRydWVfYml0cmF0ZSIsInZlcnNpb24iOm51bGx9LCJ0ZndfbGVnYWN5X3RpbWVsaW5lX3N1bnNldCI6eyJidWNrZXQiOnRydWUsInZlcnNpb24iOm51bGx9LCJ0ZndfdHdlZXRfZWRpdF9mcm9udGVuZCI6eyJidWNrZXQiOiJvbiIsInZlcnNpb24iOm51bGx9fQ%3D%3D&amp;frame=false&amp;hideCard=false&amp;hideThread=false&amp;id=1709232051197505762&amp;lang=cs&amp;origin=https%3A%2F%2Freport24.news%2Fweltgroesste-elektroauto-ladestation-von-tesla-wird-von-versteckten-dieselgeneratoren-betrieben%2F&amp;sessionId=faabae6226c180260b69b4364e5c157bb0126154&amp;theme=light&amp;widgetsVersion=aaf4084522e3a%3A1674595607486&amp;width=550px\" frameborder=\"0\" scrolling=\"no\" allowfullscreen=\"allowfullscreen\" data-tweet-id=\"1709232051197505762\" data-mce-fragment=\"1\"><\/iframe><\/div>\n<\/div>\n<\/figure>\n<p><strong><a href=\"https:\/\/cowboystatedaily.com\/2023\/09\/30\/largest-ev-charging-station-in-the-world-uses-diesel-powered-generators\/\" target=\"_blank\" rel=\"noreferrer noopener\"><span>Podle zpr\u00e1vy<\/span><\/a><span>\u00a0ze Spojen\u00fdch st\u00e1t\u016f objevil investigativn\u00ed novin\u00e1\u0159 Edward Niedermeyer tyto gener\u00e1tory za \u010derpac\u00ed stanic\u00ed Shell.\u00a0<\/span><\/strong><span>Tesla v\u0161ak nereagovala na dotazy m\u00e9di\u00ed, jak\u00e9 mno\u017estv\u00ed elekt\u0159iny pro nab\u00edjec\u00ed stanici poskytne.\u00a0K tomu se p\u0159id\u00e1v\u00e1 skute\u010dnost, \u017ee velkou \u010d\u00e1st elekt\u0159iny v Kalifornii st\u00e1le vyr\u00e1b\u011bj\u00ed elektr\u00e1rny na zemn\u00ed plyn, tak\u017ee o \u201ezelen\u00e9 elekt\u0159in\u011b\u201c pro tuto nab\u00edjec\u00ed stanici lze jen st\u011b\u017e\u00ed mluvit.\u00a0A podle t\u00e9to zpr\u00e1vy to rozhodn\u011b nen\u00ed ojedin\u011bl\u00fd p\u0159\u00edpad.<\/span><\/p>\n<p><span>Je st\u00e1le jasn\u011bj\u0161\u00ed, \u017ee utopick\u00e9 pl\u00e1ny klimatick\u00fdch apokalyptist\u016f prost\u011b nefunguj\u00ed.\u00a0Nelze um\u011ble zvy\u0161ovat popt\u00e1vku (po elekt\u0159in\u011b) a pak ani za\u010d\u00edt um\u011bt upravovat nab\u00eddku (domn\u011ble \u201ezelen\u00e9\u201c elekt\u0159iny) sm\u011brem nahoru.\u00a0\u010c\u00edm v\u00edce t\u011bchto elektrick\u00fdch vozidel bude na cest\u00e1ch, t\u00edm v\u00edce elekt\u0159iny pro n\u011b bude muset b\u00fdt vyrobeno.\u00a0Ale jak m\u00e1 tento v\u00fdpo\u010det fungovat, pokud chcete z t\u00e9to rovnice odstranit fosiln\u00ed paliva?<\/span><\/p>\n<p><img decoding=\"async\" loading=\"lazy\" class=\"alignnone size-full wp-image-1185\" src=\"http:\/\/www.infokuryr.cz\/n\/wp-content\/uploads\/2021\/04\/kuryr-podpis.png\" alt=\"\" width=\"84\" height=\"24\" \/><\/p>\n<p>&nbsp;<\/p>\n<p><a href=\"https:\/\/stranapro.cz\/\"><img decoding=\"async\" loading=\"lazy\" class=\"wp-image-30218 aligncenter\" src=\"http:\/\/www.infokuryr.cz\/n\/wp-content\/uploads\/2023\/06\/PRO-banner-300x36.png\" alt=\"\" width=\"1358\" height=\"163\" srcset=\"https:\/\/www.infokuryr.cz\/n\/wp-content\/uploads\/2023\/06\/PRO-banner-300x36.png 300w, https:\/\/www.infokuryr.cz\/n\/wp-content\/uploads\/2023\/06\/PRO-banner-768x93.png 768w, https:\/\/www.infokuryr.cz\/n\/wp-content\/uploads\/2023\/06\/PRO-banner.png 849w\" sizes=\"(max-width: 1358px) 100vw, 1358px\" \/><\/a><\/p>\n<p>&nbsp;<\/p>\n<p>&nbsp;<\/p>\n<p>&nbsp;<\/p>\n","protected":false},"excerpt":{"rendered":"<p>Nejv\u011bt\u0161\u00ed nab\u00edjec\u00ed stanice pro elektromobily na sv\u011bt\u011b je v Kalifornii.\u00a0Stanice Harris Ranch Tesla Supercharger v&#8230;<\/p>\n","protected":false},"author":2,"featured_media":37541,"comment_status":"closed","ping_status":"closed","sticky":false,"template":"","format":"standard","meta":[],"categories":[7],"tags":[6043,4554,6042],"_links":{"self":[{"href":"https:\/\/www.infokuryr.cz\/n\/wp-json\/wp\/v2\/posts\/37540"}],"collection":[{"href":"https:\/\/www.infokuryr.cz\/n\/wp-json\/wp\/v2\/posts"}],"about":[{"href":"https:\/\/www.infokuryr.cz\/n\/wp-json\/wp\/v2\/types\/post"}],"author":[{"embeddable":true,"href":"https:\/\/www.infokuryr.cz\/n\/wp-json\/wp\/v2\/users\/2"}],"replies":[{"embeddable":true,"href":"https:\/\/www.infokuryr.cz\/n\/wp-json\/wp\/v2\/comments?post=37540"}],"version-history":[{"count":1,"href":"https:\/\/www.infokuryr.cz\/n\/wp-json\/wp\/v2\/posts\/37540\/revisions"}],"predecessor-version":[{"id":37542,"href":"https:\/\/www.infokuryr.cz\/n\/wp-json\/wp\/v2\/posts\/37540\/revisions\/37542"}],"wp:featuredmedia":[{"embeddable":true,"href":"https:\/\/www.infokuryr.cz\/n\/wp-json\/wp\/v2\/media\/37541"}],"wp:attachment":[{"href":"https:\/\/www.infokuryr.cz\/n\/wp-json\/wp\/v2\/media?parent=37540"}],"wp:term":[{"taxonomy":"category","embeddable":true,"href":"https:\/\/www.infokuryr.cz\/n\/wp-json\/wp\/v2\/categories?post=37540"},{"taxonomy":"post_tag","embeddable":true,"href":"https:\/\/www.infokuryr.cz\/n\/wp-json\/wp\/v2\/tags?post=37540"}],"curies":[{"name":"wp","href":"https:\/\/api.w.org\/{rel}","templated":true}]}}