{"id":37478,"date":"2023-10-04T01:11:25","date_gmt":"2023-10-03T23:11:25","guid":{"rendered":"http:\/\/www.infokuryr.cz\/n\/?p=37478"},"modified":"2023-10-03T11:21:03","modified_gmt":"2023-10-03T09:21:03","slug":"otevrene-hranice-svedska-12leta-divka-prepadena-a-zbita-do-bezvedomi-gangem-migrantu-pri-nakupu-cukrovi","status":"publish","type":"post","link":"https:\/\/www.infokuryr.cz\/n\/2023\/10\/04\/otevrene-hranice-svedska-12leta-divka-prepadena-a-zbita-do-bezvedomi-gangem-migrantu-pri-nakupu-cukrovi\/","title":{"rendered":"Otev\u0159en\u00e9 hranice \u0160v\u00e9dska: 12let\u00e1 d\u00edvka p\u0159epadena a zbita do bezv\u011bdom\u00ed gangem migrant\u016f p\u0159i n\u00e1kupu cukrov\u00ed"},"content":{"rendered":"<div id=\"fb-root\"><\/div>\n<div class=\"entry-headline h5\">\n<p><strong>\u201eFyzick\u00e9 r\u00e1ny se \u010dasem zahoj\u00ed, ale psychick\u00e9 jizvy jsou nejist\u00e9.\u00a0C\u00edt\u00ed \u00fazkost a strach.\u00a0Kdy\u017e je v\u00e1m dvan\u00e1ct let a budete vystaveni n\u011b\u010demu takov\u00e9mu, zanech\u00e1 to trval\u00fd dopad.\u201c\u00a0\u2013 sd\u011bluje Malvin otec, Rickard B\u00f6kman.<\/strong><\/p>\n<\/div>\n<div class=\"entry-content\">\n<p><span>Ned\u00e1vno v sobotu m\u011bla 12let\u00e1 Malva, obyvatelka M\u00f6rrumu, tr\u00fdzniv\u00fd z\u00e1\u017eitek, kdy\u017e se pokou\u0161ela koupit sladkosti v m\u00edstn\u00edm obchod\u011b Ica.\u00a0N\u00e1hle byla p\u0159epadena a brut\u00e1ln\u011b napadena skupinou mlad\u00fdch imigrant\u016f, co\u017e vedlo ke ztr\u00e1t\u011b v\u011bdom\u00ed.\u00a0Tento skli\u010duj\u00edc\u00ed incident ji donutil str\u00e1vit noc v nemocnici a traumatickou zkou\u0161kou z\u016fst\u00e1v\u00e1 hluboce ot\u0159esena.\u00a0Malvin otec Rickard b\u011bhem rozhovoru se\u00a0<\/span><a href=\"https:\/\/samnytt.se\/malva-12-skulle-kopa-lordagsgodis-blev-slagen-medvetslos\/\"><span>Samnyttem<\/span><\/a><span>\u00a0vyj\u00e1d\u0159il sv\u00e9 obavy a prohl\u00e1sil: \u201eD\u011bti by nikdy nem\u011bly sn\u00e1\u0161et takov\u00e9 n\u00e1sil\u00ed.<\/span><\/p>\n<p><span>Minulou sobotu si Malva se dv\u011bma p\u0159\u00e1teli napl\u00e1novala n\u00e1v\u0161t\u011bvu obchodu Ica N\u00e4ra v M\u00f6rrumu.<\/span><\/p>\n<p><span>Rickard B\u00f6kman, otec Malvy, \u0159ekl: &#8222;V sobotu odpoledne jsme m\u011bli ve\u010de\u0159i dost pozd\u011b, skoro ve\u010der, a d\u011bti m\u011bly chu\u0165 na sobotn\u00ed cukrov\u00ed.&#8220;<\/span><\/p>\n<p><span>Proto\u017ee bylo teprve kolem sedm\u00e9 hodiny, rodi\u010de v\u011b\u0159ili, \u017ee je\u0161t\u011b nen\u00ed pozd\u011b, aby si Malva a jej\u00ed p\u0159\u00e1tel\u00e9 ud\u011blali rychl\u00fd v\u00fdlet do obchodu.\u00a0Obchod Ica m\u00e1 v\u00fdhodnou polohu jen p\u00e1r set metr\u016f od jejich bydli\u0161t\u011b v mal\u00e9 komunit\u011b mimo Karlshamn.<\/span><\/p>\n<h5><span style=\"font-size: 18pt;\"><strong>Brut\u00e1ln\u00ed napaden\u00ed<\/strong><\/span><\/h5>\n<p><span>Jejich v\u00fdstup v\u0161ak nabral d\u011bsiv\u00fd sp\u00e1d je\u0161t\u011b p\u0159edt\u00edm, ne\u017e v\u016fbec ve\u0161li do obchodu.\u00a0Skupina mlad\u00fdch jedinc\u016f, v\u010detn\u011b dosp\u00edvaj\u00edc\u00edch d\u00edvek a chlapc\u016f, je brut\u00e1ln\u011b napadla.<\/span><\/p>\n<p><span>Rickard B\u00f6kman prozradil: \u201eGang, kter\u00fd je napadl, se skl\u00e1dal ze \u0161esti a\u017e osmi jedinc\u016f ve v\u011bku 16 a\u017e 18 let.<\/span><\/p>\n<p><span>V d\u016fsledku \u00fatoku Malva ztratila v\u011bdom\u00ed a jeden z jej\u00edch p\u0159\u00e1tel byl tak\u00e9 vystaven n\u00e1sil\u00ed.\u00a0Skupina \u00fato\u010dn\u00edk\u016f utekla z m\u00edsta \u010dinu, sebrali elektrick\u00fd sk\u00fatr jej\u00ed kamar\u00e1dky, zat\u00edmco Malvinin telefon le\u017eel rozbit\u00fd na ulici.<\/span><\/p>\n<p><span>Po obdr\u017een\u00ed hovoru o incidentu Rickard okam\u017eit\u011b p\u0159isp\u011bchal na m\u00edsto.\u00a0Okam\u017eit\u011b dorazila tak\u00e9 policie a Malva byla p\u0159evezena na pohotovost, kde str\u00e1vila noc.<\/span><\/p>\n<h5><span style=\"font-size: 18pt;\"><strong>\u017d\u00e1dn\u00fd z\u00e1sah<\/strong><\/span><\/h5>\n<p><span>L\u00e9ka\u0159i pozd\u011bji potvrdili, \u017ee Malva utrp\u011bla p\u0159i \u00fatoku ot\u0159es mozku.\u00a0I kdy\u017e se mezit\u00edm vr\u00e1tila dom\u016f, bylo j\u00ed doporu\u010deno, aby to vzala s nadhledem, aby si usnadnila zotaven\u00ed.<\/span><\/p>\n<p><span>Rickard vyj\u00e1d\u0159il obavy o blaho sv\u00e9 dcery a \u0159ekl: \u201eFyzick\u00e9 r\u00e1ny se \u010dasem zahoj\u00ed, ale psychick\u00e9 jizvy jsou nejist\u00e9.\u00a0C\u00edt\u00ed \u00fazkost a strach.\u00a0Kdy\u017e je v\u00e1m dvan\u00e1ct let a budete vystaveni n\u011b\u010demu takov\u00e9mu, zanech\u00e1 to trval\u00fd dopad.\u201c<\/span><\/p>\n<p>&nbsp;<\/p>\n<figure class=\"wp-block-image size-full\"><img decoding=\"async\" loading=\"lazy\" class=\"wp-image-54784 aligncenter\" src=\"https:\/\/rairfoundation.com\/wp-content\/uploads\/2023\/10\/malva-rickard.jpeg\" sizes=\"(max-width: 750px) 100vw, 750px\" srcset=\"https:\/\/rairfoundation.com\/wp-content\/uploads\/2023\/10\/malva-rickard.jpeg 750w, https:\/\/rairfoundation.com\/wp-content\/uploads\/2023\/10\/malva-rickard-300x200.jpeg 300w, https:\/\/rairfoundation.com\/wp-content\/uploads\/2023\/10\/malva-rickard-370x247.jpeg 370w, https:\/\/rairfoundation.com\/wp-content\/uploads\/2023\/10\/malva-rickard-270x180.jpeg 270w, https:\/\/rairfoundation.com\/wp-content\/uploads\/2023\/10\/malva-rickard-570x380.jpeg 570w, https:\/\/rairfoundation.com\/wp-content\/uploads\/2023\/10\/malva-rickard-740x493.jpeg 740w\" alt=\"\" width=\"750\" height=\"500\" \/><\/figure>\n<p>&nbsp;<\/p>\n<p><span>Rickard tak\u00e9 poznamenal, \u017ee n\u011bkolik sv\u011bdk\u016f pozorovalo, jak d\u011bti napadaly star\u0161\u00ed skupinou.\u00a0\u201eNehodu bylo sv\u011bdkem mnoho lid\u00ed, ale bohu\u017eel nikdo nezas\u00e1hl.\u00a0Policie m\u00e1 v\u00edce sv\u011bdk\u016f, tak\u017ee m\u00e1 n\u011bjak\u00e1 jm\u00e9na, se kter\u00fdmi m\u016f\u017ee pracovat,\u201c uvedl.<\/span><\/p>\n<h5><span style=\"font-size: 18pt;\"><strong>Policie: O podrobnostech ml\u010dte<\/strong><\/span><\/h5>\n<p><span>Malva a jej\u00ed p\u0159\u00e1tel\u00e9 pachatele neznaj\u00ed, jsou to star\u0161\u00ed mlad\u00edci, se kter\u00fdmi se nest\u00fdkaj\u00ed.\u00a0Malva jich v\u0161ak u\u017e v M\u00f6rrumu p\u00e1r vid\u011bla.<\/span><\/p>\n<p><span>\u201ePolicie n\u00e1s po\u017e\u00e1dala, abychom nikoho neprozrazovali ani neobvi\u0148ovali;\u00a0rad\u011bji to \u0159e\u0161\u00ed v klidu a metodicky.\u00a0Souhlasili jsme tedy s jejich \u017e\u00e1dost\u00ed, proto\u017ee jsou v sou\u010dasn\u00e9 dob\u011b vy\u0161et\u0159ov\u00e1ni.\u00a0To prob\u00edhalo cel\u00fd t\u00fdden,\u201c vysv\u011btlil Rickard.<\/span><\/p>\n<p><span>Mezit\u00edm otec dal\u0161\u00edho napaden\u00e9ho d\u00edt\u011bte byl na soci\u00e1ln\u00edch s\u00edt\u00edch otev\u0159en\u011bj\u0161\u00ed.\u00a0Na Facebooku skupinu popsal jako \u201ed\u00edvky ve v\u011bku 15\u201318 let, chlapce ve v\u011bku 17\u201320 let, oble\u010den\u00fd v tmav\u00e9m oble\u010den\u00ed, s \u010dern\u00fdmi kudrnat\u00fdmi vlasy, v\u0161ichni ciz\u00edho p\u016fvodu\u201c.<\/span><\/p>\n<p><a href=\"https:\/\/samnytt.se\/malva-12-skulle-kopa-lordagsgodis-blev-slagen-medvetslos\/\"><span>Samnytt se opakovan\u011b<\/span><\/a><span>\u00a0pokou\u0161el\u00a0kontaktovat velitele stanice a p\u0159ivolan\u00e9ho vy\u0161et\u0159ovatele na policejn\u00ed stanici v Karlshamnu, kde se brut\u00e1ln\u00ed napaden\u00ed vy\u0161et\u0159uje.\u00a0Velitel stanice v Blekinge vysv\u011btlil, \u017ee policie se pot\u00fdk\u00e1 se zna\u010dn\u00fdm pracovn\u00edm vyt\u00ed\u017een\u00edm a nen\u00ed si jist\u00e1, zda byl n\u011bkdo v souvislosti s \u00fatokem na d\u011bti zadr\u017een.<\/span><\/p>\n<p><span>Rickard B\u00f6kman vyj\u00e1d\u0159il sv\u00e9 zd\u011b\u0161en\u00ed nad stavem spole\u010dnosti, zejm\u00e9na s ohledem na to, jak to ovlivnilo jeho vlastn\u00ed dceru.\u00a0&#8222;Je skli\u010duj\u00edc\u00ed, \u017ee se takov\u00e9 ud\u00e1losti d\u011bj\u00ed.&#8220;\u00a0D\u011bti by nikdy nem\u011bly sn\u00e1\u0161et takov\u00e9 n\u00e1sil\u00ed.\u00a0\u010clov\u011bk se za\u010dne pt\u00e1t, kde je to zhroucen\u00ed?\u00a0Nejsme jako dosp\u011bl\u00ed dostate\u010dn\u011b p\u0159\u00edtomni?\u00a0D\u011bl\u00e1me m\u00e1lo?\u00a0Existuj\u00ed rodi\u010de mlad\u00edk\u016f, kte\u0159\u00ed tento \u010din sp\u00e1chali.\u00a0Co d\u011blaj\u00ed?\u00a0Co si mysl\u00ed?&#8220; &#8211;\u00a0 uva\u017eoval.<\/span><\/p>\n<p><span>\u201eJe to cyklus n\u00e1sil\u00ed ve spole\u010dnosti a p\u0159edstavuje dosti smutn\u00fd v\u00fdvoj.\u00a0Zd\u00e1 se, \u017ee v\u0161ichni, od vl\u00e1dy po jednotlivce, mus\u00edme jednat.\u00a0Nem\u016f\u017eeme dovolit, aby v\u011bci p\u0159etrv\u00e1valy t\u00edmto zp\u016fsobem.&#8220;<\/span><\/p>\n<p><em>Zdroj:\u00a0<a href=\"https:\/\/samnytt.se\/malva-12-skulle-kopa-lordagsgodis-blev-slagen-medvetslos\/\">Samnytt<\/a><\/em><\/p>\n<\/div>\n<p>&nbsp;<\/p>\n<p><a href=\"https:\/\/stranapro.cz\/\"><img decoding=\"async\" loading=\"lazy\" class=\"wp-image-30218 aligncenter\" src=\"http:\/\/www.infokuryr.cz\/n\/wp-content\/uploads\/2023\/06\/PRO-banner-300x36.png\" alt=\"\" width=\"1367\" height=\"164\" srcset=\"https:\/\/www.infokuryr.cz\/n\/wp-content\/uploads\/2023\/06\/PRO-banner-300x36.png 300w, https:\/\/www.infokuryr.cz\/n\/wp-content\/uploads\/2023\/06\/PRO-banner-768x93.png 768w, https:\/\/www.infokuryr.cz\/n\/wp-content\/uploads\/2023\/06\/PRO-banner.png 849w\" sizes=\"(max-width: 1367px) 100vw, 1367px\" \/><\/a><\/p>\n<p>&nbsp;<\/p>\n<p>&nbsp;<\/p>\n<p>&nbsp;<\/p>\n","protected":false},"excerpt":{"rendered":"<p>\u201eFyzick\u00e9 r\u00e1ny se \u010dasem zahoj\u00ed, ale psychick\u00e9 jizvy jsou nejist\u00e9.\u00a0C\u00edt\u00ed \u00fazkost a strach.\u00a0Kdy\u017e je v\u00e1m&#8230;<\/p>\n","protected":false},"author":2,"featured_media":37479,"comment_status":"closed","ping_status":"closed","sticky":false,"template":"","format":"standard","meta":[],"categories":[7],"tags":[777,119,369,86,124],"_links":{"self":[{"href":"https:\/\/www.infokuryr.cz\/n\/wp-json\/wp\/v2\/posts\/37478"}],"collection":[{"href":"https:\/\/www.infokuryr.cz\/n\/wp-json\/wp\/v2\/posts"}],"about":[{"href":"https:\/\/www.infokuryr.cz\/n\/wp-json\/wp\/v2\/types\/post"}],"author":[{"embeddable":true,"href":"https:\/\/www.infokuryr.cz\/n\/wp-json\/wp\/v2\/users\/2"}],"replies":[{"embeddable":true,"href":"https:\/\/www.infokuryr.cz\/n\/wp-json\/wp\/v2\/comments?post=37478"}],"version-history":[{"count":1,"href":"https:\/\/www.infokuryr.cz\/n\/wp-json\/wp\/v2\/posts\/37478\/revisions"}],"predecessor-version":[{"id":37480,"href":"https:\/\/www.infokuryr.cz\/n\/wp-json\/wp\/v2\/posts\/37478\/revisions\/37480"}],"wp:featuredmedia":[{"embeddable":true,"href":"https:\/\/www.infokuryr.cz\/n\/wp-json\/wp\/v2\/media\/37479"}],"wp:attachment":[{"href":"https:\/\/www.infokuryr.cz\/n\/wp-json\/wp\/v2\/media?parent=37478"}],"wp:term":[{"taxonomy":"category","embeddable":true,"href":"https:\/\/www.infokuryr.cz\/n\/wp-json\/wp\/v2\/categories?post=37478"},{"taxonomy":"post_tag","embeddable":true,"href":"https:\/\/www.infokuryr.cz\/n\/wp-json\/wp\/v2\/tags?post=37478"}],"curies":[{"name":"wp","href":"https:\/\/api.w.org\/{rel}","templated":true}]}}