{"id":37475,"date":"2023-10-04T01:10:16","date_gmt":"2023-10-03T23:10:16","guid":{"rendered":"http:\/\/www.infokuryr.cz\/n\/?p=37475"},"modified":"2023-10-03T11:14:23","modified_gmt":"2023-10-03T09:14:23","slug":"znamy-vidensky-ucitel-bije-na-poplach-sexualni-utoky-nenavist-k-rakousku-v-jazykovych-kurzech-pro-migranty","status":"publish","type":"post","link":"https:\/\/www.infokuryr.cz\/n\/2023\/10\/04\/znamy-vidensky-ucitel-bije-na-poplach-sexualni-utoky-nenavist-k-rakousku-v-jazykovych-kurzech-pro-migranty\/","title":{"rendered":"Zn\u00e1m\u00fd v\u00edde\u0148sk\u00fd u\u010ditel bije na poplach: Sexu\u00e1ln\u00ed \u00fatoky, nen\u00e1vist k Rakousku v jazykov\u00fdch kurzech pro migranty"},"content":{"rendered":"<div id=\"fb-root\"><\/div>\n<p><strong>Kurzy n\u011bm\u010diny pro mlad\u00e9 migranty jsou pro u\u010ditele \u010d\u00edm d\u00e1l v\u011bt\u0161\u00ed no\u010dn\u00ed m\u016frou.\u00a0\u010cas str\u00e1ven\u00fd na hodin\u00e1ch byl charakterizov\u00e1n nen\u00e1vist\u00ed k Raku\u0161an\u016fm a sexu\u00e1ln\u00edmi \u00fatoky.\u00a0U\u010ditel p\u00ed\u0161e o hrozn\u00fdch podm\u00ednk\u00e1ch v dopise.<\/strong><\/p>\n<p><span>V\u00edde\u0148sk\u00fd radn\u00ed pro \u0161kolstv\u00ed Christoph Wiederkehr (NEOS) pl\u00e1nuje zav\u00e9st povinn\u00e9 letn\u00ed kurzy n\u011bm\u010diny pro d\u011bti migrant\u016f s jazykov\u00fdmi nedostatky.\u00a0V alarmuj\u00edc\u00edm dopise adresovan\u00e9m b\u00fdval\u00e9mu \u0159editeli \u0161koly a publicistovi den\u00edku Niki Glattauerovi nyn\u00ed u\u010ditel vyjad\u0159uje obavy.\u00a0Pedagogov\u00e9 se zasazuj\u00ed o zru\u0161en\u00ed t\u011bchto jazykov\u00fdch kurz\u016f s odkazem na \u010dast\u00e9 p\u0159\u00edpady sexu\u00e1ln\u00edch \u00fatok\u016f a etick\u00fdch konflikt\u016f mezi imigranty.<\/span><\/p>\n<h5><span style=\"font-size: 18pt;\">Muslimky se kurz\u016f ne\u00fa\u010dastn\u00ed<\/span><\/h5>\n<p><span>Mlad\u00ed uprchl\u00edci jsou nevd\u011b\u010dn\u00ed za mo\u017enost u\u010dit se n\u011bmecky zdarma.\u00a0&#8222;M\u00edra absenc\u00ed je nad r\u00e1mec toho, co jsme vid\u011bli,&#8220; hl\u00e1s\u00ed u\u010ditel z Doln\u00edho Rakouska v novin\u00e1ch\u00a0<\/span><a href=\"https:\/\/www.heute.at\/s\/sexuelle-anmache-oesterreich-hass-lehrerin-erzaehlt-alles-100294239\"><span>&#8222;<\/span><\/a><span>\u00a0Heute&#8220;.\u00a0P\u0159\u00edsn\u011b zahalen\u00e9 d\u00edvky s \u0161\u00e1tky obecn\u011b na ka\u017ed\u00e9m kurzu chyb\u00ed;\u00a0ostatn\u00ed jdou dom\u016f \u2013 bez n\u00e1sledk\u016f.<\/span><\/p>\n<h5><span style=\"font-size: 18pt;\">U\u010ditel\u00e9 u\u010d\u00ed s otev\u0159en\u00fdmi dve\u0159mi<\/span><\/h5>\n<p><span>Ale mnoho z\u00e1\u0161kol\u00e1k\u016f je st\u00e1le ten nejmen\u0161\u00ed probl\u00e9m: \u201eV t\u011bchto kurzech doutnaj\u00ed etnick\u00e9 konflikty,\u201c p\u00ed\u0161e u\u010ditel.\u00a0D\u00e1le: \u201eSy\u0159an nepracuje se Severoafri\u010danem, proto\u017ee ho a jeho jazyk pova\u017euje za \u201aposkvr\u0148uj\u00edc\u00ed \u010distou kor\u00e1nskou arab\u0161tinu\u2018, Evropan nepraktikuje dialogy s muslimkou, proto\u017ee si mysl\u00ed, \u017ee je lep\u0161\u00ed, a Ukrajincem, kter\u00fd po roce n\u011bm\u010diny st\u00e1le nemluv\u00ed ani slovo n\u011bmecky, neust\u00e1le chyb\u00ed a d\u00e1v\u00e1 najevo, \u017ee nem\u00e1 r\u00e1d zemi ani Raku\u0161any.\u201c\u00a0Nav\u00edc se objevuj\u00ed sexu\u00e1ln\u011b sugestivn\u00ed koment\u00e1\u0159e \u2013 na adresu studentek a u\u010ditelek.\u00a0U\u010ditel p\u00ed\u0161e o vousat\u00fdch, \u00fadajn\u011b 15let\u00fdch Arabech.\u00a0\u201eJednou, kdy\u017e jsem se sehnul, abych zvedl k\u0159\u00eddu, kter\u00e1 spadla na zem, oba Sy\u0159an\u00e9 se nazna\u010duj\u00edc zasm\u00e1li a pronesli intenzivn\u00ed pozn\u00e1mky.\u00a0C\u00edtil jsem se nep\u0159\u00edjemn\u011b.\u00a0Jednou se mi v podobn\u00e9 situaci poda\u0159ilo nahr\u00e1t mobiln\u00edm telefonem \u00faryvky \u0159e\u010di.\u00a0U\u0161et\u0159\u00edm ti p\u0159eklad.&#8220;<\/span><\/p>\n<p><span>Mezi pedagogy panuje strach.\u00a0Nyn\u00ed dokonce existuj\u00ed pokyny, jak takov\u00e9 \u017e\u00e1ky u\u010dit pouze na chodb\u011b nebo s otev\u0159en\u00fdmi dve\u0159mi.\u00a0To by m\u011blo u\u010ditel\u016fm poskytnout alespo\u0148 ur\u010ditou jistotu.\u00a0&#8222;Tohle v\u0161echno je katastrofa a daleko od pr\u00e1ce, kterou jste studoval jako u\u010ditel,&#8220; bije u\u010ditel na poplach.<\/span><\/p>\n<p><img decoding=\"async\" loading=\"lazy\" class=\"alignnone size-full wp-image-1185\" src=\"http:\/\/www.infokuryr.cz\/n\/wp-content\/uploads\/2021\/04\/kuryr-podpis.png\" alt=\"\" width=\"84\" height=\"24\" \/><\/p>\n<p>&nbsp;<\/p>\n<p><a href=\"https:\/\/stranapro.cz\/\"><img decoding=\"async\" loading=\"lazy\" class=\"wp-image-30218 aligncenter\" src=\"http:\/\/www.infokuryr.cz\/n\/wp-content\/uploads\/2023\/06\/PRO-banner-300x36.png\" alt=\"\" width=\"1367\" height=\"164\" srcset=\"https:\/\/www.infokuryr.cz\/n\/wp-content\/uploads\/2023\/06\/PRO-banner-300x36.png 300w, https:\/\/www.infokuryr.cz\/n\/wp-content\/uploads\/2023\/06\/PRO-banner-768x93.png 768w, https:\/\/www.infokuryr.cz\/n\/wp-content\/uploads\/2023\/06\/PRO-banner.png 849w\" sizes=\"(max-width: 1367px) 100vw, 1367px\" \/><\/a><\/p>\n<p>&nbsp;<\/p>\n<p>&nbsp;<\/p>\n<p>&nbsp;<\/p>\n","protected":false},"excerpt":{"rendered":"<p>Kurzy n\u011bm\u010diny pro mlad\u00e9 migranty jsou pro u\u010ditele \u010d\u00edm d\u00e1l v\u011bt\u0161\u00ed no\u010dn\u00ed m\u016frou.\u00a0\u010cas str\u00e1ven\u00fd na&#8230;<\/p>\n","protected":false},"author":2,"featured_media":37476,"comment_status":"closed","ping_status":"closed","sticky":false,"template":"","format":"standard","meta":[],"categories":[7],"tags":[1297,4272,120,6034],"_links":{"self":[{"href":"https:\/\/www.infokuryr.cz\/n\/wp-json\/wp\/v2\/posts\/37475"}],"collection":[{"href":"https:\/\/www.infokuryr.cz\/n\/wp-json\/wp\/v2\/posts"}],"about":[{"href":"https:\/\/www.infokuryr.cz\/n\/wp-json\/wp\/v2\/types\/post"}],"author":[{"embeddable":true,"href":"https:\/\/www.infokuryr.cz\/n\/wp-json\/wp\/v2\/users\/2"}],"replies":[{"embeddable":true,"href":"https:\/\/www.infokuryr.cz\/n\/wp-json\/wp\/v2\/comments?post=37475"}],"version-history":[{"count":1,"href":"https:\/\/www.infokuryr.cz\/n\/wp-json\/wp\/v2\/posts\/37475\/revisions"}],"predecessor-version":[{"id":37477,"href":"https:\/\/www.infokuryr.cz\/n\/wp-json\/wp\/v2\/posts\/37475\/revisions\/37477"}],"wp:featuredmedia":[{"embeddable":true,"href":"https:\/\/www.infokuryr.cz\/n\/wp-json\/wp\/v2\/media\/37476"}],"wp:attachment":[{"href":"https:\/\/www.infokuryr.cz\/n\/wp-json\/wp\/v2\/media?parent=37475"}],"wp:term":[{"taxonomy":"category","embeddable":true,"href":"https:\/\/www.infokuryr.cz\/n\/wp-json\/wp\/v2\/categories?post=37475"},{"taxonomy":"post_tag","embeddable":true,"href":"https:\/\/www.infokuryr.cz\/n\/wp-json\/wp\/v2\/tags?post=37475"}],"curies":[{"name":"wp","href":"https:\/\/api.w.org\/{rel}","templated":true}]}}