{"id":37474,"date":"2023-10-04T01:09:53","date_gmt":"2023-10-03T23:09:53","guid":{"rendered":"http:\/\/www.infokuryr.cz\/n\/?p=37474"},"modified":"2023-10-03T11:07:47","modified_gmt":"2023-10-03T09:07:47","slug":"polsko-pozaduje-aby-relokace-migrantu-byla-ciste-dobrovolna","status":"publish","type":"post","link":"https:\/\/www.infokuryr.cz\/n\/2023\/10\/04\/polsko-pozaduje-aby-relokace-migrantu-byla-ciste-dobrovolna\/","title":{"rendered":"Polsko po\u017eaduje, aby relokace migrant\u016f byla \u010dist\u011b dobrovoln\u00e1"},"content":{"rendered":"<div id=\"fb-root\"><\/div>\n<p><span style=\"font-size: 18pt;\"><strong>Polsko znovu potvrd\u00ed sv\u016fj nesouhlas s migra\u010dn\u00edm paktem EU na v\u00edkendov\u00e9m summitu EU ve \u0161pan\u011blsk\u00e9 Granad\u011b<\/strong><\/span><\/p>\n<p><span>Polsko bude i nad\u00e1le vystupovat proti navrhovan\u00e9mu migra\u010dn\u00edmu paktu Evropsk\u00e9 unie v jeho sou\u010dasn\u00e9 podob\u011b a bude trvat na tom, aby se blok vr\u00e1til k principu dobrovoln\u00e9ho\u00a0<\/span><a href=\"https:\/\/rmx.news\/article\/is-the-new-eu-migration-pact-a-backdoor-for-settling-migrants-in-countries-like-czechia-hungary-and-poland\/\"><span>p\u0159emis\u0165ov\u00e1n\u00ed migrant\u016f<\/span><\/a><span>\u00a0, jak nazna\u010dil velvyslanec zem\u011b p\u0159i EU Andrzej Sado\u015b.<\/span><\/p>\n<p><span>Sado\u015b v p\u00e1tek znovu potvrd\u00ed polsk\u00e9 stanovisko na summitu ve \u0161pan\u011blsk\u00e9 Granad\u011b a o\u010dek\u00e1v\u00e1 se, \u017ee \u00fa\u010dastn\u00edk\u016fm p\u0159ipomene, \u017ee v\u0161echny d\u0159\u00edv\u011bj\u0161\u00ed summity EU v letech 2016, 2018 a 2019 dos\u00e1hly dohody o dobrovoln\u00e9m p\u0159em\u00edst\u011bn\u00ed a vyzvaly k p\u0159ijet\u00ed rozhodnut\u00ed o migraci do konsensus sp\u00ed\u0161e ne\u017e hlasov\u00e1n\u00ed kvalifikovanou v\u011bt\u0161inou (QMV).<\/span><\/p>\n<p><span>Var\u0161ava chce, aby z\u00e1v\u011bry p\u00e1te\u010dn\u00edho summitu uznaly, \u017ee Evropa je pod \u201ehybridn\u00edm \u00fatokem\u201c, \u017ee reakce EU by m\u011bla b\u00fdt okam\u017eit\u00e1 a posti\u017een\u00fdm zem\u00edm je t\u0159eba pomoci.\u00a0Solidarita by v\u0161ak nem\u011bla znamenat povinn\u00e9 p\u0159em\u00edst\u011bn\u00ed migrant\u016f.<\/span><\/p>\n<p><span>Polsk\u00fd velvyslanec p\u0159i EU tak\u00e9 \u0159ekl, \u017ee jeho zem\u011b bude usilovat o to, aby byly v\u00fddaje na obranu vylou\u010deny z fisk\u00e1ln\u00edch limit\u016f EU a aby byla klimatick\u00e1 politika EU soci\u00e1ln\u011b spravedliv\u00e1.\u00a0<\/span><\/p>\n<p><span>Podle eurokomisa\u0159ky pro vnit\u0159n\u00ed z\u00e1le\u017eitosti\u00a0<\/span><a class=\"ek-link\" href=\"https:\/\/rmx.news\/article\/i-was-never-forgiven-for-being-right-about-migration-policy-issues-says-swedish-politician-leaving-the-center-party\/\"><span>Ylvy Johansson<\/span><\/a><span>\u00a0se zem\u011b mohou reloka\u010dn\u00edmu mechanismu vyhnout, pokud projev\u00ed svou solidaritu jin\u00fdmi zp\u016fsoby p\u0159ijateln\u00fdmi pro Evropskou komisi.\u00a0Polsko i Ma\u010farsko odm\u00edtly diskre\u010dn\u00ed povahu tohoto mechanismu.\u00a0<\/span><\/p>\n<p><span>V\u0161echny pr\u016fzkumy proveden\u00e9 v t\u00e9to v\u011bci v Polsku nazna\u010duj\u00ed, \u017ee voli\u010di jsou drtivou v\u011bt\u0161inou proti p\u0159es\u00eddlen\u00ed neleg\u00e1ln\u00edch migrant\u016f.<\/span><\/p>\n<p><span>V kampani p\u0159ed polsk\u00fdmi v\u0161eobecn\u00fdmi volbami 15. \u0159\u00edjna se pouze jedna strana vyslovila pro povinn\u00e9 p\u0159es\u00eddlen\u00ed.\u00a0Tou stranou je levice.\u00a0Pravicov\u00e9 strany jsou rozhodn\u011b proti, zat\u00edmco b\u00fdval\u00e1 vl\u00e1dn\u00ed liber\u00e1ln\u00ed Ob\u010dansk\u00e1 platforma (PO) tvrdila, \u017ee Polsko by mohlo snadno z\u00edskat v\u00fdjimku z nutnosti relokovat migranty kv\u016fli velk\u00e9mu po\u010dtu ukrajinsk\u00fdch uprchl\u00edk\u016f, kter\u00e9 zem\u011b ubytovala za posledn\u00edch 18 let. m\u011bs\u00edce.\u00a0<\/span><\/p>\n<p><img decoding=\"async\" loading=\"lazy\" class=\"alignnone size-full wp-image-1185\" src=\"http:\/\/www.infokuryr.cz\/n\/wp-content\/uploads\/2021\/04\/kuryr-podpis.png\" alt=\"\" width=\"84\" height=\"24\" \/><\/p>\n<p>&nbsp;<\/p>\n<p><a href=\"https:\/\/stranapro.cz\/\"><img decoding=\"async\" loading=\"lazy\" class=\"wp-image-30218 aligncenter\" src=\"http:\/\/www.infokuryr.cz\/n\/wp-content\/uploads\/2023\/06\/PRO-banner-300x36.png\" alt=\"\" width=\"1367\" height=\"164\" srcset=\"https:\/\/www.infokuryr.cz\/n\/wp-content\/uploads\/2023\/06\/PRO-banner-300x36.png 300w, https:\/\/www.infokuryr.cz\/n\/wp-content\/uploads\/2023\/06\/PRO-banner-768x93.png 768w, https:\/\/www.infokuryr.cz\/n\/wp-content\/uploads\/2023\/06\/PRO-banner.png 849w\" sizes=\"(max-width: 1367px) 100vw, 1367px\" \/><\/a><\/p>\n<p>&nbsp;<\/p>\n<p>&nbsp;<\/p>\n<p>&nbsp;<\/p>\n","protected":false},"excerpt":{"rendered":"<p>Polsko znovu potvrd\u00ed sv\u016fj nesouhlas s migra\u010dn\u00edm paktem EU na v\u00edkendov\u00e9m summitu EU ve \u0161pan\u011blsk\u00e9&#8230;<\/p>\n","protected":false},"author":2,"featured_media":35513,"comment_status":"closed","ping_status":"closed","sticky":false,"template":"","format":"standard","meta":[],"categories":[7],"tags":[41,119,31],"_links":{"self":[{"href":"https:\/\/www.infokuryr.cz\/n\/wp-json\/wp\/v2\/posts\/37474"}],"collection":[{"href":"https:\/\/www.infokuryr.cz\/n\/wp-json\/wp\/v2\/posts"}],"about":[{"href":"https:\/\/www.infokuryr.cz\/n\/wp-json\/wp\/v2\/types\/post"}],"author":[{"embeddable":true,"href":"https:\/\/www.infokuryr.cz\/n\/wp-json\/wp\/v2\/users\/2"}],"replies":[{"embeddable":true,"href":"https:\/\/www.infokuryr.cz\/n\/wp-json\/wp\/v2\/comments?post=37474"}],"version-history":[{"count":0,"href":"https:\/\/www.infokuryr.cz\/n\/wp-json\/wp\/v2\/posts\/37474\/revisions"}],"wp:featuredmedia":[{"embeddable":true,"href":"https:\/\/www.infokuryr.cz\/n\/wp-json\/wp\/v2\/media\/35513"}],"wp:attachment":[{"href":"https:\/\/www.infokuryr.cz\/n\/wp-json\/wp\/v2\/media?parent=37474"}],"wp:term":[{"taxonomy":"category","embeddable":true,"href":"https:\/\/www.infokuryr.cz\/n\/wp-json\/wp\/v2\/categories?post=37474"},{"taxonomy":"post_tag","embeddable":true,"href":"https:\/\/www.infokuryr.cz\/n\/wp-json\/wp\/v2\/tags?post=37474"}],"curies":[{"name":"wp","href":"https:\/\/api.w.org\/{rel}","templated":true}]}}