{"id":37472,"date":"2023-10-04T01:08:22","date_gmt":"2023-10-03T23:08:22","guid":{"rendered":"http:\/\/www.infokuryr.cz\/n\/?p=37472"},"modified":"2023-10-03T11:03:39","modified_gmt":"2023-10-03T09:03:39","slug":"planuji-nemecko-a-francie-svrzeni-polske-vlady-s-pomoci-kyjeva","status":"publish","type":"post","link":"https:\/\/www.infokuryr.cz\/n\/2023\/10\/04\/planuji-nemecko-a-francie-svrzeni-polske-vlady-s-pomoci-kyjeva\/","title":{"rendered":"Pl\u00e1nuj\u00ed N\u011bmecko a Francie svr\u017een\u00ed polsk\u00e9 vl\u00e1dy s pomoc\u00ed Kyjeva?"},"content":{"rendered":"<div id=\"fb-root\"><\/div>\n<p><strong>Alespo\u0148 to tvrd\u00ed polsk\u00fd novin\u00e1\u0159 z polsk\u00e9 ve\u0159ejnopr\u00e1vn\u00ed televize.\u00a0V\u00fdm\u011bnou za p\u00e1d polsk\u00e9 vl\u00e1dy by Ukrajin\u011b byl sl\u00edben rychl\u00fd p\u0159\u00edstup do EU.<\/strong><\/p>\n<p><span>Brusel neofici\u00e1ln\u011b ujistil, \u017ee N\u011bmecko a Francie sl\u00edbily Ukrajin\u011b rychl\u00fd vstup do EU.\u00a0Pod podm\u00ednkou, \u017ee Kyjev pom\u016f\u017ee svrhnout polskou vl\u00e1dnouc\u00ed vl\u00e1du \u2013 napsala Dominika Cosic, bruselsk\u00e1 korespondentka polsk\u00e9ho ve\u0159ejnopr\u00e1vn\u00edho vys\u00edl\u00e1n\u00ed \u201eTVP\u201c, na platform\u011b \u201eX\u201c.<\/span><\/p>\n<p><span style=\"font-size: 18pt;\"><strong>Levicov\u00fd b\u00fdval\u00fd p\u0159edseda vl\u00e1dy Polska Donald \u201eTusk\u201c jako str\u016fjce \u201ebarevn\u00e9 revoluce\u201c?<\/strong><\/span><\/p>\n<p><span>Cosic vysv\u011btlila svou teorii takto: EU nelze roz\u0161\u00ed\u0159it bez zm\u011bn smluv a bylo by to Polsko, kdo tyto zm\u011bny blokuje.<\/span><\/p>\n<p><span>Jejich spekulace se shoduj\u00ed s obvin\u011bn\u00edm poslance EP z polsk\u00e9 strany \u201ePIS\u201c (\u201ePr\u00e1vo a spravedlnost\u201c) Witolda Waszczykowsk\u00e9ho v ned\u011bln\u00edm rozhovoru pro \u201eWirtualna Polska\u201c:<\/span><\/p>\n<p><span>Kyjev chce zm\u011bnu vl\u00e1dy v Polsku, stejn\u011b jako chce prezident Volodymyr Zelenskyj dosadit polsk\u00fdm premi\u00e9rem kritika \u201ePiS\u201c Donalda Tuska, kter\u00fd vede \u201eOb\u010danskou platformu\u201c.<\/span><\/p>\n<p><span>Tusk byl v letech 2007 a\u017e 2014 p\u0159edsedou vl\u00e1dy Polska, v letech 2014 a\u017e 2019 p\u0159edsedou Evropsk\u00e9 rady a v letech 2019 a\u017e 2022 p\u0159edsedou Evropsk\u00e9 lidov\u00e9 strany.\u00a0<\/span><sup id=\"cite_ref-3\" class=\"reference\"><\/sup><\/p>\n<p><span>To by tak\u00e9 dob\u0159e zapadalo do velk\u00e9 demonstrace proti polsk\u00e9 vl\u00e1d\u011b, kterou Tusk v\u010dera uspo\u0159\u00e1dal ve Var\u0161av\u011b \u2013 v podob\u011b barevn\u00e9 revoluce organizovan\u00e9 Sorosovskou opozic\u00ed.<\/span><\/p>\n<p><span>Podle jeho vlastn\u00edch slov je Waszczykowski \u201e\u00a0<\/span><em><span>delegac\u00ed pro spolupr\u00e1ci s Ukrajinou<\/span><\/em><span>\u00a0\u201c v Evropsk\u00e9m parlamentu.\u00a0Europoslanec uv\u00e1d\u00ed: Ukrajinci maj\u00ed v\u00edce kontakt\u016f s n\u011bmeck\u00fdmi a francouzsk\u00fdmi politiky ne\u017e s jeho v\u00fdborem.<\/span><\/p>\n<p><span style=\"font-size: 18pt;\"><strong>Prohl\u00e1\u0161en\u00ed polsk\u00e9 opozice<\/strong><\/span><\/p>\n<p><span>\u201eWirtualna Polska\u201c po\u017e\u00e1dala n\u011bkolik politik\u016f o vyj\u00e1d\u0159en\u00ed:<\/span><\/p>\n<p><span>Robert Biedron, spolup\u0159edseda opozi\u010dn\u00ed stranick\u00e9 aliance \u201eNov\u00e1 levice\u201c, ozna\u010dil informaci za fake news a \u0159ekl: Existovala pouze v hlav\u00e1ch politik\u016f \u201ePiS\u201c.\u00a0B\u00fdval\u00fd polsk\u00fd premi\u00e9r a sou\u010dasn\u00fd europoslanec a opozi\u010dn\u00ed politik Leszek Miller ozna\u010dil n\u00e1vrh za nesmysl.<\/span><\/p>\n<p><span style=\"font-size: 18pt;\"><strong>Parlamentn\u00ed volby 15. \u0159\u00edjna v Polsku<\/strong><\/span><\/p>\n<p><span>Parlamentn\u00ed volby se v Polsku uskute\u010dn\u00ed 15. \u0159\u00edjna.\u00a0Podle posledn\u00edch z\u00e1\u0159ijov\u00fdch pr\u016fzkum\u016f by jako v\u00edt\u011bz vy\u0161la dosavadn\u00ed vl\u00e1dnouc\u00ed strana \u201ePIS\u201c s 37 procenty hlas\u016f.<\/span><\/p>\n<p><span>Nejv\u011bt\u0161\u00ed opozi\u010dn\u00ed aliance, \u201eKoalice ob\u010dan\u016f\u201c veden\u00e1 \u201ePlatformou ob\u010dan\u016f\u201c, by m\u011bla 29,5 procenta.\u00a0\u201eKonfederace\u201c (Confederacja) a \u201eNov\u00e1 levice\u201c (Nowa Lewica), aliance nacionalistick\u00fdch a libertari\u00e1nsk\u00fdch stran, by se tak\u00e9 dostaly do parlamentu s 10,5 %.\u00a010 procentn\u00edch bod\u016f by z\u00edskala i koalice T\u0159et\u00ed cesta, kterou tvo\u0159\u00ed Polsk\u00e1 rolnick\u00e1 strana (PSL) a Polsko 2050, kterou zalo\u017eil b\u00fdval\u00fd prezidentsk\u00fd kandid\u00e1t Szymon Holowniadem.<\/span><\/p>\n<p><img decoding=\"async\" loading=\"lazy\" class=\"alignnone size-full wp-image-1185\" src=\"http:\/\/www.infokuryr.cz\/n\/wp-content\/uploads\/2021\/04\/kuryr-podpis.png\" alt=\"\" width=\"84\" height=\"24\" \/><\/p>\n<p>&nbsp;<\/p>\n<p><a href=\"https:\/\/stranapro.cz\/\"><img decoding=\"async\" loading=\"lazy\" class=\"wp-image-30218 aligncenter\" src=\"http:\/\/www.infokuryr.cz\/n\/wp-content\/uploads\/2023\/06\/PRO-banner-300x36.png\" alt=\"\" width=\"1358\" height=\"163\" srcset=\"https:\/\/www.infokuryr.cz\/n\/wp-content\/uploads\/2023\/06\/PRO-banner-300x36.png 300w, https:\/\/www.infokuryr.cz\/n\/wp-content\/uploads\/2023\/06\/PRO-banner-768x93.png 768w, https:\/\/www.infokuryr.cz\/n\/wp-content\/uploads\/2023\/06\/PRO-banner.png 849w\" sizes=\"(max-width: 1358px) 100vw, 1358px\" \/><\/a><\/p>\n<p>&nbsp;<\/p>\n<p>&nbsp;<\/p>\n<p>&nbsp;<\/p>\n","protected":false},"excerpt":{"rendered":"<p>Alespo\u0148 to tvrd\u00ed polsk\u00fd novin\u00e1\u0159 z polsk\u00e9 ve\u0159ejnopr\u00e1vn\u00ed televize.\u00a0V\u00fdm\u011bnou za p\u00e1d polsk\u00e9 vl\u00e1dy by Ukrajin\u011b&#8230;<\/p>\n","protected":false},"author":2,"featured_media":37473,"comment_status":"closed","ping_status":"closed","sticky":false,"template":"","format":"standard","meta":[],"categories":[7],"tags":[130,84,31,26],"_links":{"self":[{"href":"https:\/\/www.infokuryr.cz\/n\/wp-json\/wp\/v2\/posts\/37472"}],"collection":[{"href":"https:\/\/www.infokuryr.cz\/n\/wp-json\/wp\/v2\/posts"}],"about":[{"href":"https:\/\/www.infokuryr.cz\/n\/wp-json\/wp\/v2\/types\/post"}],"author":[{"embeddable":true,"href":"https:\/\/www.infokuryr.cz\/n\/wp-json\/wp\/v2\/users\/2"}],"replies":[{"embeddable":true,"href":"https:\/\/www.infokuryr.cz\/n\/wp-json\/wp\/v2\/comments?post=37472"}],"version-history":[{"count":0,"href":"https:\/\/www.infokuryr.cz\/n\/wp-json\/wp\/v2\/posts\/37472\/revisions"}],"wp:featuredmedia":[{"embeddable":true,"href":"https:\/\/www.infokuryr.cz\/n\/wp-json\/wp\/v2\/media\/37473"}],"wp:attachment":[{"href":"https:\/\/www.infokuryr.cz\/n\/wp-json\/wp\/v2\/media?parent=37472"}],"wp:term":[{"taxonomy":"category","embeddable":true,"href":"https:\/\/www.infokuryr.cz\/n\/wp-json\/wp\/v2\/categories?post=37472"},{"taxonomy":"post_tag","embeddable":true,"href":"https:\/\/www.infokuryr.cz\/n\/wp-json\/wp\/v2\/tags?post=37472"}],"curies":[{"name":"wp","href":"https:\/\/api.w.org\/{rel}","templated":true}]}}