{"id":37447,"date":"2023-10-03T06:09:48","date_gmt":"2023-10-03T04:09:48","guid":{"rendered":"http:\/\/www.infokuryr.cz\/n\/?p=37447"},"modified":"2023-10-03T06:09:48","modified_gmt":"2023-10-03T04:09:48","slug":"gerard-depardieu-se-poprve-vyjadril-k-obvineni-ze-znasilneni","status":"publish","type":"post","link":"https:\/\/www.infokuryr.cz\/n\/2023\/10\/03\/gerard-depardieu-se-poprve-vyjadril-k-obvineni-ze-znasilneni\/","title":{"rendered":"Gerard Depardieu se poprv\u00e9 vyj\u00e1d\u0159il k obvin\u011bn\u00ed ze zn\u00e1siln\u011bn\u00ed"},"content":{"rendered":"<div id=\"fb-root\"><\/div>\n<p class=\"lead\"><strong>74let\u00fd francouzsk\u00fd herec Gerard Depardieu se poprv\u00e9 vyj\u00e1d\u0159il k obvin\u011bn\u00edm ze zn\u00e1siln\u011bn\u00ed a sexu\u00e1ln\u00edho obt\u011b\u017eov\u00e1n\u00ed, kter\u00e1 mu byla vznesena.\u00a0Um\u011blc\u016fv otev\u0159en\u00fd dopis zve\u0159ejnil list\u00a0<a href=\"https:\/\/www.lefigaro.fr\/vox\/societe\/gerard-depardieu-je-veux-enfin-vous-dire-ma-verite-20231001\" target=\"_blank\" rel=\"noopener\">Le Figaro<\/a>\u00a0pod titulkem &#8222;Kone\u010dn\u011b v\u00e1m chci \u0159\u00edct celou pravdu.&#8220;<\/strong><\/p>\n<p><em>\u201eU\u017e nemohu souhlasit s t\u00edm, co sly\u0161\u00edm, s t\u00edm, co jsem o sob\u011b \u010detl cel\u00e9 m\u011bs\u00edce.\u00a0Myslel jsem, \u017ee je mi to jedno, ale ne, opravdu ne.&#8220;<span class=\"after-quote\">\u00a0&#8211; p\u00ed\u0161e herec.<\/span><\/em><\/p>\n<p><span>\u017dena, jej\u00ed\u017e jm\u00e9no v cel\u00e9m dopise ani jednou nezm\u00edn\u00ed, podle n\u011bj p\u0159i\u0161la k n\u011bmu dom\u016f z vlastn\u00ed iniciativy.<\/span><\/p>\n<p><em>&#8222;Nikdy mezi n\u00e1mi nebyl \u017e\u00e1dn\u00fd n\u00e1tlak, n\u00e1sil\u00ed nebo protesty.&#8220;\u00a0Pokud byla pod vlivem, bylo to pod jej\u00edm vlastn\u00edm vlivem; nikdy jsem na ni nevyv\u00edjel \u017e\u00e1dn\u00fd n\u00e1tlak,\u201c<span class=\"after-quote\">\u00a0&#8211; uji\u0161\u0165uje Depardieu.<\/span><\/em><\/p>\n<p><span>Herec uv\u00e1d\u00ed, \u017ee nen\u00ed n\u00e1siln\u00edk ani pred\u00e1tor a nikdy v \u017eivot\u011b nezneu\u017eil \u017eenu.<\/span><\/p>\n<p><em>&#8222;Ubl\u00ed\u017eit \u017een\u011b je jako kopnout vlastn\u00ed matku do b\u0159icha.&#8220;<span class=\"after-quote\"> &#8211; dodal Depardieu.<\/span><\/em><\/p>\n<p><span>Zd\u016fraz\u0148uje, \u017ee pokud n\u011bkoho urazil nebo \u0161okoval, \u017e\u00e1d\u00e1 o odpu\u0161t\u011bn\u00ed, proto\u017ee nikdy nem\u011bl v \u00famyslu nikomu ubl\u00ed\u017eit.<\/span><\/p>\n<p><em>&#8222;Medi\u00e1ln\u00edmu tribun\u00e1lu, lyn\u010dov\u00e1n\u00ed, kter\u00fdm proch\u00e1z\u00edm, mohu odolat pouze sv\u00fdmi vlastn\u00edmi slovy,&#8220;<span class=\"after-quote\">\u00a0&#8211; uzav\u0159el um\u011blec.<\/span><\/em><\/p>\n<p><span>Jak uvedla m\u00e9dia<\/span><span>\u00a0, here\u010dka\u00a0<\/span><strong><span>Charlotte Arnouxov\u00e1<\/span><\/strong><span>\u00a0podala v roce 2019 obvin\u011bn\u00ed ze zn\u00e1siln\u011bn\u00ed proti Depardieuovi.\u00a0Tvrdila, \u017ee na konci srpna 2018 do\u0161lo v hercov\u011b pa\u0159\u00ed\u017esk\u00e9m dom\u011b ke \u201edvou zn\u00e1siln\u011bn\u00edm\u201c.\u00a0Prokuratura pot\u00e9, co zah\u00e1jila vy\u0161et\u0159ov\u00e1n\u00ed, jej pozd\u011bji zastavila.\u00a0V roce 2020 v\u0161ak Arnouxov\u00e1 zajistila, aby se p\u0159\u00edpad znovu rozb\u011bhl.<\/span><\/p>\n<p><span>V dubnu tohoto roku dal\u0161\u00edch 13 \u017een nahl\u00e1silo sexu\u00e1ln\u00ed obt\u011b\u017eov\u00e1n\u00ed ze strany Depardieua s odkazem na incidenty z let 2004 a\u017e 2022.\u00a0V\u0161e se odehr\u00e1lo na nat\u00e1\u010den\u00ed 11 film\u016f.\u00a0Pa\u0159\u00ed\u017esk\u00e1 prokuratura pot\u00e9, co obdr\u017eela v\u00fdpov\u011bdi od \u00fadajn\u011b po\u0161kozen\u00fdch \u017een, uvedla, \u017ee vy\u0161et\u0159ov\u00e1n\u00ed Arnouxov\u00e9 v\u00fdpov\u011bdi pokra\u010duje, ale na herce nebyly obdr\u017eeny \u017e\u00e1dn\u00e9 nov\u00e9 st\u00ed\u017enosti.<\/span><\/p>\n<p><img decoding=\"async\" loading=\"lazy\" class=\"alignnone size-full wp-image-1185\" src=\"http:\/\/www.infokuryr.cz\/n\/wp-content\/uploads\/2021\/04\/kuryr-podpis.png\" alt=\"\" width=\"84\" height=\"24\" \/><\/p>\n<p>&nbsp;<\/p>\n<p><a href=\"https:\/\/stranapro.cz\/\"><img decoding=\"async\" loading=\"lazy\" class=\"wp-image-30218 aligncenter\" src=\"http:\/\/www.infokuryr.cz\/n\/wp-content\/uploads\/2023\/06\/PRO-banner-300x36.png\" alt=\"\" width=\"1358\" height=\"163\" srcset=\"https:\/\/www.infokuryr.cz\/n\/wp-content\/uploads\/2023\/06\/PRO-banner-300x36.png 300w, https:\/\/www.infokuryr.cz\/n\/wp-content\/uploads\/2023\/06\/PRO-banner-768x93.png 768w, https:\/\/www.infokuryr.cz\/n\/wp-content\/uploads\/2023\/06\/PRO-banner.png 849w\" sizes=\"(max-width: 1358px) 100vw, 1358px\" \/><\/a><\/p>\n<p>&nbsp;<\/p>\n<p>&nbsp;<\/p>\n<p>&nbsp;<\/p>\n","protected":false},"excerpt":{"rendered":"<p>74let\u00fd francouzsk\u00fd herec Gerard Depardieu se poprv\u00e9 vyj\u00e1d\u0159il k obvin\u011bn\u00edm ze zn\u00e1siln\u011bn\u00ed a sexu\u00e1ln\u00edho obt\u011b\u017eov\u00e1n\u00ed,&#8230;<\/p>\n","protected":false},"author":2,"featured_media":37448,"comment_status":"closed","ping_status":"closed","sticky":false,"template":"","format":"standard","meta":[],"categories":[7],"tags":[6029,1226,366],"_links":{"self":[{"href":"https:\/\/www.infokuryr.cz\/n\/wp-json\/wp\/v2\/posts\/37447"}],"collection":[{"href":"https:\/\/www.infokuryr.cz\/n\/wp-json\/wp\/v2\/posts"}],"about":[{"href":"https:\/\/www.infokuryr.cz\/n\/wp-json\/wp\/v2\/types\/post"}],"author":[{"embeddable":true,"href":"https:\/\/www.infokuryr.cz\/n\/wp-json\/wp\/v2\/users\/2"}],"replies":[{"embeddable":true,"href":"https:\/\/www.infokuryr.cz\/n\/wp-json\/wp\/v2\/comments?post=37447"}],"version-history":[{"count":0,"href":"https:\/\/www.infokuryr.cz\/n\/wp-json\/wp\/v2\/posts\/37447\/revisions"}],"wp:featuredmedia":[{"embeddable":true,"href":"https:\/\/www.infokuryr.cz\/n\/wp-json\/wp\/v2\/media\/37448"}],"wp:attachment":[{"href":"https:\/\/www.infokuryr.cz\/n\/wp-json\/wp\/v2\/media?parent=37447"}],"wp:term":[{"taxonomy":"category","embeddable":true,"href":"https:\/\/www.infokuryr.cz\/n\/wp-json\/wp\/v2\/categories?post=37447"},{"taxonomy":"post_tag","embeddable":true,"href":"https:\/\/www.infokuryr.cz\/n\/wp-json\/wp\/v2\/tags?post=37447"}],"curies":[{"name":"wp","href":"https:\/\/api.w.org\/{rel}","templated":true}]}}