{"id":3744,"date":"2021-08-01T07:04:38","date_gmt":"2021-08-01T05:04:38","guid":{"rendered":"http:\/\/www.infokuryr.cz\/n\/?p=3744"},"modified":"2021-08-01T07:04:38","modified_gmt":"2021-08-01T05:04:38","slug":"odbornici-varuji-ze-covidove-vakciny-by-mohly-zpusobovat-nemoc-silenych-krav","status":"publish","type":"post","link":"https:\/\/www.infokuryr.cz\/n\/2021\/08\/01\/odbornici-varuji-ze-covidove-vakciny-by-mohly-zpusobovat-nemoc-silenych-krav\/","title":{"rendered":"Odborn\u00edci varuj\u00ed, \u017ee covidov\u00e9 vakc\u00edny by mohly zp\u016fsobovat nemoc \u0161\u00edlen\u00fdch krav"},"content":{"rendered":"<div id=\"fb-root\"><\/div>\n<p><span>Fyzik a kardiolog nucle\u00e1rnej medic\u00edny Dr.\u00a0Richard Fleming vydal pochmurn\u00e9 varov\u00e1n\u00ed o nebezpe\u010d\u00edch vakc\u00edn proti nov\u00e9mu koronavirus (Covid-19), kter\u00e9 podle n\u011bj mohou vyvolat nemoc \u0161\u00edlen\u00fdch krav.<\/span><\/p>\n<p><span>Stevea Bannon ze str\u00e1nky\u00a0<\/span><em><span>War Room Fleming\u00a0<\/span><\/em><span> \u0159ekl, \u017ee je\u0161t\u011b v devades\u00e1t\u00fdch letech osobn\u011b zjistil, \u017ee priony, kter\u00e9 jsou dnes sou\u010d\u00e1st\u00ed hrotov\u00fdch protein\u016f produkovan\u00fdch t\u011blem po o\u010dkov\u00e1n\u00ed covidov\u00fdmi vakc\u00ednami, zp\u016fsobuj\u00ed siln\u00fd z\u00e1n\u011bt.<\/span><\/p>\n<p><span>To je Resnati ten d\u016fvod, pro\u010d o\u010dkov\u00e1n\u00ed v n\u011bkter\u00fdch p\u0159\u00edpadech zp\u016fsobuje krom\u011b jin\u00fdch v\u00e1\u017en\u00fdch v\u011bcech i smrt\u00edc\u00ed krevn\u00ed sra\u017eeniny.<\/span><\/p>\n<p><span>Ned\u00e1vno byla v USA pozastavena vakc\u00edna spole\u010dnosti Johnson &amp; Johnson (J &amp; J) po tom, co se u \u010detn\u00fdch p\u0159\u00edjemc\u016f objevili krevn\u00ed sra\u017eeniny.\u00a0Ze stejn\u00e9ho d\u016fvodu bylo pozastaveno i o\u010dkov\u00e1n\u00ed vakc\u00ednou AstraZeneca, pou\u017e\u00edvanou v Evrop\u011b.<\/span><\/p>\n<h2><span>Mozky pokusn\u00fdch zv\u00ed\u0159at se m\u011bnily na houbu<\/span><\/h2>\n<p><span>Podle Fleminga jsou rizika, spojuj\u00edc\u00ed se s covidovou vakc\u00ednou vysok\u00e9.<\/span><\/p>\n<p><span>P\u0159i pokusech na zv\u00ed\u0159atech se podle jeho slov vytvo\u0159ila u n\u011bkter\u00fdch testovan\u00fdch subjekt\u016f spongiformn\u00ed encefalopatie a nemoc \u0161\u00edlen\u00fdch krav.<\/span><\/p>\n<p><em><span>&#8222;V\u00edme tak\u00e9, \u017ee o dva t\u00fddny nato to dostanou &#8230; co\u017e zp\u016fsobuje Alzheimerovu chorobu a nervov\u00e1 onemocn\u011bn\u00ed,&#8220;\u00a0<\/span><\/em><span>\u00a0vysv\u011btlil Fleming Bannon.<\/span><\/p>\n<p><span>Krom\u011b toho, \u017ee potenci\u00e1ln\u011b vyvol\u00e1v\u00e1 v\u00e1\u017en\u00e9 z\u00e1n\u011bty, krevn\u00ed sra\u017eeniny, nemoc \u0161\u00edlen\u00fdch krav, neurologick\u00e9 probl\u00e9my a\u00a0\u00a0<\/span><a href=\"https:\/\/www.badatel.net\/preco-alzheimerova-demencia-trapi-coraz-mladsich-a-ako-sa-jej-vyhnut\/\"><span>Alzheimerovu chorobu<\/span><\/a><span>\u00a0, neposkytuje o\u010dkov\u00e1n\u00ed proti takzvan\u00e9mu nov\u00e9mu koronavirus \u017e\u00e1dn\u00e9 benefity, tvrd\u00ed Fleming.<\/span><\/p>\n<p><span>Dokumentace autorizace pro nouzov\u00e9 pou\u017eit\u00ed (EUA) poskytnuta v\u00fdrobci vakc\u00edn \u00da\u0159adu pro kontrolu potravin a l\u00e9\u010div (FDA) dokazuje, \u017ee &#8222;nen\u00ed \u017e\u00e1dn\u00fd rozd\u00edl&#8220; ve v\u00fdsledc\u00edch infekce mezi o\u010dkovan\u00fdmi a\u00a0 neo\u010dkovan\u00fdch.<\/span><\/p>\n<p><span>&#8222;Nejsem proti o\u010dkov\u00e1n\u00ed,&#8220; rozhodn\u011b poznamenal Fleming.\u00a0&#8222;Jsem jen proti \u0161patn\u00e9 medic\u00edn\u011b.&#8220;<\/span><\/p>\n<h2><span>Fleming \u0159\u00edk\u00e1, \u017ee Biden\u016fv re\u017eim mus\u00ed po\u017e\u00e1dat o okam\u017eit\u00e9 p\u0159ehodnocen\u00ed o\u010dkov\u00e1n\u00ed proti Covid-19<\/span><\/h2>\n<p><span>Podle Fleminga neposkytuje ani jedna z vakc\u00edn proti viru SARS-CoV-2 v\u016fbec \u017e\u00e1dn\u00e9 benefity.\u00a0Dokazuj\u00ed to data, vl\u00e1da v\u0161ak pravdu p\u0159esto ignoruje.<\/span><\/p>\n<p><span>Fleming \u0159\u00edk\u00e1, \u017ee Biden\u016fv re\u017eim (a samoz\u0159ejm\u011b i Evropsk\u00e1 unie) pot\u0159ebuje okam\u017eit\u011b p\u0159ehodnotit \u00fadajn\u00e9 benefity zm\u00edn\u011bn\u00fdch vakc\u00edn, aby se zjistilo, zda v\u016fbec maj\u00ed &#8222;projevenou \u00fa\u010dinnost&#8220;, nebo\u0165 podle Flemimga ji &#8222;nemaj\u00ed&#8220;.<\/span><\/p>\n<p><em><span>&#8222;Za druh\u00e9,&#8220;\u00a0<\/span><\/em><span>\u00a0zeptal se d\u00e1le Fleming,\u00a0<\/span><em><span>&#8222;jak\u00e9 jsou potenci\u00e1ln\u00ed d\u016fsledky realizovan\u00e9ho o\u010dkov\u00e1n\u00ed u podstatn\u00e9ho mno\u017estv\u00ed populace?&#8220;<\/span><\/em><\/p>\n<div class=\"code-block code-block-9\">\n<div id=\"badat-1693593744\">\n<p>Vy\u0161et\u0159ovat t\u0159eba v\u0161echny, kte\u0159\u00ed byli zapojeni do kontroln\u00edho procesu t\u011bchto vakc\u00edn.<\/p>\n<\/div>\n<\/div>\n<p><span>To znamen\u00e1 p\u0159inejmen\u0161\u00edm Anthonyho Fauciho, u n\u011bho\u017e vy\u0161lo najevo, \u017ee v\u00fdzkum z\u00edsk\u00e1v\u00e1n\u00ed nov\u00fdch funkc\u00ed vir\u016f N\u00e1rodn\u00edho \u00fastavu zdrav\u00ed (NIH) zadal Wu-chansk\u00e9ho virologick\u00e9mu institutu (WIV) &#8211; s pou\u017eit\u00edm dolar\u016f z americk\u00fdch dan\u00ed.<\/span><\/p>\n<p><span>Virus SARS-CoV-2 se stal\u00a0<\/span><em><span>pl\u00e1novanou pandemi\u00ed\u00a0<\/span><\/em><span> kv\u016fli Faucimu, kter\u00fd platil v\u00fdzkumn\u00edk\u016fm v komunistick\u00e9 \u010c\u00edn\u011b za zahr\u00e1v\u00e1n\u00ed se netop\u00fd\u0159\u00edmi koronavirus &#8211; co\u017e je operace, kterou by v USA kv\u016fli jej\u00ed nez\u00e1konnosti nebylo mo\u017en\u00e9 prov\u00e9st.<\/span><\/p>\n<p><span>Nikdy by nebyly \u017e\u00e1dn\u00e9 Lockdown, obli\u010dejov\u00e9 rou\u0161ky, zkrachoval\u00e9 podniky, sebevra\u017edy ani jin\u00e1 spole\u010densk\u00e1 zk\u00e1za, neb\u00fdt Fauciho zlo\u010din\u016f proti lidskosti, kter\u00e9 si nyn\u00ed, p\u0159i objas\u0148ov\u00e1n\u00ed\u00a0<\/span><em><span>pandemie<\/span><\/em><span>\u00a0, za\u010d\u00edn\u00e1 uv\u011bdomovat st\u00e1le v\u00edce lid\u00ed.<\/span><\/p>\n<h2><span>O\u010dkovac\u00ed l\u00e1tka mRNA se m\u016f\u017ee zapsat i do lidsk\u00e9 DNA!<\/span><\/h2>\n<p><em><span>&#8222;D\u016fkazy ukazuj\u00ed, \u017ee tento virus je vytvo\u0159en z\u00edsk\u00e1n\u00edm nov\u00e9 funkce, obsahuj\u00edc\u00edm mechanismy vytv\u00e1\u0159ej\u00edc\u00ed z\u00e1n\u011btliv\u011b-trombotickou reakci (ITR) s reverzn\u00edm p\u0159episem (RT) mRNA do bun\u011b\u010dn\u00e9 DNA, s prionov\u00e9 strukturami p\u0159\u00edtomn\u00fdmi v hrotov\u00e9 proteinu viru,&#8220;\u00a0<\/span><\/em><span>\u00a0vysv\u011btluje Fleming na sv\u00e9 webov\u00e9 str\u00e1nce .<\/span><\/p>\n<p><span>Mimochodem, tato\u00a0<\/span><a href=\"https:\/\/www.flemingmethod.com\/\" target=\"_blank\" rel=\"noopener\"><span>jeho str\u00e1nka<\/span><\/a><span>\u00a0je hotov\u00fdm pokladem cenn\u00fdch informac\u00ed o t\u00e9matu a Covid-19, ze kter\u00fdch se m\u016f\u017eete dozv\u011bd\u011bt v\u00edce o tom, odkud z\u0159ejm\u011b nov\u00fd virus poch\u00e1z\u00ed, o tom, jak byl vytvo\u0159en a jako &#8222;vakc\u00edny&#8220; proti n\u011bmu nefunguj\u00ed tak, jak se tvrd\u00ed.<\/span><\/p>\n<p><span>Podle Fleminga existuje u koronavirus SARS-CoV-2 pap\u00edrov\u00e1 stopa, vedouc\u00ed &#8222;od \u010d\u00ednsk\u00fdch jeskyn\u00ed s netop\u00fdry a\u017e do Severn\u00ed Karol\u00edny v USA&#8220;, p\u0159i\u010dem\u017e bylo zapracov\u00e1no na &#8222;zv\u00fd\u0161en\u00ed jeho infek\u010dnosti a virulentnosti&#8220;.<\/span><\/p>\n<p><span>\u0158\u00edk\u00e1 tak\u00e9, \u017ee dokumenty sleduj\u00ed stopu viru zp\u011bt do Wu-chan, p\u0159i\u010dem\u017e Fauci poskytuje Wuhansk\u00e9mu laborato\u0159i dotaci 3,5 milionu dolar\u016f.<\/span><\/p>\n<p><span>V\u00edce se m\u016f\u017eete dozv\u011bd\u011bt na\u00a0<\/span><a href=\"https:\/\/www.flemingmethod.com\/\" target=\"_blank\" rel=\"noopener\"><span>FlemingMethod.com<\/span><\/a><span>\u00a0.<\/span><\/p>\n<p><a href=\"https:\/\/pandemic.warroom.org\/2021\/04\/13\/expert-cardiologist-issues-dire-warning-experimental-vaccines-are-ineffective-and-could-cause-mad-cow-disease\/\" target=\"_blank\" rel=\"noopener\"><span>Pandemic.WarRoom.org<\/span><\/a><span>\u00a0,\u00a0<\/span><a href=\"https:\/\/www.naturalnews.com\/2021-03-29-norwegian-doctor-astrazeneca-jab-deadly-blood-clots.html\" target=\"_blank\" rel=\"noopener\"><span>NaturalNews.com<\/span><\/a><span>\u00a0,\u00a0<\/span><a href=\"https:\/\/www.flemingmethod.com\/\" target=\"_blank\" rel=\"noopener\"><span>FlemingMethod.com<\/span><\/a><\/p>\n<p>&nbsp;<\/p>\n<p>&nbsp;<\/p>\n","protected":false},"excerpt":{"rendered":"<p>Fyzik a kardiolog nucle\u00e1rnej medic\u00edny Dr.\u00a0Richard Fleming vydal pochmurn\u00e9 varov\u00e1n\u00ed o nebezpe\u010d\u00edch vakc\u00edn proti nov\u00e9mu&#8230;<\/p>\n","protected":false},"author":2,"featured_media":3745,"comment_status":"closed","ping_status":"closed","sticky":false,"template":"","format":"standard","meta":[],"categories":[7],"tags":[23,549,629,213,651,492,21],"_links":{"self":[{"href":"https:\/\/www.infokuryr.cz\/n\/wp-json\/wp\/v2\/posts\/3744"}],"collection":[{"href":"https:\/\/www.infokuryr.cz\/n\/wp-json\/wp\/v2\/posts"}],"about":[{"href":"https:\/\/www.infokuryr.cz\/n\/wp-json\/wp\/v2\/types\/post"}],"author":[{"embeddable":true,"href":"https:\/\/www.infokuryr.cz\/n\/wp-json\/wp\/v2\/users\/2"}],"replies":[{"embeddable":true,"href":"https:\/\/www.infokuryr.cz\/n\/wp-json\/wp\/v2\/comments?post=3744"}],"version-history":[{"count":0,"href":"https:\/\/www.infokuryr.cz\/n\/wp-json\/wp\/v2\/posts\/3744\/revisions"}],"wp:featuredmedia":[{"embeddable":true,"href":"https:\/\/www.infokuryr.cz\/n\/wp-json\/wp\/v2\/media\/3745"}],"wp:attachment":[{"href":"https:\/\/www.infokuryr.cz\/n\/wp-json\/wp\/v2\/media?parent=3744"}],"wp:term":[{"taxonomy":"category","embeddable":true,"href":"https:\/\/www.infokuryr.cz\/n\/wp-json\/wp\/v2\/categories?post=3744"},{"taxonomy":"post_tag","embeddable":true,"href":"https:\/\/www.infokuryr.cz\/n\/wp-json\/wp\/v2\/tags?post=3744"}],"curies":[{"name":"wp","href":"https:\/\/api.w.org\/{rel}","templated":true}]}}