{"id":3741,"date":"2021-08-01T06:44:51","date_gmt":"2021-08-01T04:44:51","guid":{"rendered":"http:\/\/www.infokuryr.cz\/n\/?p=3741"},"modified":"2021-08-01T06:44:51","modified_gmt":"2021-08-01T04:44:51","slug":"budapest-homo-pride-nema-zadne-statni-ani-korporatni-sponzory-v-praze-pochod-homo-pychy-podporuji-vlada-ministerstva-radnice-statni-podniky-eu-a-zahranicni-korporace","status":"publish","type":"post","link":"https:\/\/www.infokuryr.cz\/n\/2021\/08\/01\/budapest-homo-pride-nema-zadne-statni-ani-korporatni-sponzory-v-praze-pochod-homo-pychy-podporuji-vlada-ministerstva-radnice-statni-podniky-eu-a-zahranicni-korporace\/","title":{"rendered":"Budape\u0161\u0165 homo pride nem\u00e1 \u017e\u00e1dn\u00e9 st\u00e1tn\u00ed ani korpor\u00e1tn\u00ed sponzory. V Praze pochod homo p\u00fdchy podporuj\u00ed vl\u00e1da, ministerstva, radnice, st\u00e1tn\u00ed podniky, EU a zahrani\u010dn\u00ed korporace"},"content":{"rendered":"<div id=\"fb-root\"><\/div>\n<p><strong>P\u0159ed p\u00e1r dny skon\u010dila v Budape\u0161ti m\u00edst\u00ed pride \u2013 tedy m\u011bs\u00edc LGBT++P propagandy a agitace. Byla to ale b\u00edda, proto\u017ee nem\u011bla\u00a0<a href=\"https:\/\/budapestpride.com\/\">skoro \u017e\u00e1dn\u00e9 sponzor<\/a>y. Krom\u011b americk\u00e9 Citibank<\/strong>\u00a0(ta v evropsk\u00fdch zem\u00edch podporuje coming out gay\u016f!) se na podpo\u0159e pod\u00edlely\u00a0<strong>nev\u00fdrazn\u00e9 spolky a neziskovky a neb\u00fdt G. Sorose a jeho St\u0159edoevropsk\u00e9 university, tak to byla vylo\u017een\u011b b\u00edda.\u00a0<\/strong>Dokonce ani EU mezi sponzory nebyla.<\/p>\n<p>Ted si to porovnejte s pra\u017esk\u00fdm pochodem homo p\u00fdchy Prague pride.\u00a0<strong>Ten\u00a0<a href=\"https:\/\/www.praguepride.cz\/cs\/\">sponzoruj\u00ed\u00a0<\/a>ministerstva Pr\u00e1ce a soci\u00e1ln\u00edch v\u011bc\u00ed a Kultury, \u00fa\u0159ad vl\u00e1dy, d\u00e1le pra\u017esk\u00fd magistr\u00e1t, \u201c\u010desk\u00e1\u201d po\u0161ta, fondy EU, Soros a zahrani\u010dn\u00ed korporace jako Vodafone, IBM, ING Bank, Coca Cola, Citibank, Microsoft, pivovar Staropramen atd.<\/strong><\/p>\n<p><strong>Premi\u00e9r Orb\u00e1n d\u011bl\u00e1 n\u011bco l\u00e9pe, \u017ee si ani mezin\u00e1rodn\u00ed korporace a EU netroufnou ve\u0159ejn\u011b podporovat proti rodinnou a proti n\u00e1rodn\u00ed agitku. To si porovnejte s \u201c\u010deskou\u201d vl\u00e1dou a \u201c\u010desk\u00fdm\u201d premi\u00e9rem Babi\u0161em!<\/strong>\u00a0Ma\u010farsko m\u00e1 o\u010dividn\u011b mnohem v\u00edc suverenity ne\u017e \u201c\u010cesko\u201d.<\/p>\n<p><a href=\"https:\/\/ceskavec.com\/2021\/08\/budapest-homo-pride-nema-zadne-statni-ani-korporatni-sponzory-v-praze-pochod-homo-pychy-podporuji-vlada-ministerstva-radnice-statni-podniky-eu-a-zahranicni-korporace\">Jarek V.<\/a><\/p>\n<p>&nbsp;<\/p>\n","protected":false},"excerpt":{"rendered":"<p>P\u0159ed p\u00e1r dny skon\u010dila v Budape\u0161ti m\u00edst\u00ed pride \u2013 tedy m\u011bs\u00edc LGBT++P propagandy a agitace&#8230;.<\/p>\n","protected":false},"author":2,"featured_media":3742,"comment_status":"closed","ping_status":"closed","sticky":false,"template":"","format":"standard","meta":[],"categories":[7],"tags":[206,71,78],"_links":{"self":[{"href":"https:\/\/www.infokuryr.cz\/n\/wp-json\/wp\/v2\/posts\/3741"}],"collection":[{"href":"https:\/\/www.infokuryr.cz\/n\/wp-json\/wp\/v2\/posts"}],"about":[{"href":"https:\/\/www.infokuryr.cz\/n\/wp-json\/wp\/v2\/types\/post"}],"author":[{"embeddable":true,"href":"https:\/\/www.infokuryr.cz\/n\/wp-json\/wp\/v2\/users\/2"}],"replies":[{"embeddable":true,"href":"https:\/\/www.infokuryr.cz\/n\/wp-json\/wp\/v2\/comments?post=3741"}],"version-history":[{"count":0,"href":"https:\/\/www.infokuryr.cz\/n\/wp-json\/wp\/v2\/posts\/3741\/revisions"}],"wp:featuredmedia":[{"embeddable":true,"href":"https:\/\/www.infokuryr.cz\/n\/wp-json\/wp\/v2\/media\/3742"}],"wp:attachment":[{"href":"https:\/\/www.infokuryr.cz\/n\/wp-json\/wp\/v2\/media?parent=3741"}],"wp:term":[{"taxonomy":"category","embeddable":true,"href":"https:\/\/www.infokuryr.cz\/n\/wp-json\/wp\/v2\/categories?post=3741"},{"taxonomy":"post_tag","embeddable":true,"href":"https:\/\/www.infokuryr.cz\/n\/wp-json\/wp\/v2\/tags?post=3741"}],"curies":[{"name":"wp","href":"https:\/\/api.w.org\/{rel}","templated":true}]}}