{"id":3737,"date":"2021-08-01T06:27:45","date_gmt":"2021-08-01T04:27:45","guid":{"rendered":"http:\/\/www.infokuryr.cz\/n\/?p=3737"},"modified":"2021-08-01T06:27:45","modified_gmt":"2021-08-01T04:27:45","slug":"novy-velvyslanec-usa-v-polsku-cechoslovak-brzezinski","status":"publish","type":"post","link":"https:\/\/www.infokuryr.cz\/n\/2021\/08\/01\/novy-velvyslanec-usa-v-polsku-cechoslovak-brzezinski\/","title":{"rendered":"Nov\u00fd velvyslanec USA v Polsku. \u201e\u010cechoslov\u00e1k\u201c Brzezi\u0144ski"},"content":{"rendered":"<div id=\"fb-root\"><\/div>\n<p>Nov\u00fdm americk\u00fdm velvyslancem v Polsku se na podzim ofici\u00e1ln\u011b stane Mark Brzezi\u0144ski, syn Zbigniewa Brzezi\u0144sk\u00e9ho. Vl\u00e1da ve Var\u0161av\u011b s ohledem na pr\u00e1vn\u00ed probl\u00e9my s jeho ob\u010danstv\u00edm dosud odm\u00edtala vyd\u00e1n\u00ed nutn\u00e9ho souhlasu. Nyn\u00ed bylo nalezeno krkolomn\u00e9 pr\u00e1vn\u00ed \u0159e\u0161en\u00ed, ve kter\u00e9m hraje roli i \u010desk\u00fd p\u016fvod jeho matky.<\/p>\n<p>Jak uv\u00e1d\u00ed port\u00e1l \u201eonet.pl\u201c, polsk\u00e1 vl\u00e1da dosud vych\u00e1zela\u00a0 z pr\u00e1vn\u00edho v\u00fdkladu, \u017ee Mark Brzezi\u0144ski je ze z\u00e1kona po sv\u00e9m otci ob\u010danem Polska, by\u0165 se narodil ve Spojen\u00fdch st\u00e1tech a k polsk\u00e9mu ob\u010danstv\u00ed se i podle sv\u00e9ho vyj\u00e1d\u0159en\u00ed nehl\u00e1s\u00ed. Jako \u201epolsk\u00fd ob\u010dan\u201c proto nemohl ve Var\u0161av\u011b zastupovat jin\u00fd st\u00e1t.<\/p>\n<p>Nyn\u00ed polsk\u00e1 vl\u00e1da nalezla krkolomn\u00fd zp\u016fsob, jak tento probl\u00e9m \u0161ikovn\u011b obej\u00edt, a to stanoviskem \u017ee budouc\u00ed velvyslanec je pravd\u011bpodobn\u011b \u010desk\u00fdm ob\u010danem.<\/p>\n<p>Odvol\u00e1v\u00e1 se na smlouvu mezi socialistick\u00fdmi st\u00e1ty ze 60. let minul\u00e9ho stolet\u00ed o p\u0159edch\u00e1zen\u00ed dvoj\u00edmu ob\u010danstv\u00ed. V t\u00e9 bylo stanoveno, \u017ee pokud jsou rodi\u010de r\u016fzn\u00fdch st\u00e1tn\u00edch p\u0159\u00edslu\u0161nost\u00ed\u00a0\u00a0a neur\u010d\u00ed st\u00e1tn\u00ed p\u0159\u00edslu\u0161nost d\u00edt\u011bte, automaticky se st\u00e1v\u00e1 ob\u010danem st\u00e1tu po matce.\u00a0\u00a0Mark Brzezi\u0144ski se narodil v roce 1965 v dob\u011b platnosti t\u00e9to smlouvy.<\/p>\n<p>Zbigniew\u00a0\u00a0Brzezi\u0144ski byl v t\u00e9 dob\u011b polsk\u00fdm ob\u010danem, ale jeho \u017eena a matka Marka, byla tehdy ob\u010dankou \u010ceskoslovenska. Nebo\u0165 rodi\u010de neur\u010dili st\u00e1tn\u00ed p\u0159\u00edslu\u0161nost d\u00edt\u011bte, ve v\u011bku 18 let se automaticky stal ob\u010danem tehdej\u0161\u00edho \u010ceskoslovenska.<\/p>\n<p>Up\u0159esn\u011bme, \u017ee\u00a0\u00a0Emilie Benesov\u00e1 Brzezinski se narodila v roce 1932 ve \u0160v\u00fdcarsku jako dcera \u010deskoslovensk\u00e9ho diplomata a novin\u00e1\u0159e Bohu\u0161e Bene\u0161e. Po vypuknut\u00ed v\u00e1lky se rodina p\u0159est\u011bhovala do Velk\u00e9 Brit\u00e1nie a pozd\u011bji do USA. Je pranete\u0159\u00ed \u010deskoslovensk\u00e9ho prezidenta Edvarda Bene\u0161e.<\/p>\n<p><a href=\"http:\/\/vasevec.parlamentnilisty.cz\/novy-velvyslanec-usa-v-polsku-cechoslovak-brzezinski\">Jan Urbach<\/a><\/p>\n<p>&nbsp;<\/p>\n","protected":false},"excerpt":{"rendered":"<p>Nov\u00fdm americk\u00fdm velvyslancem v Polsku se na podzim ofici\u00e1ln\u011b stane Mark Brzezi\u0144ski, syn Zbigniewa Brzezi\u0144sk\u00e9ho&#8230;.<\/p>\n","protected":false},"author":2,"featured_media":3738,"comment_status":"closed","ping_status":"closed","sticky":false,"template":"","format":"standard","meta":[],"categories":[7],"tags":[975,976,31,977],"_links":{"self":[{"href":"https:\/\/www.infokuryr.cz\/n\/wp-json\/wp\/v2\/posts\/3737"}],"collection":[{"href":"https:\/\/www.infokuryr.cz\/n\/wp-json\/wp\/v2\/posts"}],"about":[{"href":"https:\/\/www.infokuryr.cz\/n\/wp-json\/wp\/v2\/types\/post"}],"author":[{"embeddable":true,"href":"https:\/\/www.infokuryr.cz\/n\/wp-json\/wp\/v2\/users\/2"}],"replies":[{"embeddable":true,"href":"https:\/\/www.infokuryr.cz\/n\/wp-json\/wp\/v2\/comments?post=3737"}],"version-history":[{"count":0,"href":"https:\/\/www.infokuryr.cz\/n\/wp-json\/wp\/v2\/posts\/3737\/revisions"}],"wp:featuredmedia":[{"embeddable":true,"href":"https:\/\/www.infokuryr.cz\/n\/wp-json\/wp\/v2\/media\/3738"}],"wp:attachment":[{"href":"https:\/\/www.infokuryr.cz\/n\/wp-json\/wp\/v2\/media?parent=3737"}],"wp:term":[{"taxonomy":"category","embeddable":true,"href":"https:\/\/www.infokuryr.cz\/n\/wp-json\/wp\/v2\/categories?post=3737"},{"taxonomy":"post_tag","embeddable":true,"href":"https:\/\/www.infokuryr.cz\/n\/wp-json\/wp\/v2\/tags?post=3737"}],"curies":[{"name":"wp","href":"https:\/\/api.w.org\/{rel}","templated":true}]}}