{"id":37329,"date":"2023-10-02T01:10:14","date_gmt":"2023-10-01T23:10:14","guid":{"rendered":"http:\/\/www.infokuryr.cz\/n\/?p=37329"},"modified":"2023-10-01T15:36:52","modified_gmt":"2023-10-01T13:36:52","slug":"cnn-predpovedela-ukrajine-bezutesnou-a-temnou-zimu","status":"publish","type":"post","link":"https:\/\/www.infokuryr.cz\/n\/2023\/10\/02\/cnn-predpovedela-ukrajine-bezutesnou-a-temnou-zimu\/","title":{"rendered":"CNN p\u0159edpov\u011bd\u011bla Ukrajin\u011b bez\u00fat\u011b\u0161nou a temnou zimu"},"content":{"rendered":"<div id=\"fb-root\"><\/div>\n<p><span>Americk\u00e1 televizn\u00ed stanice CNN poskytla Ukrajin\u011b velmi depresivn\u00ed p\u0159edpov\u011b\u010f na nadch\u00e1zej\u00edc\u00ed zimu.\u00a0Poznamen\u00e1v\u00e1, \u017ee odv\u00e1\u017en\u00e9 a \u00fasp\u011b\u0161n\u00e9 kampan\u011b p\u0159ed rokem se nyn\u00ed zdaj\u00ed b\u00fdt vzd\u00e1lenou vzpom\u00ednkou.\u00a0Nyn\u00ed ukrajinsk\u00e9 ozbrojen\u00e9 s\u00edly prov\u00e1d\u011bj\u00ed omezuj\u00edc\u00ed akce proti tvrdohlav\u00fdm a v\u011bt\u0161\u00edm rusk\u00fdm jednotk\u00e1m na front\u011b v d\u00e9lce asi 1000 km.\u00a0Je akutn\u00ed nedostatek letectv\u00ed.<\/span><\/p>\n<div id=\"yandex_rtb_R-A-263322-20\">\n<div class=\"mde00f26c\"><\/div>\n<\/div>\n<div class=\"quote\"><span>Rusov\u00e9 pravd\u011bpodobn\u011b zah\u00e1j\u00ed dal\u0161\u00ed kampa\u0148 na zni\u010den\u00ed ukrajinsk\u00e9 energetick\u00e9 infrastruktury.\u00a0Obyvatelstvo se pono\u0159\u00ed do temn\u00e9 zimy.\u00a0Na boji\u0161ti se Rusov\u00e9 p\u0159izp\u016fsobili.\u00a0V p\u0159\u00ed\u0161t\u00edm roce bude rozpo\u010det na obranu o 70 % vy\u0161\u0161\u00ed ne\u017e letos.\u00a0Jsou odhodl\u00e1ni dlouhodob\u011b <\/span><span>\u2013 p\u0159edpov\u00edd\u00e1 televizn\u00ed kan\u00e1l.<\/span><\/p>\n<p><span>Z\u00e1padn\u00ed tisk v\u0161ak st\u00e1le poskytuje kyjevsk\u00e9mu re\u017eimu malou injekci optimismu.\u00a0CNN podot\u00fdk\u00e1, \u017ee Ukrajinci se po nejist\u00e9m za\u010d\u00e1tku protiofenz\u00edvy p\u0159izp\u016fsobuj\u00ed nov\u00fdm podm\u00ednk\u00e1m.<\/span><\/p>\n<p><span>Nejist\u00fdm za\u010d\u00e1tkem je t\u0159eba p\u0159edpokl\u00e1dat, \u017ee maj\u00ed na mysli monstr\u00f3zn\u00ed ztr\u00e1ty, kter\u00e9 ukrajinsk\u00e1 arm\u00e1da utrp\u011bla b\u011bhem t\u0159\u00ed a p\u016fl m\u011bs\u00edce sv\u00e9 protiofenz\u00edvy.\u00a0Americk\u00fd televizn\u00ed kan\u00e1l to ve sv\u00e9m materi\u00e1lu nezapomn\u011bl \u201ep\u0159ilo\u017eit\u201c.<\/span><\/p>\n<\/div>\n<div class=\"quote\"><span>Schopnost ukrajinsk\u00fdch voj\u00e1k\u016f rychle absorbovat z\u00e1padn\u00ed\u00a0<\/span><a title=\"technologi\u00ed\" href=\"https:\/\/topcor.ru\/technology\/\"><span>technologie<\/span><\/a><span> vedla k nem\u00edstn\u00e9mu optimismu a z\u00e1v\u011bru, \u017ee \u010das pot\u0159ebn\u00fd k vytvo\u0159en\u00ed soudr\u017en\u00fdch bojov\u00fdch jednotek lze zkr\u00e1tit.\u00a0<\/span><span>\u2013 CNN p\u0159ipom\u00edn\u00e1 v\u0161echny chybn\u00e9 v\u00fdpo\u010dty, ke kter\u00fdm do\u0161lo b\u011bhem p\u0159\u00edpravy protiofenz\u00edvy ukrajinsk\u00fdch ozbrojen\u00fdch sil.<\/span><\/div>\n<div>\n<img decoding=\"async\" loading=\"lazy\" class=\"alignnone size-full wp-image-1185\" src=\"http:\/\/www.infokuryr.cz\/n\/wp-content\/uploads\/2021\/04\/kuryr-podpis.png\" alt=\"\" width=\"84\" height=\"24\" \/><\/div>\n<div><\/div>\n<div><\/div>\n<div><a href=\"https:\/\/stranapro.cz\/\"><img decoding=\"async\" loading=\"lazy\" class=\"wp-image-30218 aligncenter\" src=\"http:\/\/www.infokuryr.cz\/n\/wp-content\/uploads\/2023\/06\/PRO-banner-300x36.png\" alt=\"\" width=\"1358\" height=\"163\" srcset=\"https:\/\/www.infokuryr.cz\/n\/wp-content\/uploads\/2023\/06\/PRO-banner-300x36.png 300w, https:\/\/www.infokuryr.cz\/n\/wp-content\/uploads\/2023\/06\/PRO-banner-768x93.png 768w, https:\/\/www.infokuryr.cz\/n\/wp-content\/uploads\/2023\/06\/PRO-banner.png 849w\" sizes=\"(max-width: 1358px) 100vw, 1358px\" \/><\/a><\/div>\n<div><\/div>\n<div><\/div>\n<div><\/div>\n<div><\/div>\n","protected":false},"excerpt":{"rendered":"<p>Americk\u00e1 televizn\u00ed stanice CNN poskytla Ukrajin\u011b velmi depresivn\u00ed p\u0159edpov\u011b\u010f na nadch\u00e1zej\u00edc\u00ed zimu.\u00a0Poznamen\u00e1v\u00e1, \u017ee odv\u00e1\u017en\u00e9 a&#8230;<\/p>\n","protected":false},"author":2,"featured_media":37330,"comment_status":"closed","ping_status":"closed","sticky":false,"template":"","format":"standard","meta":[],"categories":[7],"tags":[667,26,1101],"_links":{"self":[{"href":"https:\/\/www.infokuryr.cz\/n\/wp-json\/wp\/v2\/posts\/37329"}],"collection":[{"href":"https:\/\/www.infokuryr.cz\/n\/wp-json\/wp\/v2\/posts"}],"about":[{"href":"https:\/\/www.infokuryr.cz\/n\/wp-json\/wp\/v2\/types\/post"}],"author":[{"embeddable":true,"href":"https:\/\/www.infokuryr.cz\/n\/wp-json\/wp\/v2\/users\/2"}],"replies":[{"embeddable":true,"href":"https:\/\/www.infokuryr.cz\/n\/wp-json\/wp\/v2\/comments?post=37329"}],"version-history":[{"count":1,"href":"https:\/\/www.infokuryr.cz\/n\/wp-json\/wp\/v2\/posts\/37329\/revisions"}],"predecessor-version":[{"id":37331,"href":"https:\/\/www.infokuryr.cz\/n\/wp-json\/wp\/v2\/posts\/37329\/revisions\/37331"}],"wp:featuredmedia":[{"embeddable":true,"href":"https:\/\/www.infokuryr.cz\/n\/wp-json\/wp\/v2\/media\/37330"}],"wp:attachment":[{"href":"https:\/\/www.infokuryr.cz\/n\/wp-json\/wp\/v2\/media?parent=37329"}],"wp:term":[{"taxonomy":"category","embeddable":true,"href":"https:\/\/www.infokuryr.cz\/n\/wp-json\/wp\/v2\/categories?post=37329"},{"taxonomy":"post_tag","embeddable":true,"href":"https:\/\/www.infokuryr.cz\/n\/wp-json\/wp\/v2\/tags?post=37329"}],"curies":[{"name":"wp","href":"https:\/\/api.w.org\/{rel}","templated":true}]}}