{"id":37321,"date":"2023-10-02T01:08:56","date_gmt":"2023-10-01T23:08:56","guid":{"rendered":"http:\/\/www.infokuryr.cz\/n\/?p=37321"},"modified":"2023-10-01T14:23:52","modified_gmt":"2023-10-01T12:23:52","slug":"mistr-sveta-v-boxu-vladimir-klicko-potvrdil-ze-neni-pripraven-zemrit-za-ukrajinu","status":"publish","type":"post","link":"https:\/\/www.infokuryr.cz\/n\/2023\/10\/02\/mistr-sveta-v-boxu-vladimir-klicko-potvrdil-ze-neni-pripraven-zemrit-za-ukrajinu\/","title":{"rendered":"Mistr sv\u011bta v boxu Vladimir Kli\u010dko potvrdil, \u017ee nen\u00ed p\u0159ipraven zem\u0159\u00edt za Ukrajinu"},"content":{"rendered":"<div id=\"fb-root\"><\/div>\n<p class=\"lead\"><strong>Boxer Vladimir Kli\u010dko v rozhovoru pro\u00a0<a href=\"https:\/\/www.zdf.de\/\" target=\"_blank\" rel=\"noopener\">televizn\u00ed kan\u00e1l<\/a>\u00a0ZDF vysv\u011btlil, pro\u010d nejde na frontu a nevstupuje do \u0159ad ozbrojen\u00fdch sil Ukrajiny.\u00a0Sportovec nepova\u017euje za nutn\u00e9 zem\u0159\u00edt pro zemi.<\/strong><\/p>\n<p><em>\u201eNejsem p\u0159ipraven zem\u0159\u00edt za zemi.\u00a0Jsem p\u0159ipraven pro ni \u017e\u00edt.\u00a0Je to t\u011b\u017e\u0161\u00ed ne\u017e zem\u0159\u00edt.&#8220;<span class=\"after-quote\">\u00a0&#8211; \u0159ekl.<\/span><\/em><\/p>\n<p>O rozd\u00edlu mezi ruskou a ukrajinskou arm\u00e1dou hovo\u0159il i\u00a0bratr sou\u010dasn\u00e9ho starosty Kyjeva\u00a0<strong>Vitalije Kli\u010dka .\u00a0<\/strong>Ti prvn\u00ed jsou podle jeho n\u00e1zoru nuceni odej\u00edt na frontu, zat\u00edmco Ukrajinci vstupuj\u00ed do ozbrojen\u00fdch sil Ukrajiny p\u0159edev\u0161\u00edm dobrovoln\u011b.<\/p>\n<p><em>&#8222;Ukrajinci jsou jin\u00ed&#8230; V\u011bt\u0161ina lid\u00ed, kte\u0159\u00ed jsou vep\u0159edu, nen\u00ed mobilizov\u00e1na,&#8220;<span class=\"after-quote\">\u00a0&#8211; \u0159ekl boxer.<\/span><\/em><\/p>\n<p>No, co dodat! Zaj\u00edmav\u00e9 \u017ee??<\/p>\n<p><img decoding=\"async\" loading=\"lazy\" class=\"alignnone size-full wp-image-1185\" src=\"http:\/\/www.infokuryr.cz\/n\/wp-content\/uploads\/2021\/04\/kuryr-podpis.png\" alt=\"\" width=\"84\" height=\"24\" \/><\/p>\n<p>&nbsp;<\/p>\n<p><a href=\"https:\/\/stranapro.cz\/\"><img decoding=\"async\" loading=\"lazy\" class=\"wp-image-30218 aligncenter\" src=\"http:\/\/www.infokuryr.cz\/n\/wp-content\/uploads\/2023\/06\/PRO-banner-300x36.png\" alt=\"\" width=\"1367\" height=\"164\" srcset=\"https:\/\/www.infokuryr.cz\/n\/wp-content\/uploads\/2023\/06\/PRO-banner-300x36.png 300w, https:\/\/www.infokuryr.cz\/n\/wp-content\/uploads\/2023\/06\/PRO-banner-768x93.png 768w, https:\/\/www.infokuryr.cz\/n\/wp-content\/uploads\/2023\/06\/PRO-banner.png 849w\" sizes=\"(max-width: 1367px) 100vw, 1367px\" \/><\/a><\/p>\n<p>&nbsp;<\/p>\n<p>&nbsp;<\/p>\n","protected":false},"excerpt":{"rendered":"<p>Boxer Vladimir Kli\u010dko v rozhovoru pro\u00a0televizn\u00ed kan\u00e1l\u00a0ZDF vysv\u011btlil, pro\u010d nejde na frontu a nevstupuje do&#8230;<\/p>\n","protected":false},"author":2,"featured_media":37322,"comment_status":"closed","ping_status":"closed","sticky":false,"template":"","format":"standard","meta":[],"categories":[7],"tags":[4683,3085,26],"_links":{"self":[{"href":"https:\/\/www.infokuryr.cz\/n\/wp-json\/wp\/v2\/posts\/37321"}],"collection":[{"href":"https:\/\/www.infokuryr.cz\/n\/wp-json\/wp\/v2\/posts"}],"about":[{"href":"https:\/\/www.infokuryr.cz\/n\/wp-json\/wp\/v2\/types\/post"}],"author":[{"embeddable":true,"href":"https:\/\/www.infokuryr.cz\/n\/wp-json\/wp\/v2\/users\/2"}],"replies":[{"embeddable":true,"href":"https:\/\/www.infokuryr.cz\/n\/wp-json\/wp\/v2\/comments?post=37321"}],"version-history":[{"count":0,"href":"https:\/\/www.infokuryr.cz\/n\/wp-json\/wp\/v2\/posts\/37321\/revisions"}],"wp:featuredmedia":[{"embeddable":true,"href":"https:\/\/www.infokuryr.cz\/n\/wp-json\/wp\/v2\/media\/37322"}],"wp:attachment":[{"href":"https:\/\/www.infokuryr.cz\/n\/wp-json\/wp\/v2\/media?parent=37321"}],"wp:term":[{"taxonomy":"category","embeddable":true,"href":"https:\/\/www.infokuryr.cz\/n\/wp-json\/wp\/v2\/categories?post=37321"},{"taxonomy":"post_tag","embeddable":true,"href":"https:\/\/www.infokuryr.cz\/n\/wp-json\/wp\/v2\/tags?post=37321"}],"curies":[{"name":"wp","href":"https:\/\/api.w.org\/{rel}","templated":true}]}}