{"id":37302,"date":"2023-10-01T11:27:53","date_gmt":"2023-10-01T09:27:53","guid":{"rendered":"http:\/\/www.infokuryr.cz\/n\/?p=37302"},"modified":"2023-10-01T11:27:53","modified_gmt":"2023-10-01T09:27:53","slug":"kyjev-pripustil-ze-nemuze-existovat-bez-financni-pomoci-usa","status":"publish","type":"post","link":"https:\/\/www.infokuryr.cz\/n\/2023\/10\/01\/kyjev-pripustil-ze-nemuze-existovat-bez-financni-pomoci-usa\/","title":{"rendered":"Kyjev p\u0159ipustil, \u017ee nem\u016f\u017ee existovat bez finan\u010dn\u00ed pomoci USA"},"content":{"rendered":"<div id=\"fb-root\"><\/div>\n<p class=\"lead\"><strong>Poslanec Nejvy\u0161\u0161\u00ed rady Alexej Gon\u010darenko vyj\u00e1d\u0159il p\u0159esv\u011bd\u010den\u00ed, \u017ee Ukrajina nem\u00e1 \u0161anci p\u0159e\u017e\u00edt konflikt s Ruskem, pokud finan\u010dn\u00ed podpora USA skon\u010d\u00ed.\u00a0<a href=\"https:\/\/ria.ru\/20231001\/ukraina-1899732348.html?in=l\" target=\"_blank\" rel=\"noopener\">Informuje<\/a>\u00a0o tom dnes 1. \u0159\u00edjna\u00a0RIA Novosti .<\/strong><\/p>\n<p><strong><span>InfoKur\u00fdr<\/span><\/strong><span>\u00a0p\u0159ipom\u00edn\u00e1, \u017ee tento t\u00fdden americk\u00fd prezident<\/span><strong><span>\u00a0Joe Biden<\/span><\/strong><span>\u00a0po schv\u00e1len\u00ed Kongresem podepsal z\u00e1kon zaji\u0161\u0165uj\u00edc\u00ed pokra\u010dov\u00e1n\u00ed financov\u00e1n\u00ed americk\u00e9 vl\u00e1dy a\u017e do 17. listopadu.\u00a0Dokument v\u0161ak nezahrnoval prost\u0159edky pro pot\u0159eby Kyjeva.<\/span><\/p>\n<p><em>\u201eUSA jsou na\u0161\u00edm kl\u00ed\u010dov\u00fdm spojencem.\u00a0Bez podpory USA nem\u00e1me prakticky \u017e\u00e1dnou \u0161anci na p\u0159e\u017eit\u00ed.\u00a0To, co se stalo v\u010dera v Kongresu, u\u017e nen\u00ed jen bud\u00ed\u010dek, je to u\u017e zvon\u011bn\u00ed.\u00a0Mus\u00edme zm\u011bnit strategii.\u00a0Mus\u00edme d\u011blat v\u011bci jinak.&#8220;<span class=\"after-quote\">\u00a0\u2014 napsal Gon\u010darenko v telegramu.<\/span><\/em><\/p>\n<p><span>Biden\u016fv dokument rozpt\u00fdlil nejistotu posledn\u00edch t\u00fddn\u016f ohledn\u011b hrozby odstaven\u00ed USA, k n\u011bmu\u017e by mohlo doj\u00edt 1. \u0159\u00edjna.\u00a0Ve St\u00e1tech je vypnut\u00ed zastaven\u00edm fungov\u00e1n\u00ed vl\u00e1dn\u00edch agentur kv\u016fli nedostatku financ\u00ed.<\/span><\/p>\n<p><img decoding=\"async\" loading=\"lazy\" class=\"alignnone size-full wp-image-1185\" src=\"http:\/\/www.infokuryr.cz\/n\/wp-content\/uploads\/2021\/04\/kuryr-podpis.png\" alt=\"\" width=\"84\" height=\"24\" \/><\/p>\n<p>&nbsp;<\/p>\n<p><a href=\"https:\/\/stranapro.cz\/\"><img decoding=\"async\" loading=\"lazy\" class=\"wp-image-30218 aligncenter\" src=\"http:\/\/www.infokuryr.cz\/n\/wp-content\/uploads\/2023\/06\/PRO-banner-300x36.png\" alt=\"\" width=\"1367\" height=\"164\" srcset=\"https:\/\/www.infokuryr.cz\/n\/wp-content\/uploads\/2023\/06\/PRO-banner-300x36.png 300w, https:\/\/www.infokuryr.cz\/n\/wp-content\/uploads\/2023\/06\/PRO-banner-768x93.png 768w, https:\/\/www.infokuryr.cz\/n\/wp-content\/uploads\/2023\/06\/PRO-banner.png 849w\" sizes=\"(max-width: 1367px) 100vw, 1367px\" \/><\/a><\/p>\n<p>&nbsp;<\/p>\n<p>&nbsp;<\/p>\n<p>&nbsp;<\/p>\n","protected":false},"excerpt":{"rendered":"<p>Poslanec Nejvy\u0161\u0161\u00ed rady Alexej Gon\u010darenko vyj\u00e1d\u0159il p\u0159esv\u011bd\u010den\u00ed, \u017ee Ukrajina nem\u00e1 \u0161anci p\u0159e\u017e\u00edt konflikt s Ruskem,&#8230;<\/p>\n","protected":false},"author":2,"featured_media":30252,"comment_status":"closed","ping_status":"closed","sticky":false,"template":"","format":"standard","meta":[],"categories":[7],"tags":[45,26,37],"_links":{"self":[{"href":"https:\/\/www.infokuryr.cz\/n\/wp-json\/wp\/v2\/posts\/37302"}],"collection":[{"href":"https:\/\/www.infokuryr.cz\/n\/wp-json\/wp\/v2\/posts"}],"about":[{"href":"https:\/\/www.infokuryr.cz\/n\/wp-json\/wp\/v2\/types\/post"}],"author":[{"embeddable":true,"href":"https:\/\/www.infokuryr.cz\/n\/wp-json\/wp\/v2\/users\/2"}],"replies":[{"embeddable":true,"href":"https:\/\/www.infokuryr.cz\/n\/wp-json\/wp\/v2\/comments?post=37302"}],"version-history":[{"count":0,"href":"https:\/\/www.infokuryr.cz\/n\/wp-json\/wp\/v2\/posts\/37302\/revisions"}],"wp:featuredmedia":[{"embeddable":true,"href":"https:\/\/www.infokuryr.cz\/n\/wp-json\/wp\/v2\/media\/30252"}],"wp:attachment":[{"href":"https:\/\/www.infokuryr.cz\/n\/wp-json\/wp\/v2\/media?parent=37302"}],"wp:term":[{"taxonomy":"category","embeddable":true,"href":"https:\/\/www.infokuryr.cz\/n\/wp-json\/wp\/v2\/categories?post=37302"},{"taxonomy":"post_tag","embeddable":true,"href":"https:\/\/www.infokuryr.cz\/n\/wp-json\/wp\/v2\/tags?post=37302"}],"curies":[{"name":"wp","href":"https:\/\/api.w.org\/{rel}","templated":true}]}}