{"id":37265,"date":"2023-10-01T01:03:57","date_gmt":"2023-09-30T23:03:57","guid":{"rendered":"http:\/\/www.infokuryr.cz\/n\/?p=37265"},"modified":"2023-09-30T18:56:27","modified_gmt":"2023-09-30T16:56:27","slug":"pouze-mexiko-predci-svedsko-jako-nevalcici-stat-s-vetsinou-bombovych-utoku","status":"publish","type":"post","link":"https:\/\/www.infokuryr.cz\/n\/2023\/10\/01\/pouze-mexiko-predci-svedsko-jako-nevalcici-stat-s-vetsinou-bombovych-utoku\/","title":{"rendered":"Pouze Mexiko p\u0159ed\u010d\u00ed \u0160v\u00e9dsko jako nev\u00e1l\u010d\u00edc\u00ed st\u00e1t s v\u011bt\u0161inou bombov\u00fdch \u00fatok\u016f"},"content":{"rendered":"<div id=\"fb-root\"><\/div>\n<p><span style=\"font-size: 18pt;\"><strong>\u0160v\u00e9dsko je hlavn\u00edm m\u011bstem bombardov\u00e1n\u00ed Evropy, prohl\u00e1sil p\u0159edn\u00ed kriminalista<\/strong><\/span><\/p>\n<p><span>\u0160v\u00e9dsko je podle p\u0159edn\u00edho kriminologa na druh\u00e9m m\u00edst\u011b za Mexikem jako nejlep\u0161\u00ed zem\u011b na sv\u011bt\u011b, kter\u00e1 nen\u00ed v sou\u010dasn\u00e9 dob\u011b ve v\u00e1le\u010dn\u00e9m stavu a za\u017eila na sv\u00e9m \u00fazem\u00ed nejv\u00edce bombov\u00fdch \u00fatok\u016f.<\/span><\/p>\n<p><span>Ardavan Khoshnood, hostuj\u00edc\u00ed p\u0159edn\u00e1\u0161ej\u00edc\u00ed na univerzit\u011b v Malm\u00f6 a vedouc\u00ed pracovn\u00edk univerzity v Lundu, varoval, \u017ee skandin\u00e1vsk\u00e1 zem\u011b se stala hlavn\u00edm m\u011bstem bombardov\u00e1n\u00ed Evropy.<\/span><\/p>\n<p><span>&#8222;\u0160v\u00e9dsko zcela vy\u010dn\u00edv\u00e1,&#8220; \u0159ekl listu\u00a0<\/span><a class=\"ek-link\" href=\"https:\/\/www.svd.se\/a\/GML6EJ\/kriminolog-bara-mexiko-overtraffar-sverige\"><span>Svenska Dagbladet<\/span><\/a><span>\u00a0.<\/span><\/p>\n<p><span>\u201eKdy\u017e se na to moji kolegov\u00e9 ve Stockholmu pod\u00edvali, vid\u011bli, \u017ee Mexiko je jedinou zem\u00ed na sv\u011bt\u011b, kter\u00e1 nen\u00ed ve v\u00e1lce a m\u00e1 v\u00edce v\u00fdbuch\u016f ne\u017e \u0160v\u00e9dsko,\u201c dodal.<\/span><\/p>\n<p><span>\u0160v\u00e9dsko zachv\u00e1tila vlna v\u00e1lek zlo\u010dineck\u00fdch gang\u016f v mnoha m\u011bstech po cel\u00e9 zemi a \u00fa\u0159ady \u010del\u00ed t\u011b\u017ek\u00e9 bitv\u011b o obnoven\u00ed pr\u00e1va a po\u0159\u00e1dku.<\/span><\/p>\n<p><span>Je to bitva, kterou v sou\u010dasn\u00e9 dob\u011b zcela prohr\u00e1vaj\u00ed, p\u0159i\u010dem\u017e letos bylo v zemi zat\u00edm zaznamen\u00e1no 130 bombov\u00fdch \u00fatok\u016f, jen t\u0159i p\u0159ed rekordn\u00edm rokem.<\/span><\/p>\n<p><span>\u201eDo konce roku zb\u00fdvaj\u00ed t\u0159i m\u011bs\u00edce a po\u010det v\u00fdbuch\u016f je ji\u017e na stejn\u00e9 \u00farovni jako rekordn\u00ed rok 2019, kdy kolem \u0160v\u00e9dska do\u0161lo ke 133 detonac\u00edm.\u00a0Srovnateln\u00e9 zem\u011b v na\u0161em okol\u00ed neexistuj\u00ed,\u201c \u0159ekl Khoshnood.<\/span><\/p>\n<p><span>Varoval, \u017ee osoby odpov\u011bdn\u00e9 za v\u00fdbuchy jsou ve sv\u00e9m p\u0159\u00edstupu st\u00e1le sofistikovan\u011bj\u0161\u00ed.<\/span><\/p>\n<p><span>&#8222;P\u0159e\u0161li jsme k siln\u011bj\u0161\u00edm v\u00fdbu\u0161n\u00fdm n\u00e1lo\u017e\u00edm.&#8220;\u00a0Zpo\u010d\u00e1tku \u0161lo o h\u00e1zen\u00ed ru\u010dn\u00edch gran\u00e1t\u016f, nyn\u00ed vid\u00edme, \u017ee se p\u0159e\u0161lo k v\u00fdbu\u0161nin\u00e1m a pokro\u010dilej\u0161\u00edm detonac\u00edm,\u201c vysv\u011btlil p\u0159edn\u00ed kriminalista.<\/span><\/p>\n<p><span>Situace ve \u0160v\u00e9dsku se jen za tento m\u011bs\u00edc drasticky zhor\u0161ila, po cel\u00e9 zemi bylo hl\u00e1\u0161eno 11 smrteln\u00fdch st\u0159eleb a 11 exploz\u00ed.<\/span><\/p>\n<p><span>K posledn\u00edmu bombov\u00e9mu \u00fatoku do\u0161lo ve \u010dtvrtek v obytn\u00e9m byt\u011b v Uppsale, asi hodinu j\u00edzdy severn\u011b od Stockholmu.\u00a0P\u0159i v\u00fdbuchu zem\u0159ela 25let\u00e1 \u017eena bez p\u0159\u00edslu\u0161nosti ke gangu.\u00a0Policie se domn\u00edv\u00e1, \u017ee \u00fatok byl zam\u011b\u0159en na jednoho ze soused\u016f ob\u011bti, kter\u00fd je pova\u017eov\u00e1n za spolupracovn\u00edka 37let\u00e9ho Rawy Majida.\u00a0Majid, p\u0159ezd\u00edvan\u00fd Kurdish Fox, je pohlcen mocensk\u00fdm bojem o kontrolu nad nechvaln\u011b zn\u00e1m\u00fdm zlo\u010dineck\u00fdm gangem Foxtrot p\u016fsob\u00edc\u00edm v zemi.<\/span><\/p>\n<p><span>Praxe \u010dlen\u016f gangu pomoc\u00ed detonovan\u00fdch v\u00fdbuch\u016f je ve \u0160v\u00e9dsku relativn\u011b ned\u00e1vn\u00fdm fenom\u00e9nem a p\u0159ed p\u0159elomem stolet\u00ed prakticky neexistovala.\u00a0Vzestup v\u00e1l\u010den\u00ed gang\u016f v zemi spolu s velk\u00fdmi vlnami masov\u00e9 imigrace v\u0161ak zaznamenal v roce 2010 prudk\u00fd n\u00e1r\u016fst zpr\u00e1v o bombov\u00fdch \u00fatoc\u00edch, co\u017e vedlo Radu pro prevenci kriminality k tomu, \u017ee za\u010dala zaznamen\u00e1vat statistiky o exploz\u00edch v roce 2018.<\/span><\/p>\n<p><span>Od t\u00e9 doby se po\u010det v\u00fdbuch\u016f ro\u010dn\u011b v zemi podle listu\u00a0<\/span><a class=\"ek-link\" href=\"https:\/\/www.svd.se\/a\/GML6EJ\/kriminolog-bara-mexiko-overtraffar-sverige\"><span>Svenska Dagbladet<\/span><\/a><span> pohybuje mezi 79 a 133 .<\/span><\/p>\n<p><span>Posledn\u00ed vlna n\u00e1sil\u00ed, kter\u00e1 ot\u0159\u00e1sla zem\u00ed, vedla k tomu, \u017ee premi\u00e9r Ulf Kristersson ve \u010dtvrtek ve\u010der promluvil k n\u00e1rodu, b\u011bhem n\u011bho\u017e ozna\u010dil za hlavn\u00ed d\u016fvody pokra\u010duj\u00edc\u00ed krize \u201epolitickou naivitu\u201c a \u201ene\u00fasp\u011b\u0161nou integraci\u201c.<\/span><\/p>\n<p><span>Na\u0159\u00edkal nad n\u00e1r\u016fstem \u201ezlo\u010dinu gang\u016f a d\u011btsk\u00fdch voj\u00e1k\u016f\u201c ve \u0161v\u00e9dsk\u00fdch ulic\u00edch a ozn\u00e1mil v p\u00e1tek r\u00e1no mimo\u0159\u00e1dn\u00e9 rozhovory s \u0161\u00e9fem n\u00e1rodn\u00ed policie Andersem Thornbergem a vrchn\u00edm velitelem \u0161v\u00e9dsk\u00fdch ozbrojen\u00fdch sil Micaelem Byd\u00e9nem, \u200b\u200baby prodiskutovali, jak by arm\u00e1da mohla zakro\u010dit. na pomoc p\u0159emo\u017een\u00fdm policejn\u00edm sil\u00e1m.<\/span><\/p>\n<p><span>\u201eNyn\u00ed je hrub\u00fdm n\u00e1sil\u00edm zasa\u017eeno st\u00e1le v\u00edce d\u011bt\u00ed a zcela nevinn\u00fdch lid\u00ed.\u00a0Nemohu dostate\u010dn\u011b zd\u016fraznit, jak v\u00e1\u017en\u00e1 je situace.\u00a0\u0160v\u00e9dsko je\u0161t\u011b nikdy nic podobn\u00e9ho nevid\u011blo.\u00a0\u017d\u00e1dn\u00e1 jin\u00e1 zem\u011b v Evrop\u011b nic takov\u00e9ho nevid\u011bla,\u201c \u0159ekl n\u00e1rodu \u0161v\u00e9dsk\u00fd premi\u00e9r.<\/span><\/p>\n<p><img decoding=\"async\" loading=\"lazy\" class=\"alignnone size-full wp-image-1185\" src=\"http:\/\/www.infokuryr.cz\/n\/wp-content\/uploads\/2021\/04\/kuryr-podpis.png\" alt=\"\" width=\"84\" height=\"24\" \/><\/p>\n<p>&nbsp;<\/p>\n<p><a href=\"https:\/\/stranapro.cz\/\"><img decoding=\"async\" loading=\"lazy\" class=\"wp-image-30218 aligncenter\" src=\"http:\/\/www.infokuryr.cz\/n\/wp-content\/uploads\/2023\/06\/PRO-banner-300x36.png\" alt=\"\" width=\"1358\" height=\"163\" srcset=\"https:\/\/www.infokuryr.cz\/n\/wp-content\/uploads\/2023\/06\/PRO-banner-300x36.png 300w, https:\/\/www.infokuryr.cz\/n\/wp-content\/uploads\/2023\/06\/PRO-banner-768x93.png 768w, https:\/\/www.infokuryr.cz\/n\/wp-content\/uploads\/2023\/06\/PRO-banner.png 849w\" sizes=\"(max-width: 1358px) 100vw, 1358px\" \/><\/a><\/p>\n<p>&nbsp;<\/p>\n<p>&nbsp;<\/p>\n<p>&nbsp;<\/p>\n","protected":false},"excerpt":{"rendered":"<p>\u0160v\u00e9dsko je hlavn\u00edm m\u011bstem bombardov\u00e1n\u00ed Evropy, prohl\u00e1sil p\u0159edn\u00ed kriminalista \u0160v\u00e9dsko je podle p\u0159edn\u00edho kriminologa na&#8230;<\/p>\n","protected":false},"author":2,"featured_media":37266,"comment_status":"closed","ping_status":"closed","sticky":false,"template":"","format":"standard","meta":[],"categories":[7],"tags":[1791,369,86,124],"_links":{"self":[{"href":"https:\/\/www.infokuryr.cz\/n\/wp-json\/wp\/v2\/posts\/37265"}],"collection":[{"href":"https:\/\/www.infokuryr.cz\/n\/wp-json\/wp\/v2\/posts"}],"about":[{"href":"https:\/\/www.infokuryr.cz\/n\/wp-json\/wp\/v2\/types\/post"}],"author":[{"embeddable":true,"href":"https:\/\/www.infokuryr.cz\/n\/wp-json\/wp\/v2\/users\/2"}],"replies":[{"embeddable":true,"href":"https:\/\/www.infokuryr.cz\/n\/wp-json\/wp\/v2\/comments?post=37265"}],"version-history":[{"count":1,"href":"https:\/\/www.infokuryr.cz\/n\/wp-json\/wp\/v2\/posts\/37265\/revisions"}],"predecessor-version":[{"id":37267,"href":"https:\/\/www.infokuryr.cz\/n\/wp-json\/wp\/v2\/posts\/37265\/revisions\/37267"}],"wp:featuredmedia":[{"embeddable":true,"href":"https:\/\/www.infokuryr.cz\/n\/wp-json\/wp\/v2\/media\/37266"}],"wp:attachment":[{"href":"https:\/\/www.infokuryr.cz\/n\/wp-json\/wp\/v2\/media?parent=37265"}],"wp:term":[{"taxonomy":"category","embeddable":true,"href":"https:\/\/www.infokuryr.cz\/n\/wp-json\/wp\/v2\/categories?post=37265"},{"taxonomy":"post_tag","embeddable":true,"href":"https:\/\/www.infokuryr.cz\/n\/wp-json\/wp\/v2\/tags?post=37265"}],"curies":[{"name":"wp","href":"https:\/\/api.w.org\/{rel}","templated":true}]}}