{"id":37252,"date":"2023-09-30T01:15:26","date_gmt":"2023-09-29T23:15:26","guid":{"rendered":"http:\/\/www.infokuryr.cz\/n\/?p=37252"},"modified":"2023-09-29T10:16:40","modified_gmt":"2023-09-29T08:16:40","slug":"premier-tichomorskeho-ostrova-preskocil-bidenuv-summit-aby-se-vyhnul-prednasce","status":"publish","type":"post","link":"https:\/\/www.infokuryr.cz\/n\/2023\/09\/30\/premier-tichomorskeho-ostrova-preskocil-bidenuv-summit-aby-se-vyhnul-prednasce\/","title":{"rendered":"Premi\u00e9r tichomo\u0159sk\u00e9ho ostrova p\u0159esko\u010dil Biden\u016fv summit, aby se vyhnul \u201ep\u0159edn\u00e1\u0161ce\u201c"},"content":{"rendered":"<div id=\"fb-root\"><\/div>\n<p><span style=\"font-size: 18pt;\"><strong>V\u016fdce \u0160alamounov\u00fdch ostrov\u016f Manasseh Sogavare vysv\u011btlil, \u017ee m\u011bl na pr\u00e1ci d\u016fle\u017eit\u011bj\u0161\u00ed v\u011bci ne\u017e \u00fa\u010dast na setk\u00e1n\u00ed v B\u00edl\u00e9m dom\u011b<\/strong><\/span><\/p>\n<p><span>Premi\u00e9r \u0160alamounov\u00fdch ostrov\u016f Manasseh Sogavare obhajoval sv\u00e9 rozhodnut\u00ed vynechat tento t\u00fdden summit B\u00edl\u00e9ho domu s v\u016fdci tichomo\u0159sk\u00e9ho regionu a \u0159ekl, \u017ee nechce tr\u00e1vit \u010das vyslechnut\u00edm \u201ep\u0159edn\u00e1\u0161ky\u201c\u00a0<\/span><em><span>od<\/span><\/em><span>\u00a0administrativy prezidenta Joea Bidena, kdy\u017e m\u011bl d\u016fle\u017eit\u011bj\u0161\u00ed starosti. s n\u00e1vratem dom\u016f.<\/span><\/p>\n<p><em><span>&#8222;Nep\u016fjdu si na sch\u016fzi sednout a poslouchat, jak mi p\u0159edn\u00e1\u0161ej\u00ed,&#8220;\u00a0<\/span><\/em><a href=\"https:\/\/www.youtube.com\/watch?v=gohrz17ZHAs\" target=\"_blank\" rel=\"noopener noreferrer\"><span>\u0159ekl<\/span><\/a><span>\u00a0Sogavare novin\u00e1\u0159\u016fm\u00a0po st\u0159ede\u010dn\u00edm n\u00e1vratu do Honiary z USA.\u00a0Dodal, \u017ee nevid\u00ed \u017e\u00e1dnou v\u00fdhodu z \u00fa\u010dasti na podobn\u00e9m setk\u00e1n\u00ed v lo\u0148sk\u00e9m roce a \u0159ekl, \u017ee rozhovory jsou uspo\u0159\u00e1d\u00e1ny tak, aby ka\u017ed\u00fd v\u016fdce tichomo\u0159sk\u00fdch ostrov\u016f m\u011bl t\u0159i minuty na rozhovor, \u201ea pak p\u016fjdete\u00a0<\/span><em><span>a poslouch\u00e1te, jak v\u00e1m p\u0159edn\u00e1\u0161ej\u00ed o tom, jak jsou dob\u0159\u00ed.<\/span><\/em><\/p>\n<p><span>Sogavare odcestoval do USA, aby minul\u00fd t\u00fdden v New Yorku promluvil na Valn\u00e9m shrom\u00e1\u017ed\u011bn\u00ed OSN.\u00a0Za\u010d\u00e1tkem tohoto roku pokr\u010dil rameny nad st\u00ed\u017enostmi USA a Austr\u00e1lie na prohlubuj\u00edc\u00ed se vztahy jeho zem\u011b s \u010c\u00ednou a prohl\u00e1sil, \u017ee \u0160alamounovi usiluj\u00ed o\u00a0<\/span><em><span>\u201e\u010destnou spolupr\u00e1ci\u201c<\/span><\/em><span>\u00a0se v\u0161emi n\u00e1rody.\u00a0V \u010dervenci se setkal s \u010d\u00ednsk\u00fdm prezidentem Si \u0164in-pchingem a podepsal n\u011bkolik nov\u00fdch dohod a memorand, v\u010detn\u011b bezpe\u010dnostn\u00edho paktu, kter\u00fd umo\u017e\u0148uje Pekingu nasadit policii, aby na ostrovech pom\u00e1hala udr\u017eovat z\u00e1kon a po\u0159\u00e1dek.<\/span><\/p>\n<div class=\"read-more large read-more__right\" data-has-alias=\"\"><a href=\"https:\/\/stranapro.cz\/\"><img decoding=\"async\" loading=\"lazy\" class=\"wp-image-30218 aligncenter\" src=\"http:\/\/www.infokuryr.cz\/n\/wp-content\/uploads\/2023\/06\/PRO-banner-300x36.png\" alt=\"\" width=\"1367\" height=\"164\" srcset=\"https:\/\/www.infokuryr.cz\/n\/wp-content\/uploads\/2023\/06\/PRO-banner-300x36.png 300w, https:\/\/www.infokuryr.cz\/n\/wp-content\/uploads\/2023\/06\/PRO-banner-768x93.png 768w, https:\/\/www.infokuryr.cz\/n\/wp-content\/uploads\/2023\/06\/PRO-banner.png 849w\" sizes=\"(max-width: 1367px) 100vw, 1367px\" \/><\/a><\/div>\n<p><span>Sogavare ve sv\u00e9m projevu v OSN ocenil rozvojovou spolupr\u00e1ci \u010c\u00edny se \u0160alamounov\u00fdmi ostrovy a uvedl, \u017ee Peking je\u00a0<\/span><em><span>\u201em\u00e9n\u011b restriktivn\u00ed, citliv\u011bj\u0161\u00ed a p\u0159izp\u016fsoben\u00fd na\u0161im n\u00e1rodn\u00edm pot\u0159eb\u00e1m\u201c.\u00a0<\/span><\/em><span>Dodal, \u017ee \u010c\u00edna je nyn\u00ed p\u0159edn\u00edm infrastrukturn\u00edm partnerem \u0160alamounov\u00fdch ostrov\u016f.<\/span><\/p>\n<p><span>Z\u00e1stupce B\u00edl\u00e9ho domu vydal minul\u00fd t\u00fdden prohl\u00e1\u0161en\u00ed, \u017ee Bidenova administrativa byla zklaman\u00e1, \u017ee se Sogavare rozhodl nez\u00fa\u010dastnit summitu 18 zem\u00ed na tichomo\u0159sk\u00fdch ostrovech.\u00a0Americk\u00fd ministr zahrani\u010d\u00ed\u00a0<\/span><a href=\"https:\/\/www.rt.com\/news\/580347-blinken-tonga-democracy-china\/\"><span>Antony Blinken<\/span><\/a><span>\u00a0vyzval v\u016fdce tichomo\u0159sk\u00fdch ostrov\u016f, aby byli na pozoru p\u0159ed \u201est\u00e1le problematick\u00fdm chov\u00e1n\u00edm \u010c\u00edny\u00a0<\/span><em><span>\u201c.\u00a0<\/span><\/em><span>Washington znovu otev\u0159el sv\u00e9 velvyslanectv\u00ed v Solomons v lednu, \u010d\u00edm\u017e ukon\u010dil 30letou nep\u0159\u00edtomnost, a v kv\u011btnu otev\u0159el velvyslanectv\u00ed v Tonze.<\/span><\/p>\n<p><span>Sogavare ve st\u0159edu novin\u00e1\u0159\u016fm \u0159ekl, \u017ee se rozhodl up\u0159ednostnit dom\u00e1c\u00ed probl\u00e9my p\u0159ed \u00fa\u010dast\u00ed na americk\u00e9m f\u00f3ru.\u00a0Do konce nyn\u011bj\u0161\u00edho parlamentn\u00edho zased\u00e1n\u00ed v Honia\u0159e zb\u00fdv\u00e1 pouh\u00fdch deset t\u00fddn\u016f a \u0159ekl, \u017ee mus\u00ed spolupracovat se z\u00e1konod\u00e1rci na legislativn\u00ed agend\u011b zem\u011b.<\/span><\/p>\n<p><span>B\u011bhem lo\u0148sk\u00e9ho summitu tichomo\u0159sk\u00fdch ostrov\u016f v B\u00edl\u00e9m dom\u011b Bidenova administrativa ozn\u00e1mila v\u00edce ne\u017e 800 milion\u016f dolar\u016f ekonomick\u00e9 pomoci regionu, aby \u010delila rostouc\u00edmu \u010d\u00ednsk\u00e9mu vlivu.\u00a0Sogavare \u0159ekl, \u017ee z tohoto slibu zat\u00edm nic nevze\u0161lo, a tvrdil, \u017ee jin\u00ed zahrani\u010dn\u00ed v\u016fdci prok\u00e1zali v\u011bt\u0161\u00ed respekt hlav\u00e1m st\u00e1t\u016f na tichomo\u0159sk\u00fdch ostrovech.\u00a0<\/span><em><span>\u201eZach\u00e1zej\u00ed s n\u00e1mi jako s v\u016fdci, ne proto, aby n\u00e1s um\u00edstili do prost\u0159ed\u00ed jako ve t\u0159\u00edd\u011b a u\u010dili n\u00e1s,\u201c<\/span><\/em><span>\u00a0dodal.<\/span><\/p>\n<p><img decoding=\"async\" loading=\"lazy\" class=\"alignnone size-full wp-image-1185\" src=\"http:\/\/www.infokuryr.cz\/n\/wp-content\/uploads\/2021\/04\/kuryr-podpis.png\" alt=\"\" width=\"84\" height=\"24\" \/><\/p>\n<p>&nbsp;<\/p>\n<p>&nbsp;<\/p>\n<p>&nbsp;<\/p>\n","protected":false},"excerpt":{"rendered":"<p>V\u016fdce \u0160alamounov\u00fdch ostrov\u016f Manasseh Sogavare vysv\u011btlil, \u017ee m\u011bl na pr\u00e1ci d\u016fle\u017eit\u011bj\u0161\u00ed v\u011bci ne\u017e \u00fa\u010dast na&#8230;<\/p>\n","protected":false},"author":2,"featured_media":37253,"comment_status":"closed","ping_status":"closed","sticky":false,"template":"","format":"standard","meta":[],"categories":[7],"tags":[72,621,2270,37,1461],"_links":{"self":[{"href":"https:\/\/www.infokuryr.cz\/n\/wp-json\/wp\/v2\/posts\/37252"}],"collection":[{"href":"https:\/\/www.infokuryr.cz\/n\/wp-json\/wp\/v2\/posts"}],"about":[{"href":"https:\/\/www.infokuryr.cz\/n\/wp-json\/wp\/v2\/types\/post"}],"author":[{"embeddable":true,"href":"https:\/\/www.infokuryr.cz\/n\/wp-json\/wp\/v2\/users\/2"}],"replies":[{"embeddable":true,"href":"https:\/\/www.infokuryr.cz\/n\/wp-json\/wp\/v2\/comments?post=37252"}],"version-history":[{"count":0,"href":"https:\/\/www.infokuryr.cz\/n\/wp-json\/wp\/v2\/posts\/37252\/revisions"}],"wp:featuredmedia":[{"embeddable":true,"href":"https:\/\/www.infokuryr.cz\/n\/wp-json\/wp\/v2\/media\/37253"}],"wp:attachment":[{"href":"https:\/\/www.infokuryr.cz\/n\/wp-json\/wp\/v2\/media?parent=37252"}],"wp:term":[{"taxonomy":"category","embeddable":true,"href":"https:\/\/www.infokuryr.cz\/n\/wp-json\/wp\/v2\/categories?post=37252"},{"taxonomy":"post_tag","embeddable":true,"href":"https:\/\/www.infokuryr.cz\/n\/wp-json\/wp\/v2\/tags?post=37252"}],"curies":[{"name":"wp","href":"https:\/\/api.w.org\/{rel}","templated":true}]}}