{"id":37249,"date":"2023-09-30T01:13:49","date_gmt":"2023-09-29T23:13:49","guid":{"rendered":"http:\/\/www.infokuryr.cz\/n\/?p=37249"},"modified":"2023-09-29T10:09:42","modified_gmt":"2023-09-29T08:09:42","slug":"ukrajinsky-vycvik-f-16-byl-ohrozen-odstavenim-americke-vlady","status":"publish","type":"post","link":"https:\/\/www.infokuryr.cz\/n\/2023\/09\/30\/ukrajinsky-vycvik-f-16-byl-ohrozen-odstavenim-americke-vlady\/","title":{"rendered":"Ukrajinsk\u00fd v\u00fdcvik F-16 byl ohro\u017een odstaven\u00edm americk\u00e9 vl\u00e1dy"},"content":{"rendered":"<div id=\"fb-root\"><\/div>\n<p><span style=\"font-size: 18pt;\"><strong>Pentagon varoval, \u017ee slep\u00e1 uli\u010dka v Kongresu by mohla br\u00e1nit \u00fasil\u00ed nau\u010dit kyjevsk\u00e9 piloty, jak l\u00e9tat s americk\u00fdmi st\u00edha\u010dkami<\/strong><\/span><\/p>\n<p>Hroz\u00edc\u00ed odstaven\u00ed americk\u00e9 vl\u00e1dy uprost\u0159ed partyz\u00e1nsk\u00e9ho ha\u0161te\u0159en\u00ed v Kongresu hroz\u00ed zpomalen\u00edm v\u00fdcviku pilot\u016f ukrajinsk\u00fdch vzdu\u0161n\u00fdch sil, kte\u0159\u00ed se p\u0159ipravuj\u00ed l\u00e9tat s americk\u00fdmi st\u00edha\u010dkami F-16 proti rusk\u00fdm sil\u00e1m, varoval Pentagon.<\/p>\n<p><em>&#8222;Absolutn\u011b to m\u016f\u017ee m\u00edt dopady na tr\u00e9nink,&#8220;\u00a0<\/em><a href=\"https:\/\/www.youtube.com\/watch?v=tpTithOx_aU\" target=\"_blank\" rel=\"noopener noreferrer\">p\u0159ipustila<\/a>\u00a0mluv\u010d\u00ed Pentagonu Sabrina Singhov\u00e1\u00a0\u00a0ve \u010dtvrtek na tiskov\u00e9 konferenci.\u00a0Dodala, \u017ee vzhledem k tomu, \u017ee civiln\u00ed \u0161kolitel\u00e9 budou m\u00edt pravd\u011bpodobn\u011b b\u011bhem odst\u00e1vky volno, budou jejich uniformovan\u00ed kolegov\u00e9 jen t\u011b\u017eko doh\u00e1n\u011bt person\u00e1ln\u00ed ztr\u00e1ty.<\/p>\n<p>Singh uvedl p\u0159\u00edklad aktivn\u00edho tren\u00e9ra, kter\u00fd by mohl vykon\u00e1vat pr\u00e1ci n\u011bkolika dal\u0161\u00edch lid\u00ed, pokud jsou civiln\u00ed zam\u011bstnanci posl\u00e1ni dom\u016f b\u011bhem odst\u00e1vky.\u00a0<em>&#8222;Tak\u017ee to ur\u010dit\u011b bude m\u00edt dopad na tr\u00e9nink,&#8220;<\/em>\u00a0\u0159ekla.<\/p>\n<p>Vzhledem k tomu, \u017ee financov\u00e1n\u00ed vl\u00e1dy USA m\u00e1 doch\u00e1zet v ned\u011bli ve 12:01, z\u00e1konod\u00e1rci maj\u00ed m\u00e9n\u011b ne\u017e t\u0159i dny na to, aby dos\u00e1hli kompromisu, kter\u00fd by odvr\u00e1til odstaven\u00ed nepodstatn\u00fdch slu\u017eeb.\u00a0N\u011bkte\u0159\u00ed republik\u00e1ni ve Sn\u011bmovn\u011b reprezentant\u016f sl\u00edbili, \u017ee bez hlubok\u00fdch \u0161krt\u016f ve v\u00fddaj\u00edch odm\u00edtnou podpo\u0159it kr\u00e1tkodobou rezoluci, kter\u00e1 by do\u010dasn\u011b udr\u017eela vl\u00e1dn\u00ed v\u00fdplaty v toku a poskytla Kongresu v\u00edce \u010dasu na vyjedn\u00e1n\u00ed rozpo\u010dtov\u00e9 dohody.<\/p>\n<div class=\"read-more read-more__right\" data-has-alias=\"\"><a href=\"https:\/\/stranapro.cz\/\"><img decoding=\"async\" loading=\"lazy\" class=\"wp-image-30218 aligncenter\" src=\"http:\/\/www.infokuryr.cz\/n\/wp-content\/uploads\/2023\/06\/PRO-banner-300x36.png\" alt=\"\" width=\"1375\" height=\"165\" srcset=\"https:\/\/www.infokuryr.cz\/n\/wp-content\/uploads\/2023\/06\/PRO-banner-300x36.png 300w, https:\/\/www.infokuryr.cz\/n\/wp-content\/uploads\/2023\/06\/PRO-banner-768x93.png 768w, https:\/\/www.infokuryr.cz\/n\/wp-content\/uploads\/2023\/06\/PRO-banner.png 849w\" sizes=\"(max-width: 1375px) 100vw, 1375px\" \/><\/a><\/div>\n<p><em>&#8222;Odst\u00e1vka je pro toto odd\u011blen\u00ed doslova nejhor\u0161\u00edm mo\u017en\u00fdm sc\u00e9n\u00e1\u0159em,&#8220;<\/em>\u00a0\u0159ekl Singh.\u00a0<em>&#8222;Opravdu nechceme podstupovat bolestiv\u00e1 rozhodnut\u00ed, jako je toto.&#8220;\u00a0<\/em>Ji\u017e d\u0159\u00edve varovala, \u017ee v\u00edce ne\u017e 1 milion \u010dlen\u016f vojensk\u00e9 slu\u017eby, stejn\u011b jako propu\u0161t\u011bn\u00ed civiln\u00ed zam\u011bstnanci, bude b\u011bhem odst\u00e1vky bez platu.<\/p>\n<p>Ukrajin\u0161t\u00ed piloti a pozemn\u00ed pos\u00e1dky v sou\u010dasn\u00e9 dob\u011b nav\u0161t\u011bvuj\u00ed jazykov\u00e9 kurzy na leteck\u00e9 z\u00e1kladn\u011b Lackland v San Antoniu v Texasu, aby se nau\u010dili specializovan\u00e9 anglick\u00e9 dovednosti pot\u0159ebn\u00e9 k obsluze a \u00fadr\u017eb\u011b F-16.\u00a0Letov\u00fd v\u00fdcvik a\u00a0<a href=\"https:\/\/www.defense.gov\/News\/News-Stories\/Article\/Article\/3504621\/us-will-train-ukrainian-f-16-pilots-ground-crews\/\" target=\"_blank\" rel=\"noopener noreferrer\">v\u00fdcvik<\/a>\u00a0\u00fadr\u017eby by m\u011bl za\u010d\u00edt p\u0159\u00ed\u0161t\u00ed m\u011bs\u00edc na z\u00e1kladn\u011b Morris Air National Guard v Tucsonu v Arizon\u011b.<\/p>\n<p>Nizozemsko a D\u00e1nsko se minul\u00fd m\u011bs\u00edc dohodly na poskytnut\u00ed des\u00edtek F-16 Ukrajin\u011b, co\u017e muselo b\u00fdt schv\u00e1leno administrativou americk\u00e9ho prezidenta Joe Bidena.\u00a0Tak\u00e9 v srpnu D\u00e1nsko zah\u00e1jilo v\u00fdcvik osmi ukrajinsk\u00fdch pilot\u016f.<\/p>\n<p>Ukrajinsk\u00fd prezident Vladimir Zelenskyj p\u0159iv\u00edtal dohodu o F-16 jako\u00a0<em>\u201epr\u016flomovou dohodu\u201c<\/em>\u00a0ve snaze Kyjeva porazit rusk\u00e9 s\u00edly, ale ameri\u010dt\u00ed p\u0159edstavitel\u00e9 bagatelizovali potenci\u00e1ln\u00ed dopad st\u00edha\u010dky na konflikt.\u00a0Ministr letectva Frank Kendall za\u010d\u00e1tkem tohoto roku varoval, \u017ee F-16 nebude\u00a0na Ukrajin\u011b\u00a0<em>\u201ezm\u011bnou hry\u201c .<\/em><\/p>\n<p>Pentagon uvedl, \u017ee d\u00e9lka v\u00fdcviku ukrajinsk\u00fdch pilot\u016f bude z\u00e1viset na jejich odbornosti.\u00a0V\u00fdcvik relativn\u011b nezku\u0161en\u00e9ho americk\u00e9ho pilota, jak l\u00e9tat s F-16, obvykle trv\u00e1 asi osm m\u011bs\u00edc\u016f, zat\u00edmco pokro\u010dilej\u0161\u00ed piloti mohou dos\u00e1hnout rychlosti asi za p\u011bt m\u011bs\u00edc\u016f.<\/p>\n<p><img decoding=\"async\" loading=\"lazy\" class=\"alignnone size-full wp-image-1185\" src=\"http:\/\/www.infokuryr.cz\/n\/wp-content\/uploads\/2021\/04\/kuryr-podpis.png\" alt=\"\" width=\"84\" height=\"24\" \/><\/p>\n<p>&nbsp;<\/p>\n<p>&nbsp;<\/p>\n","protected":false},"excerpt":{"rendered":"<p>Pentagon varoval, \u017ee slep\u00e1 uli\u010dka v Kongresu by mohla br\u00e1nit \u00fasil\u00ed nau\u010dit kyjevsk\u00e9 piloty, jak&#8230;<\/p>\n","protected":false},"author":2,"featured_media":34411,"comment_status":"closed","ping_status":"closed","sticky":false,"template":"","format":"standard","meta":[],"categories":[7],"tags":[4978,45,736,37,99,2092],"_links":{"self":[{"href":"https:\/\/www.infokuryr.cz\/n\/wp-json\/wp\/v2\/posts\/37249"}],"collection":[{"href":"https:\/\/www.infokuryr.cz\/n\/wp-json\/wp\/v2\/posts"}],"about":[{"href":"https:\/\/www.infokuryr.cz\/n\/wp-json\/wp\/v2\/types\/post"}],"author":[{"embeddable":true,"href":"https:\/\/www.infokuryr.cz\/n\/wp-json\/wp\/v2\/users\/2"}],"replies":[{"embeddable":true,"href":"https:\/\/www.infokuryr.cz\/n\/wp-json\/wp\/v2\/comments?post=37249"}],"version-history":[{"count":0,"href":"https:\/\/www.infokuryr.cz\/n\/wp-json\/wp\/v2\/posts\/37249\/revisions"}],"wp:featuredmedia":[{"embeddable":true,"href":"https:\/\/www.infokuryr.cz\/n\/wp-json\/wp\/v2\/media\/34411"}],"wp:attachment":[{"href":"https:\/\/www.infokuryr.cz\/n\/wp-json\/wp\/v2\/media?parent=37249"}],"wp:term":[{"taxonomy":"category","embeddable":true,"href":"https:\/\/www.infokuryr.cz\/n\/wp-json\/wp\/v2\/categories?post=37249"},{"taxonomy":"post_tag","embeddable":true,"href":"https:\/\/www.infokuryr.cz\/n\/wp-json\/wp\/v2\/tags?post=37249"}],"curies":[{"name":"wp","href":"https:\/\/api.w.org\/{rel}","templated":true}]}}