{"id":37237,"date":"2023-09-30T01:08:03","date_gmt":"2023-09-29T23:08:03","guid":{"rendered":"http:\/\/www.infokuryr.cz\/n\/?p=37237"},"modified":"2023-09-29T08:52:38","modified_gmt":"2023-09-29T06:52:38","slug":"saria-v-italii-multikulturalismus-a-integrace-islamskych-migrantu-do-italske-spolecnosti-selhaly","status":"publish","type":"post","link":"https:\/\/www.infokuryr.cz\/n\/2023\/09\/30\/saria-v-italii-multikulturalismus-a-integrace-islamskych-migrantu-do-italske-spolecnosti-selhaly\/","title":{"rendered":"\u0160ar\u00eda v It\u00e1lii: \u201eMultikulturalismus\u201c a integrace isl\u00e1msk\u00fdch migrant\u016f do italsk\u00e9 spole\u010dnosti selhaly"},"content":{"rendered":"<div id=\"fb-root\"><\/div>\n<p><span>Ned\u00e1vn\u00e9 vir\u00e1ln\u00ed video z italsk\u00e9ho Monfalcone podn\u00edtilo vzru\u0161en\u00e9 debaty kolem m\u011bstsk\u00fdch muslimsk\u00fdch p\u0159ist\u011bhovalc\u016f vyzn\u00e1vaj\u00edc\u00edch \u0161ar\u00edu.\u00a0Toto p\u016fsobiv\u00e9 video podtrhuje hrozivou pravdu: v demografick\u00e9 struktu\u0159e m\u011bsta tvo\u0159\u00ed podstatn\u00fdch 30 % jeho obyvatel migranti, p\u0159i\u010dem\u017e v\u011bt\u0161ina se identifikuje jako vyznava\u010di isl\u00e1msk\u00e9 v\u00edry.\u00a0Obzvl\u00e1\u0161t\u011b zar\u00e1\u017eej\u00edc\u00ed je zjevn\u00e1 absence z\u00e1jmu o kulturn\u00ed integraci, proto\u017ee mnoho nov\u011b p\u0159\u00edchoz\u00edch se zd\u00e1 b\u00fdt zam\u011b\u0159eno na jin\u00fd c\u00edl \u2013 p\u0159etvo\u0159en\u00ed hostitelsk\u00e9 kultury tak, aby byla v souladu s jejich vlastn\u00ed, v\u010detn\u011b implementace pr\u00e1va \u0161ar\u00eda.\u00a0Krom\u011b toho se objevily obavy z jazykov\u00fdch bari\u00e9r, kter\u00e9 br\u00e1n\u00ed vzd\u011bl\u00e1n\u00ed, nedostatku svobody pro \u017eeny a znepokojiv\u00fdch zpr\u00e1v o d\u011btsk\u00fdch s\u0148atc\u00edch.<\/span><\/p>\n<p><span style=\"font-size: 18pt;\"><strong>P\u0159ehled:<\/strong><\/span><\/p>\n<p><span>Video nab\u00edz\u00ed okno do \u017eivota obyvatel Monfalcone, kte\u0159\u00ed \u017eij\u00ed v multikulturn\u00edm prost\u0159ed\u00ed, kde se zd\u00e1, \u017ee st\u00e1le v\u011bt\u0161\u00ed po\u010det nov\u011b p\u0159\u00edchoz\u00edch odm\u00edt\u00e1 p\u0159ijmout m\u00edstn\u00ed kulturu.\u00a0M\u00edsto toho existuje hmatateln\u00e9 znepokojen\u00ed, \u017ee z\u00e1m\u011brem migrant\u016f je z\u00e1sadn\u011b zm\u011bnit hostitelskou kulturu tak, aby odr\u00e1\u017eela jejich p\u0159esv\u011bd\u010den\u00ed a zvyky, p\u0159i\u010dem\u017e \u00fast\u0159edn\u00edm bodem sporu je zaveden\u00ed pr\u00e1va \u0161ar\u00eda.\u00a0Tyto kulturn\u011b existenci\u00e1ln\u00ed probl\u00e9my jsou odhaleny prost\u0159ednictv\u00edm up\u0159\u00edmn\u00fdch rozhovor\u016f s obyvateli, kter\u00e9 vrhaj\u00ed sv\u011btlo na v\u00fdzvy, kter\u00fdm \u010del\u00ed m\u00edstn\u00ed lid\u00e9 a instituce kv\u016fli odporu muslimsk\u00fdch migrant\u016f integrovat se do italsk\u00fdch norem.\u00a0Abyste skute\u010dn\u011b pochopili slo\u017eitost hry, pod\u00edvejte se na video a z\u00edskejte vhled do perspektiv lid\u00ed \u017eij\u00edc\u00edch v t\u00e9to komunit\u011b proch\u00e1zej\u00edc\u00ed hlubokou prom\u011bnou.<\/span><\/p>\n<p>&nbsp;<\/p>\n<div class='videoWrapper'>\r\n\t            <iframe src='https:\/\/rumble.com\/embed\/pj.v3iowg1\/' frameborder='0' allowfullscreen><\/iframe>\r\n\t        <\/div>\n<p>&nbsp;<\/p>\n<p><span>Zkoum\u00e1n\u00ed komunit migrant\u016f hl\u00e1s\u00edc\u00edch se k \u0161ar\u00edi v Monfalcone n\u00e1s nut\u00ed \u010delit nal\u00e9hav\u00e9 a st\u011b\u017eejn\u00ed ot\u00e1zce, kter\u00e1 rezonuje daleko za t\u00edmto konkr\u00e9tn\u00edm m\u00edstem: Pro\u010d z\u00e1padn\u00ed n\u00e1rody p\u0159etrv\u00e1vaj\u00ed ve sv\u00e9m v\u00edt\u00e1n\u00ed isl\u00e1msk\u00fdch migrant\u016f, jejich\u017e hodnoty a integra\u010dn\u00ed c\u00edle se \u010dasto v\u00fdrazn\u011b li\u0161\u00ed od hostitelsk\u00fdch kultur?\u00a0<\/span><\/p>\n<p><span>\u201eMultikulturalismus\u201c, z\u00e1kladn\u00ed k\u00e1men z\u00e1padn\u00edch spole\u010dnost\u00ed, je zako\u0159en\u011bn v principech diverzity, tolerance a oslavy r\u016fzn\u00fdch p\u0159esv\u011bd\u010den\u00ed a hodnot.\u00a0P\u0159esto opakuj\u00edc\u00ed se v\u00fdzva recipro\u010dn\u00ed integrace muslimsk\u00fdch komunit p\u0159edstavuje hrozivou hrozbu pro samotnou strukturu z\u00e1padn\u00ed kultury.<\/span><\/p>\n<p><img decoding=\"async\" loading=\"lazy\" class=\"alignnone size-full wp-image-1185\" src=\"http:\/\/www.infokuryr.cz\/n\/wp-content\/uploads\/2021\/04\/kuryr-podpis.png\" alt=\"\" width=\"84\" height=\"24\" \/><\/p>\n<p>&nbsp;<\/p>\n<p><a href=\"https:\/\/stranapro.cz\/\"><img decoding=\"async\" loading=\"lazy\" class=\"wp-image-30218 aligncenter\" src=\"http:\/\/www.infokuryr.cz\/n\/wp-content\/uploads\/2023\/06\/PRO-banner-300x36.png\" alt=\"\" width=\"1358\" height=\"163\" srcset=\"https:\/\/www.infokuryr.cz\/n\/wp-content\/uploads\/2023\/06\/PRO-banner-300x36.png 300w, https:\/\/www.infokuryr.cz\/n\/wp-content\/uploads\/2023\/06\/PRO-banner-768x93.png 768w, https:\/\/www.infokuryr.cz\/n\/wp-content\/uploads\/2023\/06\/PRO-banner.png 849w\" sizes=\"(max-width: 1358px) 100vw, 1358px\" \/><\/a><\/p>\n<p>&nbsp;<\/p>\n<p>&nbsp;<\/p>\n<p>&nbsp;<\/p>\n","protected":false},"excerpt":{"rendered":"<p>Ned\u00e1vn\u00e9 vir\u00e1ln\u00ed video z italsk\u00e9ho Monfalcone podn\u00edtilo vzru\u0161en\u00e9 debaty kolem m\u011bstsk\u00fdch muslimsk\u00fdch p\u0159ist\u011bhovalc\u016f vyzn\u00e1vaj\u00edc\u00edch \u0161ar\u00edu.\u00a0Toto&#8230;<\/p>\n","protected":false},"author":2,"featured_media":37238,"comment_status":"closed","ping_status":"closed","sticky":false,"template":"","format":"standard","meta":[],"categories":[7],"tags":[5165,191,44,5166],"_links":{"self":[{"href":"https:\/\/www.infokuryr.cz\/n\/wp-json\/wp\/v2\/posts\/37237"}],"collection":[{"href":"https:\/\/www.infokuryr.cz\/n\/wp-json\/wp\/v2\/posts"}],"about":[{"href":"https:\/\/www.infokuryr.cz\/n\/wp-json\/wp\/v2\/types\/post"}],"author":[{"embeddable":true,"href":"https:\/\/www.infokuryr.cz\/n\/wp-json\/wp\/v2\/users\/2"}],"replies":[{"embeddable":true,"href":"https:\/\/www.infokuryr.cz\/n\/wp-json\/wp\/v2\/comments?post=37237"}],"version-history":[{"count":1,"href":"https:\/\/www.infokuryr.cz\/n\/wp-json\/wp\/v2\/posts\/37237\/revisions"}],"predecessor-version":[{"id":37239,"href":"https:\/\/www.infokuryr.cz\/n\/wp-json\/wp\/v2\/posts\/37237\/revisions\/37239"}],"wp:featuredmedia":[{"embeddable":true,"href":"https:\/\/www.infokuryr.cz\/n\/wp-json\/wp\/v2\/media\/37238"}],"wp:attachment":[{"href":"https:\/\/www.infokuryr.cz\/n\/wp-json\/wp\/v2\/media?parent=37237"}],"wp:term":[{"taxonomy":"category","embeddable":true,"href":"https:\/\/www.infokuryr.cz\/n\/wp-json\/wp\/v2\/categories?post=37237"},{"taxonomy":"post_tag","embeddable":true,"href":"https:\/\/www.infokuryr.cz\/n\/wp-json\/wp\/v2\/tags?post=37237"}],"curies":[{"name":"wp","href":"https:\/\/api.w.org\/{rel}","templated":true}]}}