{"id":37235,"date":"2023-09-30T01:07:55","date_gmt":"2023-09-29T23:07:55","guid":{"rendered":"http:\/\/www.infokuryr.cz\/n\/?p=37235"},"modified":"2023-09-29T08:44:24","modified_gmt":"2023-09-29T06:44:24","slug":"evropske-hodnoty-madarsko-resi-diskriminaci-madarske-mensiny-na-ukrajine","status":"publish","type":"post","link":"https:\/\/www.infokuryr.cz\/n\/2023\/09\/30\/evropske-hodnoty-madarsko-resi-diskriminaci-madarske-mensiny-na-ukrajine\/","title":{"rendered":"\u201eEvropsk\u00e9 hodnoty\u201c: Ma\u010farsko \u0159e\u0161\u00ed diskriminaci ma\u010farsk\u00e9 men\u0161iny na Ukrajin\u011b"},"content":{"rendered":"<div id=\"fb-root\"><\/div>\n<p><strong><span>Orb\u00e1n to \u0159\u00edk\u00e1 jasn\u011b: \u017d\u00e1dn\u00e1 podpora pro Ukrajinu, dokud nebudou obnovena jazykov\u00e1 pr\u00e1va pro ma\u010farskou men\u0161inu<\/span><\/strong><\/p>\n<p><span>Pokud jde o v\u00e1lku na Ukrajin\u011b, Ma\u010farsko je \u010dlenem EU, kter\u00fd zauj\u00edm\u00e1 vyv\u00e1\u017een\u00fd postoj a z\u016fst\u00e1v\u00e1 mimo okruh Zelensk\u00e9ho obdivovatel\u016f.\u00a0To ale nem\u00e1 nic spole\u010dn\u00e9ho s t\u00edm, \u017ee ma\u010farsk\u00fd premi\u00e9r Viktor Orb\u00e1n \u201erozum\u00ed Putinovi\u201c, ale sp\u00ed\u0161e s diskriminac\u00ed ma\u010farsk\u00e9 men\u0161iny \u017eij\u00edc\u00ed v ukrajinsk\u00e9 Zakarpatsk\u00e9 oblasti.<\/span><\/p>\n<p><span>Orb\u00e1n to p\u0159ipomn\u011bl v pond\u011bl\u00ed ve sv\u00e9m projevu v ma\u010farsk\u00e9m parlamentu.\u00a0Jak uv\u00e1d\u00ed tiskov\u00e1 agentura Reuters, n\u00e1rodn\u00ed konzervativn\u00ed politik \u0159ekl, \u017ee Ma\u010farsko nebude podporovat Ukrajinu v \u017e\u00e1dn\u00e9 mezin\u00e1rodn\u00ed ot\u00e1zce, dokud nebudou obnovena jazykov\u00e1 pr\u00e1va tamn\u00edch etnick\u00fdch Ma\u010far\u016f.<\/span><\/p>\n<p><span>Zakarpat\u00ed, kter\u00e9 bylo sou\u010d\u00e1st\u00ed Ma\u010farska a\u017e do trianonsk\u00e9ho m\u00edrov\u00e9ho dikt\u00e1tu v roce 1920 a je zn\u00e1m\u00e9 tak\u00e9 jako Karpatsk\u00e1 Ukrajina, je domovem asi 150 000 etnick\u00fdch Ma\u010far\u016f, jejich\u017e pr\u00e1vo pou\u017e\u00edvat sv\u016fj rodn\u00fd jazyk, zejm\u00e9na ve vzd\u011bl\u00e1v\u00e1n\u00ed, je st\u00e1le v\u00edce omezov\u00e1no kyjevsk\u00fdm re\u017eimem.\u00a0&#8222;Cht\u011bj\u00ed p\u0159em\u011bnit (ma\u010farsk\u00e9 \u0161koly) na ukrajinsk\u00e9, a pokud to nebude fungovat, cht\u011bj\u00ed je zav\u0159\u00edt,&#8220; vysv\u011btlil Orb\u00e1n.<\/span><\/p>\n<p><span>Konkr\u00e9tn\u011b se jedn\u00e1 o z\u00e1kon p\u0159ijat\u00fd v roce 2017, kter\u00fd omezuje pou\u017e\u00edv\u00e1n\u00ed men\u0161inov\u00fdch jazyk\u016f na ukrajinsk\u00fdch \u0161kol\u00e1ch a na jeho\u017e z\u00e1klad\u011b bylo uzav\u0159eno kolem 100 ma\u010farsk\u00fdch \u0161kol na Zakarpat\u00ed.\u00a0Jazykov\u00fd z\u00e1kon p\u0159ijat\u00fd v roce 2017 kritizovala tak\u00e9 Ben\u00e1tsk\u00e1 komise Rady Evropy: \u201eUkrajinsk\u00fd z\u00e1kon o st\u00e1tn\u00edm jazyce nenach\u00e1z\u00ed rovnov\u00e1hu mezi posilov\u00e1n\u00edm ukrajin\u0161tiny a ochranou jazykov\u00fdch pr\u00e1v men\u0161in.\u201c<\/span><\/p>\n<p><img decoding=\"async\" loading=\"lazy\" class=\"alignnone size-full wp-image-1185\" src=\"http:\/\/www.infokuryr.cz\/n\/wp-content\/uploads\/2021\/04\/kuryr-podpis.png\" alt=\"\" width=\"84\" height=\"24\" \/><\/p>\n<p>&nbsp;<\/p>\n<p><a href=\"https:\/\/stranapro.cz\/\"><img decoding=\"async\" loading=\"lazy\" class=\"wp-image-30218 aligncenter\" src=\"http:\/\/www.infokuryr.cz\/n\/wp-content\/uploads\/2023\/06\/PRO-banner-300x36.png\" alt=\"\" width=\"1367\" height=\"164\" srcset=\"https:\/\/www.infokuryr.cz\/n\/wp-content\/uploads\/2023\/06\/PRO-banner-300x36.png 300w, https:\/\/www.infokuryr.cz\/n\/wp-content\/uploads\/2023\/06\/PRO-banner-768x93.png 768w, https:\/\/www.infokuryr.cz\/n\/wp-content\/uploads\/2023\/06\/PRO-banner.png 849w\" sizes=\"(max-width: 1367px) 100vw, 1367px\" \/><\/a><\/p>\n<p>&nbsp;<\/p>\n<p>&nbsp;<\/p>\n<p>&nbsp;<\/p>\n","protected":false},"excerpt":{"rendered":"<p>Orb\u00e1n to \u0159\u00edk\u00e1 jasn\u011b: \u017d\u00e1dn\u00e1 podpora pro Ukrajinu, dokud nebudou obnovena jazykov\u00e1 pr\u00e1va pro ma\u010farskou&#8230;<\/p>\n","protected":false},"author":2,"featured_media":37236,"comment_status":"closed","ping_status":"closed","sticky":false,"template":"","format":"standard","meta":[],"categories":[7],"tags":[144,78,1826,439,26,2829],"_links":{"self":[{"href":"https:\/\/www.infokuryr.cz\/n\/wp-json\/wp\/v2\/posts\/37235"}],"collection":[{"href":"https:\/\/www.infokuryr.cz\/n\/wp-json\/wp\/v2\/posts"}],"about":[{"href":"https:\/\/www.infokuryr.cz\/n\/wp-json\/wp\/v2\/types\/post"}],"author":[{"embeddable":true,"href":"https:\/\/www.infokuryr.cz\/n\/wp-json\/wp\/v2\/users\/2"}],"replies":[{"embeddable":true,"href":"https:\/\/www.infokuryr.cz\/n\/wp-json\/wp\/v2\/comments?post=37235"}],"version-history":[{"count":0,"href":"https:\/\/www.infokuryr.cz\/n\/wp-json\/wp\/v2\/posts\/37235\/revisions"}],"wp:featuredmedia":[{"embeddable":true,"href":"https:\/\/www.infokuryr.cz\/n\/wp-json\/wp\/v2\/media\/37236"}],"wp:attachment":[{"href":"https:\/\/www.infokuryr.cz\/n\/wp-json\/wp\/v2\/media?parent=37235"}],"wp:term":[{"taxonomy":"category","embeddable":true,"href":"https:\/\/www.infokuryr.cz\/n\/wp-json\/wp\/v2\/categories?post=37235"},{"taxonomy":"post_tag","embeddable":true,"href":"https:\/\/www.infokuryr.cz\/n\/wp-json\/wp\/v2\/tags?post=37235"}],"curies":[{"name":"wp","href":"https:\/\/api.w.org\/{rel}","templated":true}]}}