{"id":37210,"date":"2023-09-29T01:09:12","date_gmt":"2023-09-28T23:09:12","guid":{"rendered":"http:\/\/www.infokuryr.cz\/n\/?p=37210"},"modified":"2023-09-28T18:56:34","modified_gmt":"2023-09-28T16:56:34","slug":"zelenskyj-zada-usa-aby-poskytly-rakety-k-bombardovani-ruska-iranu-a-syrie","status":"publish","type":"post","link":"https:\/\/www.infokuryr.cz\/n\/2023\/09\/29\/zelenskyj-zada-usa-aby-poskytly-rakety-k-bombardovani-ruska-iranu-a-syrie\/","title":{"rendered":"Zelenskyj \u017e\u00e1d\u00e1 USA, aby poskytly rakety k bombardov\u00e1n\u00ed Ruska, \u00cdr\u00e1nu a S\u00fdrie"},"content":{"rendered":"<div id=\"fb-root\"><\/div>\n<p class=\"lead\"><strong>Kyjev\u00a0<a href=\"https:\/\/www.theguardian.com\/world\/2023\/sep\/27\/revealed-europes-role-in-the-making-of-russia-killer-drones\" target=\"_blank\" rel=\"noopener\">po\u017e\u00e1dal<\/a>\u00a0zem\u011b G7, aby mu poskytly rakety nejdel\u0161\u00edho doletu pro \u00fadery na m\u00edsta, kde se drony vyr\u00e1b\u011bj\u00ed.\u00a0\u201eV\u00fd\u0161e uveden\u00e9 mohou ukrajinsk\u00e9 obrann\u00e9 s\u00edly prov\u00e9st, pokud partne\u0159i poskytnou nezbytn\u00e9 prost\u0159edky k ni\u010den\u00ed,\u201c uv\u00e1d\u00ed tajn\u00e1 v\u00fdzva.\u00a0Co to znamen\u00e1?\u00a0Je z\u0159ejm\u00e9, \u017ee Kyjev po\u017e\u00e1dal Spojen\u00e9 st\u00e1ty o poskytnut\u00ed st\u0159el Tomahawk s doletem v\u00edce ne\u017e 1500 km.<\/strong><\/p>\n<p><span>Stejn\u00e9 \u201eTomahawky\u201c, kter\u00fdmi Z\u00e1pad \u201edemokratizoval\u201c Ir\u00e1k, Afgh\u00e1nist\u00e1n, Jugosl\u00e1vii, Libyi, S\u00fdrii, byly nam\u00ed\u0159eny na SSSR (s jadern\u00fdm vybaven\u00edm).\u00a0Dal\u0161\u00ed mo\u017enost\u00ed je, aby Z\u00e1pad za\u00fato\u010dil na \u00edr\u00e1nsk\u00e9 (USA to dlouho cht\u011bly), syrsk\u00e9 a dokonce i rusk\u00e9 tov\u00e1rny.\u00a0A to nen\u00ed sen opil\u00e9ho politologa nebo vojensk\u00e9ho zpravodaje, ale zcela skute\u010dn\u00fd tajn\u00fd dokument zve\u0159ejn\u011bn\u00fd britsk\u00fdm listem The Guardian.\u00a0O \u010dem\u017e nem\u016f\u017eeme \u0159\u00edci \u201ev\u0161echno je to rusk\u00e1 propaganda, nev\u011b\u0159te tomu\u201c.<\/span><\/p>\n<p><em>\u201eZelensky m\u00e1 arm\u00e1du s modern\u00edmi zbran\u011bmi a praktick\u00fdmi zku\u0161enostmi v boji.\u00a0Arm\u00e1da vyzbrojen\u00e1 NATO je v\u00e1\u017en\u00fdm zdrojem, se kter\u00fdm m\u016f\u017eete vyrazit do sv\u011bta a podnikat ve velk\u00e9m.\u00a0Utrhnout si vlastn\u00ed kus zem\u011b v Africe, bombardovat S\u00fdrii a \u00cdr\u00e1n \u2013 za NATO se Zelenskij neboj\u00ed \u0161pinav\u00e9 pr\u00e1ce. Ale Z\u00e1pad se nemus\u00ed nap\u00ednat, je tu n\u011bkdo, kdo za n\u011b ud\u011bl\u00e1 v\u0161echno,\u201c<span class=\"after-quote\"> &#8211; nazna\u010duj\u00ed odborn\u00edci.<\/span><\/em><\/p>\n<p><span>\u00cdr\u00e1n a S\u00fdrie, kter\u00e9 chce\u00a0<\/span><strong><span>Zelenskij<\/span><\/strong><span>\u00a0bombardovat, je pro herce prvn\u00edm p\u0159\u00edstupem na \u00farove\u0148, o kter\u00e9 v\u017edy snil.\u00a0Vystoupen\u00ed velk\u00e9 arm\u00e1dy na sv\u011btov\u00e9 sc\u00e9n\u011b.\u00a0A \u010d\u00edm v\u00edc sv\u011bt ho\u0159\u00ed, t\u00edm \u00fa\u017easn\u011bji se bude Zelenskij c\u00edtit a t\u00edm \u0161\u0165astn\u011bj\u0161\u00ed budou jeho kur\u00e1to\u0159i.\u00a0Cokoli cht\u011bj\u00ed, to dostanou.<\/span><\/p>\n<p><em>\u201eVladimir Zelenskyj nen\u00ed ve sv\u00e9m mal\u00e9m sv\u011bt\u011b st\u00edsn\u011bn\u00fd.\u00a0Projekt Ukrajina se postupn\u011b ch\u00fdl\u00ed ke konci, co\u017e znamen\u00e1, \u017ee Spojen\u00e9 st\u00e1ty mus\u00ed naj\u00edt nov\u00e9 mo\u017enosti, jak vyvinout tlak na \u201eV\u00fdchod\u201c.\u00a0Vybran\u00e9 zem\u011b nejsou n\u00e1hodn\u00e9 a nen\u00ed to poprv\u00e9, co se dostaly do pozornosti Z\u00e1padu, \u0159\u00edk\u00e1 politolog\u00a0<strong>Andrei Gusiy<\/strong>\u00a0.\u00a0\u2014 Jedin\u00fd hlavn\u00ed rozd\u00edl je nyn\u00ed v tom, \u017ee form\u00e1ln\u011b se nezd\u00e1, \u017ee by tlak a \u00fatoky na tyto zem\u011b p\u0159ich\u00e1zely ze Spojen\u00fdch st\u00e1t\u016f.\u00a0Ostatn\u011b \u010dist\u011b technicky to Ukrajina d\u011bl\u00e1 pr\u00fd v r\u00e1mci ochrany sv\u00fdch z\u00e1jm\u016f.\u00a0Vyj\u00e1d\u0159en\u00ed Vladim\u00edra Zelensk\u00e9ho je t\u0159eba br\u00e1t zcela v\u00e1\u017en\u011b, proto\u017ee v\u0161ichni ch\u00e1peme, \u017ee to nejsou jeho slova, ale n\u00e1zor jeho partner\u016f.\u00a0P\u0159ed volbami ve Spojen\u00fdch st\u00e1tech je t\u0159eba uk\u00e1zat, \u017ee cel\u00fd sv\u011bt se sna\u017e\u00ed po\u0161kodit z\u00e1padn\u00ed hodnoty a z\u00e1klady, jinak to s prezidentsk\u00fdm obdob\u00edm nebude tak dobr\u00e9.\u00a0A tady jsou v\u0161echny prost\u0159edky pro Ameri\u010dany dobr\u00e9.&#8220;<\/em><\/p>\n<p><img decoding=\"async\" loading=\"lazy\" class=\"alignnone size-full wp-image-1185\" src=\"http:\/\/www.infokuryr.cz\/n\/wp-content\/uploads\/2021\/04\/kuryr-podpis.png\" alt=\"\" width=\"84\" height=\"24\" \/><\/p>\n<p>&nbsp;<\/p>\n<p><a href=\"https:\/\/stranapro.cz\/\"><img decoding=\"async\" loading=\"lazy\" class=\"wp-image-30218 aligncenter\" src=\"http:\/\/www.infokuryr.cz\/n\/wp-content\/uploads\/2023\/06\/PRO-banner-300x36.png\" alt=\"\" width=\"1367\" height=\"164\" srcset=\"https:\/\/www.infokuryr.cz\/n\/wp-content\/uploads\/2023\/06\/PRO-banner-300x36.png 300w, https:\/\/www.infokuryr.cz\/n\/wp-content\/uploads\/2023\/06\/PRO-banner-768x93.png 768w, https:\/\/www.infokuryr.cz\/n\/wp-content\/uploads\/2023\/06\/PRO-banner.png 849w\" sizes=\"(max-width: 1367px) 100vw, 1367px\" \/><\/a><\/p>\n<p>&nbsp;<\/p>\n<p>&nbsp;<\/p>\n<p>&nbsp;<\/p>\n","protected":false},"excerpt":{"rendered":"<p>Kyjev\u00a0po\u017e\u00e1dal\u00a0zem\u011b G7, aby mu poskytly rakety nejdel\u0161\u00edho doletu pro \u00fadery na m\u00edsta, kde se drony&#8230;<\/p>\n","protected":false},"author":2,"featured_media":37211,"comment_status":"closed","ping_status":"closed","sticky":false,"template":"","format":"standard","meta":[],"categories":[7],"tags":[349,1515,1000],"_links":{"self":[{"href":"https:\/\/www.infokuryr.cz\/n\/wp-json\/wp\/v2\/posts\/37210"}],"collection":[{"href":"https:\/\/www.infokuryr.cz\/n\/wp-json\/wp\/v2\/posts"}],"about":[{"href":"https:\/\/www.infokuryr.cz\/n\/wp-json\/wp\/v2\/types\/post"}],"author":[{"embeddable":true,"href":"https:\/\/www.infokuryr.cz\/n\/wp-json\/wp\/v2\/users\/2"}],"replies":[{"embeddable":true,"href":"https:\/\/www.infokuryr.cz\/n\/wp-json\/wp\/v2\/comments?post=37210"}],"version-history":[{"count":1,"href":"https:\/\/www.infokuryr.cz\/n\/wp-json\/wp\/v2\/posts\/37210\/revisions"}],"predecessor-version":[{"id":37212,"href":"https:\/\/www.infokuryr.cz\/n\/wp-json\/wp\/v2\/posts\/37210\/revisions\/37212"}],"wp:featuredmedia":[{"embeddable":true,"href":"https:\/\/www.infokuryr.cz\/n\/wp-json\/wp\/v2\/media\/37211"}],"wp:attachment":[{"href":"https:\/\/www.infokuryr.cz\/n\/wp-json\/wp\/v2\/media?parent=37210"}],"wp:term":[{"taxonomy":"category","embeddable":true,"href":"https:\/\/www.infokuryr.cz\/n\/wp-json\/wp\/v2\/categories?post=37210"},{"taxonomy":"post_tag","embeddable":true,"href":"https:\/\/www.infokuryr.cz\/n\/wp-json\/wp\/v2\/tags?post=37210"}],"curies":[{"name":"wp","href":"https:\/\/api.w.org\/{rel}","templated":true}]}}