{"id":37202,"date":"2023-09-29T01:20:37","date_gmt":"2023-09-28T23:20:37","guid":{"rendered":"http:\/\/www.infokuryr.cz\/n\/?p=37202"},"modified":"2023-09-28T18:24:29","modified_gmt":"2023-09-28T16:24:29","slug":"polsko-podepsalo-dohodu-o-prechodu-na-jadernou-energii","status":"publish","type":"post","link":"https:\/\/www.infokuryr.cz\/n\/2023\/09\/29\/polsko-podepsalo-dohodu-o-prechodu-na-jadernou-energii\/","title":{"rendered":"Polsko podepsalo dohodu o p\u0159echodu na jadernou energii"},"content":{"rendered":"<div id=\"fb-root\"><\/div>\n<p><span style=\"font-size: 18pt;\"><strong>Americk\u00e9 spole\u010dnosti Westinghouse Electric a Bechtel postav\u00ed prvn\u00ed jadernou elektr\u00e1rnu ve st\u00e1t\u011b v EU<\/strong><\/span><\/p>\n<p><span>Polsk\u00e1 vl\u00e1da podepsala dohodu se dv\u011bma americk\u00fdmi spole\u010dnostmi o v\u00fdstavb\u011b prvn\u00ed jadern\u00e9 elektr\u00e1rny v zemi.\u00a0D\u0159\u00edve tak\u00e9 Var\u0161ava projevila z\u00e1jem o p\u0159ipojen\u00ed k programu NATO Nuclear Sharing Program s c\u00edlem potenci\u00e1ln\u011b hostit americk\u00e9 jadern\u00e9 zbran\u011b.<\/span><\/p>\n<p><span>St\u00e1tn\u00ed polsk\u00e1 energetick\u00e1 spole\u010dnost Polskie Elektrownie Jadrowe (PEJ) ve st\u0159edu podepsala smlouvu se spole\u010dnostmi Westinghouse Electric Company a Bechtel na v\u00fdstavbu jadern\u00e9 elektr\u00e1rny v regionu severn\u00edho Pomo\u0159anska.\u00a0Slavnostn\u00edho ceremoni\u00e1lu ve Var\u0161av\u011b se z\u00fa\u010dastnili polsk\u00fd premi\u00e9r Mateusz Morawiecki a americk\u00fd velvyslanec Mark Brzezinski.<\/span><\/p>\n<p><span>Podle smlouvy ob\u011b americk\u00e9 spole\u010dnosti do 18 m\u011bs\u00edc\u016f postav\u00ed t\u0159i jadern\u00e9 reaktory a vy\u0161kol\u00ed m\u00edstn\u00ed person\u00e1l.\u00a0Podle prohl\u00e1\u0161en\u00ed vydan\u00e9ho spole\u010dnost\u00ed Westinghouse se o\u010dek\u00e1v\u00e1, \u017ee prvn\u00ed reaktor AP1000 dos\u00e1hne komer\u010dn\u00edho provozu v roce 2033.<\/span><\/p>\n<div class=\"read-more\" data-has-alias=\"\"><a href=\"https:\/\/stranapro.cz\/\"><img decoding=\"async\" loading=\"lazy\" class=\"wp-image-30218 aligncenter\" src=\"http:\/\/www.infokuryr.cz\/n\/wp-content\/uploads\/2023\/06\/PRO-banner-300x36.png\" alt=\"\" width=\"1358\" height=\"163\" srcset=\"https:\/\/www.infokuryr.cz\/n\/wp-content\/uploads\/2023\/06\/PRO-banner-300x36.png 300w, https:\/\/www.infokuryr.cz\/n\/wp-content\/uploads\/2023\/06\/PRO-banner-768x93.png 768w, https:\/\/www.infokuryr.cz\/n\/wp-content\/uploads\/2023\/06\/PRO-banner.png 849w\" sizes=\"(max-width: 1358px) 100vw, 1358px\" \/><\/a><\/div>\n<p><span>Anna Lukaszewska-Trzeciakowska, vl\u00e1dn\u00ed zmocn\u011bnkyn\u011b pro strategickou energetickou infrastrukturu, ocenila projekt jako schopn\u00fd \u201e\u00a0<\/span><em><span>z\u00e1sadn\u011b p\u0159estav\u011bt<\/span><\/em><span>\u00a0polsk\u00fd\u00a0<\/span><em><span>energetick\u00fd mix.\u00a0<\/span><\/em><span>\u201c<\/span><\/p>\n<p><span>Americk\u00fd velvyslanec Brzezinski uvedl, \u017ee \u201e\u00a0<\/span><em><span>toto nen\u00ed jen komer\u010dn\u00ed podnik<\/span><\/em><span>\u00a0\u201c, ale sou\u010d\u00e1st snahy prom\u011bnit Polsko v \u201e\u00a0<\/span><em><span>centrum pro civiln\u00ed rozm\u00edst\u011bn\u00ed jadern\u00fdch technologi\u00ed.\u00a0<\/span><\/em><span>\u201c<\/span><\/p>\n<p><span>Gener\u00e1ln\u00ed \u0159editel Westinghouse Patrick Fragman vyj\u00e1d\u0159il nad\u011bji, \u017ee tento podnik \u201e\u00a0<\/span><em><span>bude vzorem pro dal\u0161\u00ed zem\u011b, kter\u00e9 usiluj\u00ed o dekarbonizaci a energetickou bezpe\u010dnost.\u00a0<\/span><\/em><span>\u201c<\/span><\/p>\n<p><span>Reaktor AP1000 v sou\u010dasnosti vyr\u00e1b\u00ed elekt\u0159inu pro americk\u00fd st\u00e1t Georgia, zat\u00edmco dal\u0161\u00ed se p\u0159ipravuje pro komer\u010dn\u00ed provoz.\u00a0\u010cty\u0159i reaktory tohoto typu jsou tak\u00e9 aktivn\u00ed v \u010c\u00edn\u011b, \u0161est dal\u0161\u00edch je ve v\u00fdstavb\u011b.\u00a0V Evrop\u011b si Bulharsko pro sv\u016fj nov\u00fd program reaktor\u016f vybralo technologii AP1000, uvedl Westinghouse.<\/span><\/p>\n<p><span>Polsk\u00fd premi\u00e9r Morawiecki v \u010dervnu novin\u00e1\u0159\u016fm \u0159ekl, \u017ee jeho zem\u011b se chce st\u00e1t sou\u010d\u00e1st\u00ed programu NATO Nuclear Sharing Program, kter\u00fd umo\u017e\u0148uje rozm\u00edst\u011bn\u00ed americk\u00fdch jadern\u00fdch bomb na \u00fazem\u00ed jin\u00fdch st\u00e1t\u016f.<\/span><\/p>\n<p><span>Tento program, kter\u00fd byl spu\u0161t\u011bn v roce 2009, vid\u011bl americk\u00e9 jadern\u00e9 bomby B61 dorazit do Belgie, N\u011bmecka, It\u00e1lie, Nizozemska a Turecka.\u00a0Podle rusk\u00fdch odhad\u016f bylo k dubnu 2022 v Evrop\u011b rozm\u00edst\u011bno 150 takov\u00fdch bomb.<\/span><\/p>\n<p><span>Var\u0161ava jako d\u016fvod sv\u00e9ho odvol\u00e1n\u00ed k NATO uvedla rozhodnut\u00ed Moskvy um\u00edstit vlastn\u00ed taktick\u00e9 jadern\u00e9 zbran\u011b v sousedn\u00edm B\u011blorusku.<\/span><\/p>\n<p><img decoding=\"async\" loading=\"lazy\" class=\"alignnone size-full wp-image-1185\" src=\"http:\/\/www.infokuryr.cz\/n\/wp-content\/uploads\/2021\/04\/kuryr-podpis.png\" alt=\"\" width=\"84\" height=\"24\" \/><\/p>\n<p>&nbsp;<\/p>\n<p>&nbsp;<\/p>\n<p>&nbsp;<\/p>\n","protected":false},"excerpt":{"rendered":"<p>Americk\u00e9 spole\u010dnosti Westinghouse Electric a Bechtel postav\u00ed prvn\u00ed jadernou elektr\u00e1rnu ve st\u00e1t\u011b v EU Polsk\u00e1&#8230;<\/p>\n","protected":false},"author":2,"featured_media":26076,"comment_status":"closed","ping_status":"closed","sticky":false,"template":"","format":"standard","meta":[],"categories":[7],"tags":[285,2998,39,31],"_links":{"self":[{"href":"https:\/\/www.infokuryr.cz\/n\/wp-json\/wp\/v2\/posts\/37202"}],"collection":[{"href":"https:\/\/www.infokuryr.cz\/n\/wp-json\/wp\/v2\/posts"}],"about":[{"href":"https:\/\/www.infokuryr.cz\/n\/wp-json\/wp\/v2\/types\/post"}],"author":[{"embeddable":true,"href":"https:\/\/www.infokuryr.cz\/n\/wp-json\/wp\/v2\/users\/2"}],"replies":[{"embeddable":true,"href":"https:\/\/www.infokuryr.cz\/n\/wp-json\/wp\/v2\/comments?post=37202"}],"version-history":[{"count":0,"href":"https:\/\/www.infokuryr.cz\/n\/wp-json\/wp\/v2\/posts\/37202\/revisions"}],"wp:featuredmedia":[{"embeddable":true,"href":"https:\/\/www.infokuryr.cz\/n\/wp-json\/wp\/v2\/media\/26076"}],"wp:attachment":[{"href":"https:\/\/www.infokuryr.cz\/n\/wp-json\/wp\/v2\/media?parent=37202"}],"wp:term":[{"taxonomy":"category","embeddable":true,"href":"https:\/\/www.infokuryr.cz\/n\/wp-json\/wp\/v2\/categories?post=37202"},{"taxonomy":"post_tag","embeddable":true,"href":"https:\/\/www.infokuryr.cz\/n\/wp-json\/wp\/v2\/tags?post=37202"}],"curies":[{"name":"wp","href":"https:\/\/api.w.org\/{rel}","templated":true}]}}