{"id":37201,"date":"2023-09-29T01:19:25","date_gmt":"2023-09-28T23:19:25","guid":{"rendered":"http:\/\/www.infokuryr.cz\/n\/?p=37201"},"modified":"2023-09-28T18:21:15","modified_gmt":"2023-09-28T16:21:15","slug":"kreml-zautocil-na-extremne-nepratelsky-krok-smluvniho-spojence","status":"publish","type":"post","link":"https:\/\/www.infokuryr.cz\/n\/2023\/09\/29\/kreml-zautocil-na-extremne-nepratelsky-krok-smluvniho-spojence\/","title":{"rendered":"Kreml za\u00fato\u010dil na \u201eextr\u00e9mn\u011b nep\u0159\u00e1telsk\u00fd\u201c krok smluvn\u00edho spojence"},"content":{"rendered":"<div id=\"fb-root\"><\/div>\n<p><span style=\"font-size: 18pt;\"><strong>Arm\u00e9nie pokra\u010duje v pl\u00e1nu na pos\u00edlen\u00ed pravomoc\u00ed ICC na sv\u00e9 p\u016fd\u011b, soudu, kter\u00fd po\u017eaduje zat\u010den\u00ed Vladimira Putina<\/strong><\/span><\/p>\n<p><span>Arm\u00e9nsk\u00e1 parlamentn\u00ed komise ve \u010dtvrtek projednala n\u00e1vrh na ratifikaci \u0158\u00edmsk\u00e9ho statutu, dokumentu, kter\u00fd podl\u00e9h\u00e1 jurisdikci Mezin\u00e1rodn\u00edho trestn\u00edho soudu (ICC).\u00a0Mluv\u010d\u00ed Kremlu Dmitrij Peskov ozna\u010dil navrhovan\u00fd krok za\u00a0<\/span><em><span>\u201eextr\u00e9mn\u011b nep\u0159\u00e1telsk\u00fd\u201c<\/span><\/em><span>\u00a0v\u016f\u010di Rusku.<\/span><\/p>\n<p><span>V b\u0159eznu ICC vydal zatyka\u010de na dva rusk\u00e9 p\u0159edstavitele, v\u010detn\u011b prezidenta Vladimira Putina, za \u00fadajn\u00e9 \u00fanosy ukrajinsk\u00fdch d\u011bt\u00ed, co\u017e Moskva odm\u00edtla jako sm\u011b\u0161n\u00e9 a jako d\u016fkaz politick\u00e9 zaujatosti soudu.<\/span><\/p>\n<p><span>Moskva neuzn\u00e1v\u00e1 pravomoc soudu a pova\u017euje z\u00e1m\u011br Arm\u00e9nie tak u\u010dinit za problematick\u00fd, \u0159ekl m\u00e9di\u00edm Dmitrij Peskov.<\/span><\/p>\n<p><em><span>\u201eArm\u00e9nie je suver\u00e9nn\u00ed st\u00e1t.\u00a0Ur\u010dit\u011b douf\u00e1me, \u017ee takov\u00e1 rozhodnut\u00ed nebudou m\u00edt negativn\u00ed dopad na na\u0161e bilater\u00e1ln\u00ed vztahy,\u201c<\/span><\/em><span>\u00a0\u0159ekl.\u00a0<\/span><em><span>&#8222;Ale tato rozhodnut\u00ed jsou pro n\u00e1s extr\u00e9mn\u011b nep\u0159\u00e1telsk\u00e1.&#8220;<\/span><\/em><\/p>\n<p><span>Vladimir Vardanjan, p\u0159edseda arm\u00e9nsk\u00e9 parlamentn\u00ed komise, kter\u00e1 mus\u00ed n\u00e1vrh p\u0159ed hlasov\u00e1n\u00edm schv\u00e1lit, b\u011bhem \u010dtvrte\u010dn\u00edho zased\u00e1n\u00ed prohl\u00e1sil, \u017ee to \u201e\u017e\u00e1dn\u00fdm zp\u016fsobem neovlivn\u00ed\u201c\u00a0<\/span><em><span>rusko<\/span><\/em><span>\u00a0-arm\u00e9nsk\u00e9 vztahy.<\/span><\/p>\n<div class=\"read-more large\" data-has-alias=\"\"><a href=\"https:\/\/stranapro.cz\/\"><img decoding=\"async\" loading=\"lazy\" class=\"wp-image-30218 aligncenter\" src=\"http:\/\/www.infokuryr.cz\/n\/wp-content\/uploads\/2023\/06\/PRO-banner-300x36.png\" alt=\"\" width=\"1350\" height=\"162\" srcset=\"https:\/\/www.infokuryr.cz\/n\/wp-content\/uploads\/2023\/06\/PRO-banner-300x36.png 300w, https:\/\/www.infokuryr.cz\/n\/wp-content\/uploads\/2023\/06\/PRO-banner-768x93.png 768w, https:\/\/www.infokuryr.cz\/n\/wp-content\/uploads\/2023\/06\/PRO-banner.png 849w\" sizes=\"(max-width: 1350px) 100vw, 1350px\" \/><\/a><\/div>\n<p><span>Yeghishe Kirakosyan, vl\u00e1dn\u00ed zmocn\u011bnec pro mezin\u00e1rodn\u00ed pr\u00e1vn\u00ed z\u00e1le\u017eitosti, \u0159ekl z\u00e1konod\u00e1rc\u016fm, \u017ee z\u00e1vazek v\u016f\u010di ICC zlep\u0161\u00ed arm\u00e9nskou bezpe\u010dnost.<\/span><\/p>\n<p><em><span>&#8222;Mohou existovat n\u00e1rody, kter\u00e9 by to nap\u0159\u00edklad vzaly v \u00favahu p\u0159i rozhodov\u00e1n\u00ed o poskytnut\u00ed r\u016fzn\u00fdch obrann\u00fdch syst\u00e9m\u016f, zbran\u00ed,&#8220;<\/span><\/em><span>\u00a0\u0159ekl komisi.<\/span><\/p>\n<p><span>Arm\u00e9nie podepsala statut v roce 1999, ale pozastavila jeho ratifikaci v roce 2004, kdy byl dokument pova\u017eov\u00e1n za neslu\u010diteln\u00fd s \u00fastavou zem\u011b.\u00a0Proces p\u0159istoupen\u00ed byl obnoven koncem roku 2022. Jerevan m\u00e1 v \u00famyslu ud\u011blit ICC zp\u011btnou moc od 10. kv\u011btna 2021.<\/span><\/p>\n<p><span>Premi\u00e9r Nikol Pa\u0161injan jako d\u016fvod k ratifikaci \u0158\u00edmsk\u00e9ho statutu uv\u00e1d\u00ed selh\u00e1n\u00ed Organizace smlouvy o kolektivn\u00ed bezpe\u010dnosti (CSTO), region\u00e1ln\u00edho bloku vz\u00e1jemn\u00e9 obrany, kter\u00fd ve sv\u00fdch \u0159ad\u00e1ch zahrnuje Rusko a Arm\u00e9nii, br\u00e1nit svou zemi proti konkuren\u010dn\u00edmu \u00c1zerb\u00e1jd\u017e\u00e1nu.\u00a0Jerevan tvrd\u00ed, \u017ee jeho c\u00edlem je vyu\u017e\u00edt mechanismy ICC k tomu, aby Baku a p\u0159idru\u017een\u00e9\u00a0<\/span><em><span>\u201ev\u00e1le\u010dn\u00e9 zlo\u010dince\u201c<\/span><\/em><span>\u00a0pohnali k odpov\u011bdnosti.<\/span><\/p>\n<p><span>V srpnu 2022 do\u0161lo mezi ob\u011bma n\u00e1rody k smrteln\u00fdm pohrani\u010dn\u00edm st\u0159et\u016fm, kter\u00e9 znamenaly velkou eskalaci v desetilet\u00ed trvaj\u00edc\u00edm konfliktu o odtr\u017eenou oblast N\u00e1horn\u00edho Karabachu.\u00a0Tento konflikt skon\u010dil tento m\u011bs\u00edc, kdy\u017e Baku znovu dobylo sv\u00e9 \u00fazem\u00ed, co\u017e p\u0159im\u011blo etnick\u00e9 arm\u00e9nsk\u00e9 \u00fa\u0159ady k rozpu\u0161t\u011bn\u00ed jejich samozvan\u00e9 republiky.<\/span><\/p>\n<p><span>Jerevan se postavil proti rozhodnut\u00ed CSTO pokra\u010dovat v deeskalaci a b\u011bhem krize v roce 2022 vyslal monitorovac\u00ed misi k arm\u00e9nsk\u00e9 hranici s \u00c1zerb\u00e1jd\u017e\u00e1nem, na rozd\u00edl od rozm\u00edst\u011bn\u00ed jednotek.<\/span><\/p>\n<p><span>\u00c1zerb\u00e1jd\u017e\u00e1n je jedn\u00edm ze 41 \u010dlen\u016f OSN, kte\u0159\u00ed nepodepsali \u0158\u00edmsk\u00fd statut p\u0159ed vypr\u0161en\u00edm lh\u016fty na konci roku 2000.<\/span><\/p>\n<p><img decoding=\"async\" loading=\"lazy\" class=\"alignnone size-full wp-image-1185\" src=\"http:\/\/www.infokuryr.cz\/n\/wp-content\/uploads\/2021\/04\/kuryr-podpis.png\" alt=\"\" width=\"84\" height=\"24\" \/><\/p>\n<p>&nbsp;<\/p>\n<p>&nbsp;<\/p>\n<p>&nbsp;<\/p>\n","protected":false},"excerpt":{"rendered":"<p>Arm\u00e9nie pokra\u010duje v pl\u00e1nu na pos\u00edlen\u00ed pravomoc\u00ed ICC na sv\u00e9 p\u016fd\u011b, soudu, kter\u00fd po\u017eaduje zat\u010den\u00ed&#8230;<\/p>\n","protected":false},"author":2,"featured_media":24764,"comment_status":"closed","ping_status":"closed","sticky":false,"template":"","format":"standard","meta":[],"categories":[7],"tags":[1730,4622,22],"_links":{"self":[{"href":"https:\/\/www.infokuryr.cz\/n\/wp-json\/wp\/v2\/posts\/37201"}],"collection":[{"href":"https:\/\/www.infokuryr.cz\/n\/wp-json\/wp\/v2\/posts"}],"about":[{"href":"https:\/\/www.infokuryr.cz\/n\/wp-json\/wp\/v2\/types\/post"}],"author":[{"embeddable":true,"href":"https:\/\/www.infokuryr.cz\/n\/wp-json\/wp\/v2\/users\/2"}],"replies":[{"embeddable":true,"href":"https:\/\/www.infokuryr.cz\/n\/wp-json\/wp\/v2\/comments?post=37201"}],"version-history":[{"count":0,"href":"https:\/\/www.infokuryr.cz\/n\/wp-json\/wp\/v2\/posts\/37201\/revisions"}],"wp:featuredmedia":[{"embeddable":true,"href":"https:\/\/www.infokuryr.cz\/n\/wp-json\/wp\/v2\/media\/24764"}],"wp:attachment":[{"href":"https:\/\/www.infokuryr.cz\/n\/wp-json\/wp\/v2\/media?parent=37201"}],"wp:term":[{"taxonomy":"category","embeddable":true,"href":"https:\/\/www.infokuryr.cz\/n\/wp-json\/wp\/v2\/categories?post=37201"},{"taxonomy":"post_tag","embeddable":true,"href":"https:\/\/www.infokuryr.cz\/n\/wp-json\/wp\/v2\/tags?post=37201"}],"curies":[{"name":"wp","href":"https:\/\/api.w.org\/{rel}","templated":true}]}}