{"id":37190,"date":"2023-09-29T01:16:11","date_gmt":"2023-09-28T23:16:11","guid":{"rendered":"http:\/\/www.infokuryr.cz\/n\/?p=37190"},"modified":"2023-09-28T17:53:50","modified_gmt":"2023-09-28T15:53:50","slug":"nahorni-karabach-jiz-neexistuje","status":"publish","type":"post","link":"https:\/\/www.infokuryr.cz\/n\/2023\/09\/29\/nahorni-karabach-jiz-neexistuje\/","title":{"rendered":"N\u00e1horn\u00ed Karabach ji\u017e neexistuje"},"content":{"rendered":"<div id=\"fb-root\"><\/div>\n<p><strong>Prezident N\u00e1horn\u00edho Karabachu podepsal dekret o tom, \u017ee neuznan\u00e1 republika od p\u0159\u00ed\u0161t\u00edho roku ji\u017e nebude existovat.<\/strong><\/p>\n<p><span>Toto rozhodnut\u00ed bylo u\u010din\u011bno \u201ev souvislosti se sou\u010dasnou slo\u017eitou vojensko-politickou situac\u00ed\u201c.<\/span><\/p>\n<p><span style=\"font-size: 18pt;\"><strong>Republika p\u0159est\u00e1v\u00e1 existovat<\/strong><\/span><\/p>\n<p><span>\u00da\u0159ady N\u00e1horn\u00edho Karabachu\u00a0<\/span><a href=\"https:\/\/www.dtx.gov.az\/az\/news\/1788.html\"><span>ozn\u00e1mily rozpu\u0161t\u011bn\u00ed samozvan\u00e9 republiky r\u00e1no 28. z\u00e1\u0159\u00ed.<\/span><\/a><\/p>\n<p><span>Prezident Samvel Shakhramanyan podepsal odpov\u00eddaj\u00edc\u00ed dekret.\u00a0N\u00e1horn\u00ed Karabach od p\u0159\u00ed\u0161t\u00edho roku p\u0159estane existovat.\u00a0\u201eV\u0161echny st\u00e1tn\u00ed instituce a organizace pod jejich resorty budou rozpu\u0161t\u011bny do 1. ledna 2024 a Republika N\u00e1horn\u00ed Karabach (Arcabach) p\u0159estane existovat,\u201c stoj\u00ed v dokumentu.<\/span><\/p>\n<p><span>Rozhodnut\u00ed bylo u\u010din\u011bno \u201ev kontextu sou\u010dasn\u00e9 obt\u00ed\u017en\u00e9 vojensko-politick\u00e9 situace\u201c zajistit \u201efyzickou bezpe\u010dnost a \u017eivotn\u00ed z\u00e1jmy obyvatelstva\u201c a vz\u00edt v \u00favahu dohody s \u00c1zerb\u00e1jd\u017e\u00e1nem dosa\u017een\u00e9 prost\u0159ednictv\u00edm rusk\u00fdch m\u00edrov\u00fdch sil.<\/span><\/p>\n<p><span>Dokument tak\u00e9 uv\u00e1d\u00ed, \u017ee obyvatel\u00e9 regionu, v\u010detn\u011b t\u011bch, kte\u0159\u00ed oblast opustili, by se \u201em\u011bli sezn\u00e1mit s podm\u00ednkami reintegrace, kter\u00e9 nab\u00edz\u00ed \u00c1zerb\u00e1jd\u017e\u00e1nsk\u00e1 republika\u201c a nez\u00e1visle se rozhodnout, zda v N\u00e1horn\u00edm Karabachu z\u016fstat, nebo se tam cht\u00edt vr\u00e1tit.\u00a0<\/span><\/p>\n<p><span style=\"font-size: 18pt;\"><strong>Ministr zahrani\u010d\u00ed se \u201evzd\u00e1v\u00e1\u201c \u00e1zerb\u00e1jd\u017e\u00e1nsk\u00fdm \u00fa\u0159ad\u016fm<\/strong><\/span><\/p>\n<p><span>B\u00fdval\u00fd ministr zahrani\u010d\u00ed N\u00e1horn\u00edho Karabachu pot\u00e9 ozn\u00e1mil, \u017ee se rozhodl vzd\u00e1t \u00e1zerb\u00e1jd\u017e\u00e1nsk\u00fdm \u00fa\u0159ad\u016fm.\u00a0Dawid Babajan vysv\u011btlil, \u017ee byl na \u010dern\u00e9 listin\u011b \u00c1zerb\u00e1jd\u017e\u00e1nu, co\u017e ho p\u0159inutilo cestovat do Baku kv\u016fli vy\u0161et\u0159ov\u00e1n\u00ed.<\/span><\/p>\n<p><span>\u201eMoje nedostaven\u00ed se, nebo je\u0161t\u011b h\u016f\u0159, m\u016fj \u00fat\u011bk by zp\u016fsobilo v\u00e1\u017en\u00e9 \u0161kody na\u0161im dlouho trp\u00edc\u00edm lidem, mnoha lidem, a to j\u00e1 jako \u010destn\u00fd \u010dlov\u011bk, d\u0159\u00ed\u010d, vlastenec a k\u0159es\u0165an nemohu dovolit,\u201c napsal na Facebooku.<\/span><\/p>\n<p><span>Ji\u017e 19. z\u00e1\u0159\u00ed ozn\u00e1milo \u00e1zerb\u00e1jd\u017e\u00e1nsk\u00e9 ministerstvo obrany zah\u00e1jen\u00ed takzvan\u00fdch m\u00edstn\u00edch \u201eprotiteroristick\u00fdch opat\u0159en\u00ed\u201c v N\u00e1horn\u00edm Karabachu s c\u00edlem \u201eobnovit \u00fastavn\u00ed po\u0159\u00e1dek\u201c.<\/span><\/p>\n<p><span>O dva dny pozd\u011bji \u00e1zerb\u00e1jd\u017e\u00e1nsk\u00e9 \u00fa\u0159ady ozn\u00e1mily, \u017ee arm\u00e1da \u201e\u00fasp\u011b\u0161n\u011b dokon\u010dila v\u0161echny p\u0159id\u011blen\u00e9 \u00fakoly v N\u00e1horn\u00edm Karabachu a obnovila suverenitu\u201c sv\u00e9 zem\u011b.\u00a0\u00da\u0159ady N\u00e1horn\u00edho Karabachu na n\u00e1vrh rusk\u00fdch m\u00edrov\u00fdch sil vyhl\u00e1sily p\u0159\u00edm\u011b\u0159\u00ed.\u00a0Arm\u00e9nsk\u00fd premi\u00e9r Nikol Pa\u0161injan uvedl, \u017ee zem\u011b se ne\u00fa\u010dastnila jedn\u00e1n\u00ed mezi N\u00e1horn\u00edm Karabachem a \u00c1zerb\u00e1jd\u017e\u00e1nem.<\/span><\/p>\n<p><span>V\u00edce ne\u017e polovina obyvatel, p\u0159es 65 000 lid\u00ed, pot\u00e9 oblast a sv\u00e9 domovy opustila.\u00a0P\u0159i pokusu o vstup do Arm\u00e9nie byl \u00c1zerb\u00e1jd\u017e\u00e1nem zat\u010den podnikatel a b\u00fdval\u00fd st\u00e1tn\u00ed ministr Ruben Vardanjan, kter\u00fd d\u0159\u00edve vedl vl\u00e1du N\u00e1horn\u00edho Karabachu.<\/span><\/p>\n<p><img decoding=\"async\" loading=\"lazy\" class=\"alignnone size-full wp-image-1185\" src=\"http:\/\/www.infokuryr.cz\/n\/wp-content\/uploads\/2021\/04\/kuryr-podpis.png\" alt=\"\" width=\"84\" height=\"24\" \/><\/p>\n<p>&nbsp;<\/p>\n<p><a href=\"https:\/\/stranapro.cz\/\"><img decoding=\"async\" loading=\"lazy\" class=\"wp-image-30218 aligncenter\" src=\"http:\/\/www.infokuryr.cz\/n\/wp-content\/uploads\/2023\/06\/PRO-banner-300x36.png\" alt=\"\" width=\"1367\" height=\"164\" srcset=\"https:\/\/www.infokuryr.cz\/n\/wp-content\/uploads\/2023\/06\/PRO-banner-300x36.png 300w, https:\/\/www.infokuryr.cz\/n\/wp-content\/uploads\/2023\/06\/PRO-banner-768x93.png 768w, https:\/\/www.infokuryr.cz\/n\/wp-content\/uploads\/2023\/06\/PRO-banner.png 849w\" sizes=\"(max-width: 1367px) 100vw, 1367px\" \/><\/a><\/p>\n<p>&nbsp;<\/p>\n<p>&nbsp;<\/p>\n<p>&nbsp;<\/p>\n","protected":false},"excerpt":{"rendered":"<p>Prezident N\u00e1horn\u00edho Karabachu podepsal dekret o tom, \u017ee neuznan\u00e1 republika od p\u0159\u00ed\u0161t\u00edho roku ji\u017e nebude&#8230;<\/p>\n","protected":false},"author":2,"featured_media":37191,"comment_status":"closed","ping_status":"closed","sticky":false,"template":"","format":"standard","meta":[],"categories":[7],"tags":[2018,2965,165,3683,5816],"_links":{"self":[{"href":"https:\/\/www.infokuryr.cz\/n\/wp-json\/wp\/v2\/posts\/37190"}],"collection":[{"href":"https:\/\/www.infokuryr.cz\/n\/wp-json\/wp\/v2\/posts"}],"about":[{"href":"https:\/\/www.infokuryr.cz\/n\/wp-json\/wp\/v2\/types\/post"}],"author":[{"embeddable":true,"href":"https:\/\/www.infokuryr.cz\/n\/wp-json\/wp\/v2\/users\/2"}],"replies":[{"embeddable":true,"href":"https:\/\/www.infokuryr.cz\/n\/wp-json\/wp\/v2\/comments?post=37190"}],"version-history":[{"count":0,"href":"https:\/\/www.infokuryr.cz\/n\/wp-json\/wp\/v2\/posts\/37190\/revisions"}],"wp:featuredmedia":[{"embeddable":true,"href":"https:\/\/www.infokuryr.cz\/n\/wp-json\/wp\/v2\/media\/37191"}],"wp:attachment":[{"href":"https:\/\/www.infokuryr.cz\/n\/wp-json\/wp\/v2\/media?parent=37190"}],"wp:term":[{"taxonomy":"category","embeddable":true,"href":"https:\/\/www.infokuryr.cz\/n\/wp-json\/wp\/v2\/categories?post=37190"},{"taxonomy":"post_tag","embeddable":true,"href":"https:\/\/www.infokuryr.cz\/n\/wp-json\/wp\/v2\/tags?post=37190"}],"curies":[{"name":"wp","href":"https:\/\/api.w.org\/{rel}","templated":true}]}}