{"id":37172,"date":"2023-09-29T01:09:02","date_gmt":"2023-09-28T23:09:02","guid":{"rendered":"http:\/\/www.infokuryr.cz\/n\/?p=37172"},"modified":"2023-09-28T17:15:33","modified_gmt":"2023-09-28T15:15:33","slug":"7-hlavnich-duvodu-proc-dnes-potrebujete-druhy-pas","status":"publish","type":"post","link":"https:\/\/www.infokuryr.cz\/n\/2023\/09\/29\/7-hlavnich-duvodu-proc-dnes-potrebujete-druhy-pas\/","title":{"rendered":"7 hlavn\u00edch d\u016fvod\u016f, pro\u010d dnes pot\u0159ebujete druh\u00fd pas"},"content":{"rendered":"<div id=\"fb-root\"><\/div>\n<div class=\"elementor-element elementor-element-1fb4c2c elementor-widget elementor-widget-theme-post-content\" data-id=\"1fb4c2c\" data-element_type=\"widget\" data-widget_type=\"theme-post-content.default\">\n<div class=\"elementor-widget-container\">\n<p><span style=\"font-size: 18pt;\"><strong>P\u0159ed prvn\u00ed sv\u011btovou v\u00e1lkou jste k mezin\u00e1rodn\u00edmu cestov\u00e1n\u00ed nepot\u0159ebovali cestovn\u00ed pas.<\/strong><\/span><\/p>\n<p><span>Bylo jasn\u00e9, \u017ee suver\u00e9nn\u00ed osoba m\u016f\u017ee cestovat kamkoli, ani\u017e by kohokoli po\u017e\u00e1dala o svolen\u00ed.<\/span><\/p>\n<p><span>Cestov\u00e1n\u00ed u\u017e tak bohu\u017eel nefunguje.<\/span><\/p>\n<p><span>Va\u0161e takzvan\u00e1 svoboda pohybu z\u00e1vis\u00ed na obdr\u017een\u00ed po\u017eehn\u00e1n\u00ed n\u011bkolika vl\u00e1d.<\/span><\/p>\n<p><span>Budete pot\u0159ebovat cestovn\u00ed pas od vl\u00e1dy sv\u00e9 domovsk\u00e9 zem\u011b \u2013 p\u0159\u00edpadn\u011b s va\u0161imi nem\u011bnn\u00fdmi biometrick\u00fdmi \u00fadaji \u2013 v\u00edzum od vl\u00e1dy va\u0161\u00ed c\u00edlov\u00e9 zem\u011b a dal\u0161\u00ed v\u00edza od vl\u00e1d jak\u00e9koli zem\u011b, kterou na sv\u00e9 cest\u011b proj\u00ed\u017ed\u00edte.<\/span><\/p>\n<p><span>Krom\u011b pas\u016f a v\u00edz mohou vl\u00e1dy zav\u00e9st sm\u011b\u0161n\u00e9 a invazivn\u00ed zdravotn\u00ed podm\u00ednky pro vstup na jejich \u00fazem\u00ed, jak uk\u00e1zala masov\u00e1 hysterie Covid.<\/span><\/p>\n<p><span>Nam\u00edsto nezciziteln\u00e9ho pr\u00e1va vl\u00e1dy pova\u017euj\u00ed cestov\u00e1n\u00ed za zvl\u00e1\u0161tn\u00ed privilegium, kter\u00e9 ud\u011bluj\u00ed sv\u00fdm ob\u010dan\u016fm a kter\u00e9 mohou b\u00fdt zru\u0161eny, pokud se nebudou chovat \u2013 tak, jak dosp\u011bl\u00fd p\u0159istupuje k \u017e\u00e1dosti d\u00edt\u011bte o n\u00e1v\u0161t\u011bvu p\u0159\u00edtele.<\/span><\/p>\n<p><span>Ve skute\u010dnosti cestovn\u00ed pasy cestov\u00e1n\u00ed neusnad\u0148uj\u00ed.\u00a0Jsou n\u00e1strojem pou\u017e\u00edvan\u00fdm vl\u00e1dami ke kontrole a n\u00e1tlaku.\u00a0Sv\u011bt by byl bez nich lep\u0161\u00ed.<\/span><\/p>\n<p><span>Bohu\u017eel pasy nezmiz\u00ed.<\/span><\/p>\n<p><span>K cestov\u00e1n\u00ed budete st\u00e1le pot\u0159ebovat cestovn\u00ed pas a m\u016f\u017eete m\u00edt v\u00edce ne\u017e jeden pas, abyste oslabili schopnost vl\u00e1dy va\u0161\u00ed domovsk\u00e9 zem\u011b v\u00e1s kontrolovat.<\/span><\/p>\n<p><span>Stru\u010dn\u011b \u0159e\u010deno, z\u00edsk\u00e1n\u00ed druh\u00e9ho pasu je z\u00e1sadn\u00ed pro to, abyste se osvobodili od absolutn\u00ed z\u00e1vislosti na zemi.\u00a0Jakmile m\u00e1te tuto svobodu, je pro jakoukoli vl\u00e1du mnohem t\u011b\u017e\u0161\u00ed v\u00e1s donutit nebo ovl\u00e1dat v\u00e1\u0161 osud.<\/span><\/p>\n<p><span>Druh\u00fd pas v\u00e1m mimo jin\u00e9 umo\u017e\u0148uje investovat, bankovat, cestovat, \u017e\u00edt a podnikat na m\u00edstech, kam byste se jinak nedostali.<\/span><\/p>\n<p><span>Bez ohledu na to, kde \u017eijete, m\u016f\u017eete skl\u00edzet v\u00fdhody politick\u00e9 diverzifikace, kter\u00e9 p\u0159in\u00e1\u0161\u00ed druh\u00fd pas.<\/span><\/p>\n<p><span>Zde je sedm hlavn\u00edch d\u016fvod\u016f, pro\u010d ka\u017ed\u00fd pot\u0159ebuje druh\u00fd pas.<\/span><\/p>\n<p class=\"has-medium-font-size\"><span style=\"font-size: 18pt;\"><strong>D\u016fvod \u010d. 1: Zru\u0161en\u00ed cestovn\u00edch omezen\u00ed<\/strong><\/span><\/p>\n<p><span>Druh\u00fd pas br\u00e1n\u00ed vl\u00e1d\u011b uv\u011bznit v\u00e1s.<\/span><\/p>\n<p><span>Bez n\u011bj v\u00e1s vl\u00e1da m\u016f\u017ee uvalit do dom\u00e1c\u00edho v\u011bzen\u00ed zru\u0161en\u00edm va\u0161eho pasu, pokud jej m\u00e1te.<\/span><\/p>\n<p><span>Kdy\u017e se nap\u0159\u00edklad Castro dostal k moci na Kub\u011b, musela vl\u00e1da od sv\u00fdch ob\u010dan\u016f vy\u017eadovat v\u00fdjezdn\u00ed v\u00edzum, aby mohli ostrov opustit.\u00a0Ty nebyly vyd\u00e1v\u00e1ny snadno.<\/span><\/p>\n<p><span>Br\u00e1nit lidem v odchodu ze zem\u011b bylo v\u017edy charakteristick\u00fdm znakem autorit\u00e1\u0159sk\u00fdch re\u017eim\u016f.<\/span><\/p>\n<p><span>Bohu\u017eel tato praxe nar\u016fst\u00e1 i v takzvan\u00fdch liber\u00e1ln\u00edch demokraci\u00edch.<\/span><\/p>\n<p><span>Vezm\u011bme si totalitn\u00ed cestovn\u00ed omezen\u00ed, kter\u00e1 Kanada, Austr\u00e1lie a dal\u0161\u00ed zem\u011b zavedly b\u011bhem masov\u00e9 hysterie Covidien a br\u00e1n\u00ed jejich ob\u010dan\u016fm opustit zemi, pokud neprojdou experiment\u00e1ln\u00ed l\u00e9\u010dbou.<\/span><\/p>\n<p><span>V USA m\u016f\u017ee vl\u00e1da zabavit v\u00e1\u0161 pas, pokud m\u00e1te mal\u00e9 da\u0148ov\u00e9 dluhy nebo jste obvin\u011bni z trestn\u00e9ho \u010dinu.\u00a0Nemus\u00edte b\u00fdt odsouzen, sta\u010d\u00ed obvin\u011bn\u00ed.<\/span><\/p>\n<p><span>Mnoho lid\u00ed si mysl\u00ed, \u017ee zlo\u010diny jsou pouze z\u00e1va\u017en\u00e9 zlo\u010diny, jako je loupe\u017e nebo vra\u017eda.\u00a0Ale to nen\u00ed pravda.<\/span><\/p>\n<p><span>St\u00e1le rostouc\u00ed hora z\u00e1kon\u016f a na\u0159\u00edzen\u00ed kriminalizovala i ty nejv\u0161edn\u011bj\u0161\u00ed v\u011bci.\u00a0Sp\u00e1chat trestn\u00fd \u010din nen\u00ed tak t\u011b\u017ek\u00e9.\u00a0Mnoh\u00e9 \u201ezlo\u010diny\u201c bez ob\u011bt\u00ed jsou trestn\u00fdmi \u010diny.<\/span><\/p>\n<p><span>Pr\u00e1vn\u00edk pro lidsk\u00e1 pr\u00e1va Harvey Silverglate zjistil, \u017ee pr\u016fm\u011brn\u00fd Ameri\u010dan ka\u017ed\u00fd den n\u00e1hodn\u011b sp\u00e1ch\u00e1 t\u0159i zlo\u010diny.<\/span><\/p>\n<p><span>Tak\u017ee pokud chce americk\u00e1 vl\u00e1da zru\u0161it v\u00e1\u0161 americk\u00fd pas, m\u016f\u017ee naj\u00edt n\u011bjakou formu formality, jak to ud\u011blat&#8230;pro kohokoli.<\/span><\/p>\n<p><span>Je to jako star\u00e9 p\u0159\u00edslov\u00ed ze Sov\u011btsk\u00e9ho svazu: &#8222;Uka\u017e mi toho \u010dlov\u011bka a j\u00e1 ti uk\u00e1\u017eu zlo\u010din.&#8220;<\/span><\/p>\n<p><span>To je z\u00e1klad.<\/span><\/p>\n<p><span>Pokud zast\u00e1v\u00e1te politick\u00fd n\u00e1zor, kter\u00fd se vl\u00e1d\u011b nel\u00edb\u00ed, nesm\u00edte se divit, \u017ee je va\u0161e svoboda pohybu omezena.<\/span><\/p>\n<p><span>To se samoz\u0159ejm\u011b net\u00fdk\u00e1 jen americk\u00e9 vl\u00e1dy.<\/span><\/p>\n<p><span>Jak\u00e1koli vl\u00e1da m\u016f\u017ee zru\u0161it nebo zru\u0161it pas sv\u00fdm ob\u010dan\u016fm, jak uzn\u00e1 za vhodn\u00e9.<\/span><\/p>\n<p><span>Proto\u017ee \u201ev\u00e1\u0161\u201c pas nen\u00ed va\u0161\u00edm osobn\u00edm majetkem, ale pat\u0159\u00ed vl\u00e1d\u011b, kter\u00e1 ho vydala.<\/span><\/p>\n<p><span>M\u00edt druh\u00fd pas pom\u00e1h\u00e1 toto riziko sn\u00ed\u017eit.<\/span><\/p>\n<p><span style=\"font-size: 18pt;\"><strong>D\u016fvod 2: V\u00edce finan\u010dn\u00edch mo\u017enost\u00ed<\/strong><\/span><\/p>\n<p><span>Druh\u00fd pas otev\u00edr\u00e1 dve\u0159e k mezin\u00e1rodn\u00edm finan\u010dn\u00edm slu\u017eb\u00e1m, kter\u00e9 by v\u00e1m jinak mohly b\u00fdt uzav\u0159eny.<\/span><\/p>\n<p><span>Kv\u016fli t\u011b\u017ekop\u00e1dn\u00fdm a p\u0159ehnan\u00fdm americk\u00fdm p\u0159edpis\u016fm nyn\u00ed mnoho, ale je\u0161t\u011b ne v\u0161echny, zahrani\u010dn\u00ed finan\u010dn\u00ed instituce odm\u00edtaj\u00ed z\u00e1kazn\u00edky, kte\u0159\u00ed p\u0159edlo\u017e\u00ed americk\u00fd pas.\u00a0Proto, aby byl p\u0159ijat jako z\u00e1kazn\u00edk, m\u016f\u017ee b\u00fdt nutn\u00e9 p\u0159edlo\u017eit cestovn\u00ed pas z jin\u00e9 zem\u011b.<\/span><\/p>\n<p><span>Tot\u00e9\u017e plat\u00ed pro lidi s pasy z jin\u00fdch zem\u00ed s politickou minulost\u00ed.<\/span><\/p>\n<p><span>Hodn\u011b \u0161t\u011bst\u00ed p\u0159i otev\u00edr\u00e1n\u00ed \u00fa\u010dtu v renomovan\u00e9 zemi s pasem z Afriky, Bl\u00edzk\u00e9ho v\u00fdchodu nebo zem\u011b na Washingtonov\u011b seznamu zla.<\/span><\/p>\n<p><span>Tento probl\u00e9m by mohl vy\u0159e\u0161it druh\u00fd pas.<\/span><\/p>\n<p class=\"has-medium-font-size\"><span style=\"font-size: 18pt;\"><strong>D\u016fvod 3: V\u00edce bezv\u00edzov\u00e9ho styku<\/strong><\/span><\/p>\n<p><span>Po\u017e\u00e1dat o v\u00edzum p\u0159ed cestou je opravdov\u00e1 v\u00fdzva.\u00a0M\u016f\u017ee to b\u00fdt frustruj\u00edc\u00ed, \u010dasov\u011b n\u00e1ro\u010dn\u00e9 a drah\u00e9.\u00a0Nav\u00edc m\u016f\u017eete b\u00fdt odm\u00edtnuti.<\/span><\/p>\n<p><span>S dobr\u00fdm druh\u00fdm pasem m\u016f\u017eete bez v\u00edza vstoupit do v\u00edce zem\u00ed.<\/span><\/p>\n<p><span>Na sv\u011bt\u011b je 227 zem\u00ed a politick\u00fdch subjekt\u016f.<\/span><\/p>\n<p><span>Japonsk\u00fd pas je nejlep\u0161\u00ed na sv\u011bt\u011b, pokud jde o bezv\u00edzov\u00fd styk.\u00a0S n\u00edm m\u016f\u017eete vstoupit do 193 zem\u00ed, ani\u017e byste museli nejprve \u017e\u00e1dat o v\u00edzum.<\/span><\/p>\n<p class=\"has-medium-font-size\"><span style=\"font-size: 18pt;\"><strong>D\u016fvod \u010d. 4: Vyhn\u011bte se zahrani\u010dn\u011bpolitick\u00fdm ne\u00fasp\u011bch\u016fm<\/strong><\/span><\/p>\n<p><span>P\u0159edpokl\u00e1dejme, \u017ee va\u0161e dom\u00e1c\u00ed vl\u00e1da m\u00e1 \u0161patn\u00fd zvyk zasahovat do vnit\u0159n\u00edch z\u00e1le\u017eitost\u00ed jin\u00fdch zem\u00ed.\u00a0To z v\u00e1s m\u016f\u017ee ud\u011blat c\u00edl, pokud jste ve \u0161patnou dobu na \u0161patn\u00e9m m\u00edst\u011b.<\/span><\/p>\n<p><span>Jsou pasy, kde je riziko zahrani\u010dn\u00ed politiky minim\u00e1ln\u00ed.<\/span><\/p>\n<p><span>Kdy jste naposledy sly\u0161eli o n\u011bkom, kdo se zam\u011b\u0159oval na \u0161v\u00fdcarsk\u00fd pas nebo zat\u00fdkal Uruguayce?<\/span><\/p>\n<p class=\"has-medium-font-size\"><span style=\"font-size: 18pt;\"><strong>D\u016fvod \u010d. 5: Nemus\u00edte \u017e\u00edt jako uprchl\u00edk<\/strong><\/span><\/p>\n<p><span>Druh\u00fdm pasem je poji\u0161t\u011bn\u00ed mobility pro v\u00e1s a va\u0161i rodinu.<\/span><\/p>\n<p><span>P\u0159edstavte si, \u017ee se va\u0161e vlast zhrout\u00ed, jako Rusko ve 20. letech nebo N\u011bmecko ve 30. letech 20. stolet\u00ed.<\/span><\/p>\n<p><span>Stejn\u00e9mu probl\u00e9mu dnes \u010del\u00ed ob\u010dan\u00e9 Venezuely, S\u00fdrie, Ir\u00e1ku, Jemenu, Libye, Afgh\u00e1nist\u00e1nu, Ukrajiny a mnoha dal\u0161\u00edch zem\u00ed.<\/span><\/p>\n<p><span>kam p\u016fjdou?\u00a0Budou zahrnuty?<\/span><\/p>\n<p><span>Pravdou je, \u017ee kter\u00e1koli zem\u011b se m\u016f\u017ee zm\u011bnit ve Venezuelu \u2013 nebo je\u0161t\u011b h\u016f\u0159 \u2013 rychleji, ne\u017e si v\u011bt\u0161ina dok\u00e1\u017ee p\u0159edstavit nebo na co je p\u0159ipravena.<\/span><\/p>\n<p><span>Bez ohledu na to, jak \u0161patn\u00e1 je situace ve va\u0161\u00ed domovsk\u00e9 zemi, druh\u00fd pas v\u00e1m d\u00e1v\u00e1 pr\u00e1vo \u017e\u00edt a pracovat jinde.<\/span><\/p>\n<p><span>Zaru\u010duje v\u00e1m, \u017ee pokud se v\u00e1m poda\u0159\u00ed uprchnout, nebudete muset \u017e\u00edt jako uprchl\u00edk.<\/span><\/p>\n<p class=\"has-medium-font-size\"><span style=\"font-size: 18pt;\"><strong>D\u016fvod \u010d. 6: Vzd\u00e1n\u00ed se pr\u00e1va<\/strong><\/span><\/p>\n<p><span>Pokud se vzd\u00e1te ob\u010danstv\u00ed, budete pot\u0159ebovat druh\u00fd pas.<\/span><\/p>\n<p><span>To v\u00e1m m\u016f\u017ee poskytnout obrovsk\u00e9 da\u0148ov\u00e9 a pr\u00e1vn\u00ed v\u00fdhody, pokud va\u0161e domovsk\u00e1 zem\u011b zat\u011b\u017euje sv\u00e9 ob\u010dany represivn\u00edmi a nevyhnuteln\u00fdmi dan\u011bmi, jako to d\u011blaj\u00ed Spojen\u00e9 st\u00e1ty.<\/span><\/p>\n<p><span>To se ale net\u00fdk\u00e1 jen USA.<\/span><\/p>\n<p><span>N\u011bkolik dal\u0161\u00edch zem\u00ed zva\u017euje zaveden\u00ed podobn\u00e9ho da\u0148ov\u00e9ho modelu zalo\u017een\u00e9ho na ob\u010danstv\u00ed, kde jedin\u00fdm v\u00fdchodiskem je vzd\u00e1t se ob\u010danstv\u00ed.<\/span><\/p>\n<p><span>Druh\u00fd pr\u016fchod zaji\u0161\u0165uje, \u017ee budete m\u00edt v\u017edy mo\u017enost vystoupit.<\/span><\/p>\n<p class=\"has-medium-font-size\"><span style=\"font-size: 18pt;\"><strong>D\u016fvod 7: V\u00fdhody pro celou generaci<\/strong><\/span><\/p>\n<p><span>Dr\u017een\u00ed druh\u00e9ho pasu v\u00e1m umo\u017e\u0148uje t\u011b\u017eit z v\u00fdhod politick\u00e9 diverzifikace nap\u0159\u00ed\u010d generacemi.<\/span><\/p>\n<p><span>Sv\u00fdm budouc\u00edm d\u011btem a vnou\u010dat\u016fm m\u016f\u017eete p\u0159edat v\u00edce n\u00e1rodnost\u00ed.<\/span><br \/>\n<span>Ne snadn\u00e9, ale nutn\u00e9<\/span><\/p>\n<p><span>\u010c\u00edm jsou vl\u00e1dy zoufalej\u0161\u00ed, t\u00edm jsou jejich politiky destruktivn\u011bj\u0161\u00ed.<\/span><\/p>\n<p><span>Tento vzorec se opakuje po cel\u00e9m sv\u011bt\u011b a v cel\u00e9 historii.\u00a0Je to p\u0159edv\u00eddateln\u00e9 jako st\u0159\u00edd\u00e1n\u00ed ro\u010dn\u00edch obdob\u00ed.<\/span><\/p>\n<p><span>\u010c\u00edm hor\u0161\u00ed je fisk\u00e1ln\u00ed situace vl\u00e1dy, t\u00edm destruktivn\u011bj\u0161\u00ed je jej\u00ed politika.<\/span><\/p>\n<p><span>To je ko\u0159enem politick\u00e9ho rizika \u2013 rizika pro va\u0161e osobn\u00ed a finan\u010dn\u00ed blaho ze strany va\u0161\u00ed vl\u00e1dy.<\/span><\/p>\n<p><span>Nen\u00ed \u017e\u00e1dn\u00fdm tajemstv\u00edm, \u017ee politick\u00e9 riziko v mnoha \u010d\u00e1stech sv\u011bta nar\u016fst\u00e1.\u00a0To plat\u00ed zejm\u00e9na ve Spojen\u00fdch st\u00e1tech, Kanad\u011b a Evrop\u011b, kde v\u011bt\u0161ina vl\u00e1d zkrachovala kv\u016fli p\u0159\u00ed\u0161ern\u00fdm v\u00fddaj\u016fm na soci\u00e1ln\u00ed zabezpe\u010den\u00ed a v\u00e1lky.<\/span><\/p>\n<p><span>Nez\u00e1le\u017e\u00ed na tom, kter\u00e1 strana je aktu\u00e1ln\u011b u moci.\u00a0V\u0161echny se pohybuj\u00ed stejn\u00fdm sm\u011brem, i kdy\u017e r\u016fznou rychlost\u00ed.<\/span><\/p>\n<p><span>Pln\u011b o\u010dek\u00e1v\u00e1m, \u017ee vl\u00e1dy brzy zavedou dal\u0161\u00ed cestovn\u00ed omezen\u00ed.<\/span><\/p>\n<p><span>V\u00fdhody druh\u00e9ho pasu pro politickou diverzifikaci jsou z\u00e1sadn\u00ed pro zaji\u0161t\u011bn\u00ed svobody v m\u011bn\u00edc\u00edm se sv\u011bt\u011b.<\/span><\/p>\n<p><span>Bohu\u017eel neexistuje \u017e\u00e1dn\u00e1 cesta k leg\u00e1ln\u00edmu druh\u00e9mu pasu, kter\u00e1 by byla rychl\u00e1, snadn\u00e1 a z\u00e1rove\u0148 levn\u00e1.<\/span><\/p>\n<p><span>To v\u0161ak neznamen\u00e1, \u017ee z\u00edsk\u00e1n\u00ed druh\u00e9ho pasu je m\u00e9n\u011b nal\u00e9hav\u00e9 nebo d\u016fle\u017eit\u00e9.<\/span><\/p>\n<\/div>\n<\/div>\n<div class=\"elementor-element elementor-element-8c57238 quelle dc-has-condition dc-condition-empty elementor-widget elementor-widget-heading\" data-id=\"8c57238\" data-element_type=\"widget\" data-widget_type=\"heading.default\">\n<div class=\"elementor-widget-container\">\n<h3 class=\"elementor-heading-title elementor-size-default\"><span style=\"font-size: 8pt;\"><a href=\"https:\/\/internationalman.com\/articles\/second-passports\/\" target=\"_blank\" rel=\"nofollow noopener\">ZDROJ<\/a><\/span><\/h3>\n<\/div>\n<\/div>\n<p>&nbsp;<\/p>\n<p><a href=\"https:\/\/stranapro.cz\/\"><img decoding=\"async\" loading=\"lazy\" class=\"wp-image-30218 aligncenter\" src=\"http:\/\/www.infokuryr.cz\/n\/wp-content\/uploads\/2023\/06\/PRO-banner-300x36.png\" alt=\"\" width=\"1367\" height=\"164\" srcset=\"https:\/\/www.infokuryr.cz\/n\/wp-content\/uploads\/2023\/06\/PRO-banner-300x36.png 300w, https:\/\/www.infokuryr.cz\/n\/wp-content\/uploads\/2023\/06\/PRO-banner-768x93.png 768w, https:\/\/www.infokuryr.cz\/n\/wp-content\/uploads\/2023\/06\/PRO-banner.png 849w\" sizes=\"(max-width: 1367px) 100vw, 1367px\" \/><\/a><\/p>\n<p>&nbsp;<\/p>\n<p>&nbsp;<\/p>\n<p>&nbsp;<\/p>\n","protected":false},"excerpt":{"rendered":"<p>P\u0159ed prvn\u00ed sv\u011btovou v\u00e1lkou jste k mezin\u00e1rodn\u00edmu cestov\u00e1n\u00ed nepot\u0159ebovali cestovn\u00ed pas. Bylo jasn\u00e9, \u017ee suver\u00e9nn\u00ed&#8230;<\/p>\n","protected":false},"author":2,"featured_media":37173,"comment_status":"closed","ping_status":"closed","sticky":false,"template":"","format":"standard","meta":[],"categories":[7],"tags":[201,242,122,490],"_links":{"self":[{"href":"https:\/\/www.infokuryr.cz\/n\/wp-json\/wp\/v2\/posts\/37172"}],"collection":[{"href":"https:\/\/www.infokuryr.cz\/n\/wp-json\/wp\/v2\/posts"}],"about":[{"href":"https:\/\/www.infokuryr.cz\/n\/wp-json\/wp\/v2\/types\/post"}],"author":[{"embeddable":true,"href":"https:\/\/www.infokuryr.cz\/n\/wp-json\/wp\/v2\/users\/2"}],"replies":[{"embeddable":true,"href":"https:\/\/www.infokuryr.cz\/n\/wp-json\/wp\/v2\/comments?post=37172"}],"version-history":[{"count":1,"href":"https:\/\/www.infokuryr.cz\/n\/wp-json\/wp\/v2\/posts\/37172\/revisions"}],"predecessor-version":[{"id":37174,"href":"https:\/\/www.infokuryr.cz\/n\/wp-json\/wp\/v2\/posts\/37172\/revisions\/37174"}],"wp:featuredmedia":[{"embeddable":true,"href":"https:\/\/www.infokuryr.cz\/n\/wp-json\/wp\/v2\/media\/37173"}],"wp:attachment":[{"href":"https:\/\/www.infokuryr.cz\/n\/wp-json\/wp\/v2\/media?parent=37172"}],"wp:term":[{"taxonomy":"category","embeddable":true,"href":"https:\/\/www.infokuryr.cz\/n\/wp-json\/wp\/v2\/categories?post=37172"},{"taxonomy":"post_tag","embeddable":true,"href":"https:\/\/www.infokuryr.cz\/n\/wp-json\/wp\/v2\/tags?post=37172"}],"curies":[{"name":"wp","href":"https:\/\/api.w.org\/{rel}","templated":true}]}}