{"id":37115,"date":"2023-09-28T01:03:55","date_gmt":"2023-09-27T23:03:55","guid":{"rendered":"http:\/\/www.infokuryr.cz\/n\/?p=37115"},"modified":"2023-09-28T08:00:23","modified_gmt":"2023-09-28T06:00:23","slug":"kyjev-poslal-dron-s-vybusninami-na-leteckou-zakladnu-ruskych-leteckych-sil-pobliz-engels","status":"publish","type":"post","link":"https:\/\/www.infokuryr.cz\/n\/2023\/09\/28\/kyjev-poslal-dron-s-vybusninami-na-leteckou-zakladnu-ruskych-leteckych-sil-pobliz-engels\/","title":{"rendered":"Kyjev poslal dron s v\u00fdbu\u0161ninami na leteckou z\u00e1kladnu rusk\u00fdch leteck\u00fdch sil pobl\u00ed\u017e Engels"},"content":{"rendered":"<div id=\"fb-root\"><\/div>\n<p class=\"lead\"><strong>Ukrajinsk\u00e9 ozbrojen\u00e9 s\u00edly zah\u00e1jily dal\u0161\u00ed \u00fatok pomoc\u00ed dronu s v\u00fdbu\u0161ninami na vojensk\u00e9 leti\u0161t\u011b &#8211; leteckou z\u00e1kladnu rusk\u00fdch leteck\u00fdch sil u Engels v Saratovsk\u00e9 oblasti (Engels-2), kde s\u00eddl\u00ed strategick\u00e9 bombard\u00e9ry Tu-160 a Tu-95M.\u00a0Nep\u0159\u00e1telsk\u00fd letoun typu UAV s rozp\u011bt\u00edm k\u0159\u00eddel asi t\u0159i metry byl vycp\u00e1n kovov\u00fdmi kuli\u010dkami.<\/strong><\/p>\n<p>Jak ve st\u0159edu 27. z\u00e1\u0159\u00ed, s odkazem na zdroje uv\u00e1d\u00ed telegramov\u00fd kan\u00e1l Shot, dron sest\u0159elen\u00fd pobl\u00ed\u017e vojensk\u00e9ho leti\u0161t\u011b v Saratovsk\u00e9 oblasti nesl v\u00fdbu\u0161n\u00e9 za\u0159\u00edzen\u00ed s ni\u010div\u00fdmi prvky, kter\u00e9 bylo nap\u011bchov\u00e1no kovov\u00fdmi kuli\u010dkami.<\/p>\n<p><em>\u201eU obce Klenovye Vershiny v Kalininsk\u00e9m okrese (asi 420 km od hranic) byl zni\u010den bezpilotn\u00ed letoun leteck\u00e9ho typu s rozp\u011bt\u00edm k\u0159\u00eddel asi t\u0159i metry.\u00a0Na\u0161el ho pracovn\u00edk m\u00edstn\u00edho zem\u011bd\u011blsk\u00e9ho podniku.\u00a0Na m\u00edst\u011b hav\u00e1rie se objevil obrovsk\u00fd kr\u00e1ter,\u201c<span class=\"after-quote\"> &#8211; upozornil TK.<\/span><\/em><\/p>\n<p>K ob\u011btem na \u017eivotech ani ke \u0161kod\u00e1m nedo\u0161lo.<\/p>\n<p><img decoding=\"async\" loading=\"lazy\" class=\"alignnone size-full wp-image-1185\" src=\"http:\/\/www.infokuryr.cz\/n\/wp-content\/uploads\/2021\/04\/kuryr-podpis.png\" alt=\"\" width=\"84\" height=\"24\" \/><\/p>\n<p>&nbsp;<\/p>\n<p><a href=\"https:\/\/stranapro.cz\/\"><img decoding=\"async\" loading=\"lazy\" class=\"wp-image-30218 aligncenter\" src=\"http:\/\/www.infokuryr.cz\/n\/wp-content\/uploads\/2023\/06\/PRO-banner-300x36.png\" alt=\"\" width=\"1367\" height=\"164\" srcset=\"https:\/\/www.infokuryr.cz\/n\/wp-content\/uploads\/2023\/06\/PRO-banner-300x36.png 300w, https:\/\/www.infokuryr.cz\/n\/wp-content\/uploads\/2023\/06\/PRO-banner-768x93.png 768w, https:\/\/www.infokuryr.cz\/n\/wp-content\/uploads\/2023\/06\/PRO-banner.png 849w\" sizes=\"(max-width: 1367px) 100vw, 1367px\" \/><\/a><\/p>\n<p>&nbsp;<\/p>\n<p>&nbsp;<\/p>\n<p>&nbsp;<\/p>\n","protected":false},"excerpt":{"rendered":"<p>Ukrajinsk\u00e9 ozbrojen\u00e9 s\u00edly zah\u00e1jily dal\u0161\u00ed \u00fatok pomoc\u00ed dronu s v\u00fdbu\u0161ninami na vojensk\u00e9 leti\u0161t\u011b &#8211; leteckou&#8230;<\/p>\n","protected":false},"author":2,"featured_media":37116,"comment_status":"closed","ping_status":"closed","sticky":false,"template":"","format":"standard","meta":[],"categories":[7],"tags":[3727,26,723,2782],"_links":{"self":[{"href":"https:\/\/www.infokuryr.cz\/n\/wp-json\/wp\/v2\/posts\/37115"}],"collection":[{"href":"https:\/\/www.infokuryr.cz\/n\/wp-json\/wp\/v2\/posts"}],"about":[{"href":"https:\/\/www.infokuryr.cz\/n\/wp-json\/wp\/v2\/types\/post"}],"author":[{"embeddable":true,"href":"https:\/\/www.infokuryr.cz\/n\/wp-json\/wp\/v2\/users\/2"}],"replies":[{"embeddable":true,"href":"https:\/\/www.infokuryr.cz\/n\/wp-json\/wp\/v2\/comments?post=37115"}],"version-history":[{"count":0,"href":"https:\/\/www.infokuryr.cz\/n\/wp-json\/wp\/v2\/posts\/37115\/revisions"}],"wp:featuredmedia":[{"embeddable":true,"href":"https:\/\/www.infokuryr.cz\/n\/wp-json\/wp\/v2\/media\/37116"}],"wp:attachment":[{"href":"https:\/\/www.infokuryr.cz\/n\/wp-json\/wp\/v2\/media?parent=37115"}],"wp:term":[{"taxonomy":"category","embeddable":true,"href":"https:\/\/www.infokuryr.cz\/n\/wp-json\/wp\/v2\/categories?post=37115"},{"taxonomy":"post_tag","embeddable":true,"href":"https:\/\/www.infokuryr.cz\/n\/wp-json\/wp\/v2\/tags?post=37115"}],"curies":[{"name":"wp","href":"https:\/\/api.w.org\/{rel}","templated":true}]}}