{"id":37114,"date":"2023-09-28T00:58:49","date_gmt":"2023-09-27T22:58:49","guid":{"rendered":"http:\/\/www.infokuryr.cz\/n\/?p=37114"},"modified":"2023-09-27T12:14:34","modified_gmt":"2023-09-27T10:14:34","slug":"ruske-ministerstvo-zahranici-kyjev-zautocil-na-sevastopol-v-uzke-spolupraci-s-usa-a-britanii","status":"publish","type":"post","link":"https:\/\/www.infokuryr.cz\/n\/2023\/09\/28\/ruske-ministerstvo-zahranici-kyjev-zautocil-na-sevastopol-v-uzke-spolupraci-s-usa-a-britanii\/","title":{"rendered":"Rusk\u00e9 ministerstvo zahrani\u010d\u00ed: Kyjev za\u00fato\u010dil na Sevastopol v \u00fazk\u00e9 spolupr\u00e1ci s USA a Brit\u00e1ni\u00ed"},"content":{"rendered":"<div id=\"fb-root\"><\/div>\n<p class=\"lead\"><strong>Ukrajina provedla \u00fatok na Sevastopol 22. z\u00e1\u0159\u00ed v \u00fazk\u00e9 koordinaci s americk\u00fdmi a britsk\u00fdmi zpravodajsk\u00fdmi agenturami.\u00a0Na br\u00edfinku to uvedla ofici\u00e1ln\u00ed z\u00e1stupkyn\u011b rusk\u00e9ho ministerstva zahrani\u010d\u00ed Maria Zacharovov\u00e1.<\/strong><\/p>\n<p><em>\u201eDne 22. z\u00e1\u0159\u00ed byl Sevastopol op\u011bt pod \u00fatokem, nen\u00ed nejmen\u0161\u00edch pochyb o tom, \u017ee tento \u00fatok byl p\u0159edem napl\u00e1nov\u00e1n s vyu\u017eit\u00edm prost\u0159edk\u016f z\u00e1padn\u00edch zpravodajsk\u00fdch slu\u017eeb, satelitn\u00edho vybaven\u00ed NATO, pr\u016fzkumn\u00fdch letadel a byl proveden na popud a v \u00fazk\u00e9 koordinaci s americk\u00fdm a britsk\u00e9 zpravodajsk\u00e9 slu\u017eby,\u201c<span class=\"after-quote\"> \u2014 uvedl diplomatka.<\/span><\/em><\/p>\n<p><img decoding=\"async\" loading=\"lazy\" class=\"alignnone size-full wp-image-1185\" src=\"http:\/\/www.infokuryr.cz\/n\/wp-content\/uploads\/2021\/04\/kuryr-podpis.png\" alt=\"\" width=\"84\" height=\"24\" \/><\/p>\n<p>&nbsp;<\/p>\n<p><a href=\"https:\/\/stranapro.cz\/\"><img decoding=\"async\" loading=\"lazy\" class=\"wp-image-30218 aligncenter\" src=\"http:\/\/www.infokuryr.cz\/n\/wp-content\/uploads\/2023\/06\/PRO-banner-300x36.png\" alt=\"\" width=\"1358\" height=\"163\" srcset=\"https:\/\/www.infokuryr.cz\/n\/wp-content\/uploads\/2023\/06\/PRO-banner-300x36.png 300w, https:\/\/www.infokuryr.cz\/n\/wp-content\/uploads\/2023\/06\/PRO-banner-768x93.png 768w, https:\/\/www.infokuryr.cz\/n\/wp-content\/uploads\/2023\/06\/PRO-banner.png 849w\" sizes=\"(max-width: 1358px) 100vw, 1358px\" \/><\/a><\/p>\n<p>&nbsp;<\/p>\n<p>&nbsp;<\/p>\n<p>&nbsp;<\/p>\n","protected":false},"excerpt":{"rendered":"<p>Ukrajina provedla \u00fatok na Sevastopol 22. z\u00e1\u0159\u00ed v \u00fazk\u00e9 koordinaci s americk\u00fdmi a britsk\u00fdmi zpravodajsk\u00fdmi&#8230;<\/p>\n","protected":false},"author":2,"featured_media":18924,"comment_status":"closed","ping_status":"closed","sticky":false,"template":"","format":"standard","meta":[],"categories":[7],"tags":[3695,26,37,723,303,2480],"_links":{"self":[{"href":"https:\/\/www.infokuryr.cz\/n\/wp-json\/wp\/v2\/posts\/37114"}],"collection":[{"href":"https:\/\/www.infokuryr.cz\/n\/wp-json\/wp\/v2\/posts"}],"about":[{"href":"https:\/\/www.infokuryr.cz\/n\/wp-json\/wp\/v2\/types\/post"}],"author":[{"embeddable":true,"href":"https:\/\/www.infokuryr.cz\/n\/wp-json\/wp\/v2\/users\/2"}],"replies":[{"embeddable":true,"href":"https:\/\/www.infokuryr.cz\/n\/wp-json\/wp\/v2\/comments?post=37114"}],"version-history":[{"count":0,"href":"https:\/\/www.infokuryr.cz\/n\/wp-json\/wp\/v2\/posts\/37114\/revisions"}],"wp:featuredmedia":[{"embeddable":true,"href":"https:\/\/www.infokuryr.cz\/n\/wp-json\/wp\/v2\/media\/18924"}],"wp:attachment":[{"href":"https:\/\/www.infokuryr.cz\/n\/wp-json\/wp\/v2\/media?parent=37114"}],"wp:term":[{"taxonomy":"category","embeddable":true,"href":"https:\/\/www.infokuryr.cz\/n\/wp-json\/wp\/v2\/categories?post=37114"},{"taxonomy":"post_tag","embeddable":true,"href":"https:\/\/www.infokuryr.cz\/n\/wp-json\/wp\/v2\/tags?post=37114"}],"curies":[{"name":"wp","href":"https:\/\/api.w.org\/{rel}","templated":true}]}}