{"id":37068,"date":"2023-09-28T00:59:57","date_gmt":"2023-09-27T22:59:57","guid":{"rendered":"http:\/\/www.infokuryr.cz\/n\/?p=37068"},"modified":"2023-09-27T09:04:11","modified_gmt":"2023-09-27T07:04:11","slug":"peter-haisenko-evropa-musi-byt-zcela-reorganizovana","status":"publish","type":"post","link":"https:\/\/www.infokuryr.cz\/n\/2023\/09\/28\/peter-haisenko-evropa-musi-byt-zcela-reorganizovana\/","title":{"rendered":"Peter Haisenko: Evropa mus\u00ed b\u00fdt zcela reorganizov\u00e1na"},"content":{"rendered":"<div id=\"fb-root\"><\/div>\n<p class=\"bodytext\"><strong>EU, politick\u00e1 nadstavba kontinentu, se zvrhla v mocensk\u00fd apar\u00e1t, kter\u00fd m\u00e1 pram\u00e1lo spole\u010dn\u00e9ho s demokraci\u00ed a t\u00edm, co cht\u011bj\u00ed ob\u010dan\u00e9 jednotliv\u00fdch st\u00e1t\u016f.\u00a0Ale to nen\u00ed v\u0161e.\u00a0Hranice st\u00e1t\u016f neodpov\u00eddaj\u00ed struktur\u00e1m, kter\u00e9 vyrostly v\u0161ude.\u00a0Je \u010das na kompletn\u00ed reorganizaci.<\/strong><\/p>\n<p class=\"bodytext\">P\u0159edsedkyn\u011b Evropsk\u00e9 komise Ursula von der Leyen nebyla demokraticky zvolena.\u00a0Vlastn\u00ed v\u00edt\u011bz voleb Manfred Weber kancl\u00e9\u0159ce Merkelov\u00e9 nevyhovoval, a tak do t\u00e9to pozice protla\u010dila UvdL.\u00a0D\u0159\u00edve to ani nep\u0159ipadalo v \u00favahu.\u00a0Podobn\u00fdm zp\u016fsobem byly do \u00fa\u0159adu podvedeny i dal\u0161\u00ed postavy vedle n\u00ed.\u00a0St\u00e1tn\u00ed zastupitelstv\u00ed vy\u0161et\u0159uje samotnou prezidentku pro korupci p\u0159i objedn\u00e1v\u00e1n\u00ed \u0161\u00edlen\u00e9ho mno\u017estv\u00ed injek\u010dn\u00edch st\u0159\u00edka\u010dek Covid a zpronev\u011bru souvisej\u00edc\u00ed korespondence.\u00a0Pokud p\u016fjdete d\u00e1le v \u017eeb\u0159\u00ed\u010dku, nebude to o nic transparentn\u011bj\u0161\u00ed.\u00a0To je tedy stav EU.\u00a0\u0158\u00edk\u00e1 se, \u017ee ryba za\u010d\u00edn\u00e1 smrd\u011bt u hlavy.<\/p>\n<p class=\"bodytext\">Tato komise EU m\u00e1 tu drzost vyhro\u017eovat suver\u00e9nn\u00edm \u010dlensk\u00fdm st\u00e1t\u016fm sankcemi, pokud se zcela nepod\u0159\u00edd\u00ed.\u00a0D\u00e1 se tedy \u0159\u00edci, \u017ee v\u0161echny st\u00e1ty EU ztratily svou suverenitu, jakmile vstoupily do EU.\u00a0V dob\u011b zakl\u00e1d\u00e1n\u00ed EU tomu tak ale nebylo.\u00a0To bylo p\u0159id\u00e1v\u00e1no po \u010d\u00e1stech a nen\u00e1padn\u011b.\u00a0Nen\u00ed tedy divu, \u017ee n\u011bkte\u0159\u00ed \u010dlenov\u00e9 EU ji\u017e nesouhlas\u00ed s t\u00edm, co se d\u011bje v Bruselu, a j\u00e1 jsem dosud ne\u0159e\u0161il rozd\u00edly ohledn\u011b migra\u010dn\u00ed politiky.\u00a0Po Anglii nyn\u00ed o odchodu uva\u017euj\u00ed i \u200b\u200bn\u011bkter\u00e9 zem\u011b.\u00a0Ve skute\u010dnosti by tedy m\u011blo b\u00fdt jasn\u00e9, \u017ee m\u00e1-li m\u00edt tato EU dobrou budoucnost, mus\u00ed b\u00fdt zcela reorganizov\u00e1na.\u00a0Nebo v\u016fbec n\u011bjak\u00e9.<\/p>\n<p class=\"bodytext\"><span style=\"font-size: 18pt;\"><strong>M\u00edrov\u00fd projekt selhal<\/strong><\/span><\/p>\n<p class=\"bodytext\">EU by m\u011bla b\u00fdt velk\u00fdm m\u00edrov\u00fdm projektem pro Evropu.\u00a0Vzor pro sv\u011bt.\u00a0I v tom selhala.\u00a0Za\u010dalo to Jugosl\u00e1vi\u00ed a na n\u011bjakou dobu se to stalo nejv\u011bt\u0161\u00edmi sankcemi a v\u00e1le\u010dn\u00fdm \u0161tv\u00e1\u010dem proti Rusku.\u00a0I zde byla Merkelov\u00e1 hnac\u00edm motorem.\u00a0Je ostudn\u00e9, jak Merkelov\u00e1 a Sarkozy p\u0159ipustili, \u017ee dohody z Minsku byly naprost\u00e1 le\u017e.\u00a0K roz\u0161\u00ed\u0159en\u00ed NATO na v\u00fdchod mohlo doj\u00edt jen proto, \u017ee s n\u00edm souhlasila EU.\u00a0EU je nyn\u00ed v\u00edce dikt\u00e1torsk\u00fdm centr\u00e1ln\u00edm st\u00e1tem, ne\u017e jak\u00fdm kdysi cht\u011bla b\u00fdt.\u00a0Jmenovit\u011b sdru\u017een\u00ed st\u00e1t\u016f, kter\u00e9 se skl\u00e1d\u00e1 z n\u00e1rod\u016f, kter\u00e9 jsou suver\u00e9nn\u00ed, ale spolupracuj\u00ed na vytvo\u0159en\u00ed p\u0159\u00e1telstv\u00ed a prosperity pro ka\u017ed\u00e9ho.\u00a0Sou\u010dasn\u00e9 spory dokazuj\u00ed ne\u00fasp\u011bch t\u00e9to my\u0161lenky a prosperita jde z kopce.<\/p>\n<p class=\"bodytext\">Jak\u00e9 jsou tedy probl\u00e9my a jak je lze vy\u0159e\u0161it?\u00a0Mysl\u00edm si, \u017ee jedn\u00edm ze z\u00e1kladn\u00edch probl\u00e9m\u016f jsou obrovsk\u00e9 rozd\u00edly mezi z\u00fa\u010dastn\u011bn\u00fdmi st\u00e1ty, a to nejen z hlediska velikosti a ekonomick\u00e9 v\u00fdkonnosti.\u00a0Jak m\u016f\u017ee \u010dlov\u011bk p\u0159ij\u00edt na my\u0161lenku stanovit pro severn\u00ed st\u00e1ty stejn\u00e1 pravidla jako pro jih?\u00a0Nemaj\u00ed Finov\u00e9 a Skandin\u00e1vci \u00fapln\u011b jin\u00e9 probl\u00e9my ne\u017e Sicilan\u00e9, \u0160pan\u011bl\u00e9, Portugalci nebo \u0158ekov\u00e9?\u00a0Je to n\u011bjak zohledn\u011bno?\u00a0St\u00e1le je zde alespo\u0148 z\u00e1sada jednomyslnosti, ale na tom se ji\u017e piln\u011b pracuje.\u00a0Nezapom\u00ednejme ani na stojky, kter\u00e9 byly vyrobeny, aby zabr\u00e1nily ztr\u00e1t\u011b hlas\u016f mal\u00fdch \u010dlen\u016f EU.\u00a0Je to ale skute\u010dn\u011b demokratick\u00e9 ve smyslu \u201ejeden mu\u017e, jeden hlas\u201c?<\/p>\n<p class=\"bodytext\"><span style=\"font-size: 18pt;\"><strong>Etnick\u00e9 konflikty kv\u016fli nespr\u00e1vn\u011b nastaven\u00fdm hranic\u00edm<\/strong><\/span><\/p>\n<p class=\"bodytext\">V r\u00e1mci jednotliv\u00fdch st\u00e1t\u016f EU doch\u00e1z\u00ed k etnick\u00fdm konflikt\u016fm.\u00a0Jak by se daly vy\u0159e\u0161it?\u00a0Mysl\u00edm, \u017ee bychom se m\u011bli vr\u00e1tit k z\u00e1kladn\u00ed my\u0161lence spole\u010dn\u00e9 Evropy.\u00a0V tomto smyslu pova\u017euji star\u00e9 hranice za zastaral\u00e9.\u00a0Evropa by m\u011bla b\u00fdt spole\u010denstv\u00edm mal\u00fdch, suver\u00e9nn\u00edch st\u00e1t\u016f a n\u00e1rod\u016f.\u00a0Co mluv\u00ed nap\u0159\u00edklad proti ud\u011blen\u00ed spole\u010dn\u00e9ho st\u00e1tu v\u0161em Bask\u016fm, kte\u0159\u00ed jsou rozd\u011bleni mezi \u0160pan\u011blsko a Francii?\u00a0Nebo d\u00e1t Katal\u00e1nc\u016fm nez\u00e1vislost?\u00a0A co Ji\u017en\u00ed Tyrolsko?\u00a0Rad\u011bji by pat\u0159ily do Bavorska.\u00a0P\u0159\u00edklad\u016f by se dalo naj\u00edt mnoho.<\/p>\n<p class=\"bodytext\">Na tomto m\u00edst\u011b bych r\u00e1d dodal: Jsem velk\u00fdm zast\u00e1ncem evropsk\u00e9 my\u0161lenky.\u00a0Moje geny poch\u00e1zej\u00ed z mnoha kout\u016f Evropy.\u00a0Od Francie, \u010cech, st\u0159edn\u00edho N\u011bmecka a\u017e po B\u011blorusko a Moldavsko.\u00a0M\u00e1m dokonce n\u011bjak\u00e9 zbytky \u017eidovsk\u00fdch gen\u016f.\u00a0P\u0159\u00e1l bych si m\u00edrov\u00e9 sou\u017eit\u00ed nejen v Evrop\u011b.\u00a0Ale v \u017e\u00e1dn\u00e9m p\u0159\u00edpad\u011b nechci, aby to v\u0161echno skon\u010dilo socialistickou uniformitou.\u00a0Bohu\u017eel mus\u00edm uznat, \u017ee my, cel\u00e1 Evropa, jsme vedeni p\u0159esn\u011b t\u00edmto sm\u011brem.\u00a0Ale ka\u017ed\u00fd by m\u011bl m\u00edt mo\u017enost \u017e\u00edt sv\u016fj \u017eivot v tradic\u00edch, kter\u00e9 si obl\u00edbil.<\/p>\n<p class=\"bodytext\"><span style=\"font-size: 18pt;\"><strong>Kdy\u017e se st\u00e1ty staly p\u0159\u00edli\u0161 velk\u00fdmi<\/strong><\/span><\/p>\n<p class=\"bodytext\">Cht\u011bl bych se v\u0161ak v\u011bnovat jin\u00e9mu aspektu.\u00a0Pro\u010d mus\u00ed b\u00fdt st\u00e1ty tak velk\u00e9?\u00a0Pod\u00edvejme se do n\u011bmeck\u00fdch zem\u00ed.\u00a0Dokud existovala \u0159ada mal\u00fdch st\u00e1t\u016f, bylo v\u0161e z velk\u00e9 \u010d\u00e1sti v po\u0159\u00e1dku.\u00a0Pot\u00ed\u017ee za\u010daly se zalo\u017een\u00edm N\u011bmeck\u00e9 \u0159\u00ed\u0161e v roce 1871. Do t\u00e9 doby se N\u011bmecko stalo p\u0159\u00edli\u0161 velk\u00fdm a vyd\u011bsilo ostatn\u00ed p\u0159\u00edpadn\u00e9 sv\u011btovl\u00e1dce.\u00a0Bez d\u016fvodu, ale ano.\u00a0Dokud existovaly dva n\u011bmeck\u00e9 st\u00e1ty, bylo v\u0161e stabiln\u00ed.\u00a0S takzvan\u00fdm znovusjednocen\u00edm za\u010daly pot\u00ed\u017ee znovu.\u00a0Co v modern\u00edm sv\u011bt\u011b hovo\u0159\u00ed proti vytv\u00e1\u0159en\u00ed men\u0161\u00edch st\u00e1t\u016f, kter\u00e9 vylu\u010duj\u00ed jak\u00e9koli n\u00e1roky na \u201esv\u011btovou moc\u201c?\u00a0Vzpome\u0148te si na Rakousko nebo Singapur, \u0160v\u00e9dsko, Ma\u010farsko a tak d\u00e1le.\u00a0Jsou na tom tyto mal\u00e9 st\u00e1ty h\u016f\u0159 ne\u017e ty (p\u0159e)velk\u00e9?<\/p>\n<p class=\"bodytext\">V tomto smyslu je t\u0159eba m\u00edt na pam\u011bti, \u017ee v pr\u016fb\u011bhu historie, historie tis\u00edcilet\u00ed, ka\u017ed\u00e1 velk\u00e1 \u0159\u00ed\u0161e, kter\u00e1 usilovala o \u201esv\u011btovou nadvl\u00e1du\u201c, padla.\u00a0Sv\u011btovl\u00e1da, podle p\u0159\u00edslu\u0161n\u00fdch znalost\u00ed sv\u011bta.\u00a0\u010c\u00edna je nejstar\u0161\u00ed nep\u0159etr\u017eit\u011b existuj\u00edc\u00ed \u0159\u00ed\u0161\u00ed.\u00a0pro\u010d tomu tak je?\u00a0\u010c\u00edna se nikdy nepokusila vybudovat glob\u00e1ln\u00ed imp\u00e9rium nebo dob\u00fdvat kolonie.\u00a0A to i p\u0159esto, \u017ee \u010c\u00edna v\u011bd\u011bla u\u017e d\u00e1vno p\u0159ed Kolumbem, \u017ee na druh\u00e9 stran\u011b Pacifiku existuje kontinent, kter\u00fd na druh\u00e9 stran\u011b mus\u00ed sousedit s Atlantikem.\u00a0A Rusko?\u00a0Carsk\u00e1 \u0159\u00ed\u0161e se rozr\u016fstala, dokud nem\u011bla v\u0161e, co pot\u0159ebovala k existenci.\u00a0Rusko nikdy kolonie nedobylo a v\u017edy se o to sna\u017eilo\u00a0zajistit spravedliv\u011b vyv\u00e1\u017een\u00e9 podm\u00ednky ve v\u0161ech \u010d\u00e1stech \u0159\u00ed\u0161e a nejen respektovat r\u016fzn\u00e9 etnick\u00e9 skupiny a jejich jazyky, ale tak\u00e9 je podporovat.\u00a0\u010c\u00edna a Rusko nezahynou, proto\u017ee nikdy neusilovaly o sv\u011btovl\u00e1du.\u00a0V t\u011bchto dvou p\u0159\u00edpadech nehraje velikost \u0159\u00ed\u0161e \u017e\u00e1dnou roli v jej\u00edm p\u0159\u00edpadn\u00e9m p\u00e1du.<\/p>\n<p class=\"bodytext\"><span style=\"font-size: 18pt;\"><strong>Psychopati vedou ka\u017edou zemi do propasti<\/strong><\/span><\/p>\n<p class=\"bodytext\">M\u011bli bychom se z toho pou\u010dit.\u00a0Je z\u0159ejm\u00e9, \u017ee v t\u011bchto zem\u00edch existuje jin\u00e1 z\u00e1kladn\u00ed filozofie ne\u017e v z\u00e1padn\u00edch kultur\u00e1ch.\u00a0V t\u00e9to zemi p\u0159evzali vl\u00e1du psychopati la\u010dn\u00edc\u00ed po moci.\u00a0Imp\u00e9rium USA, stejn\u011b jako Britsk\u00e9 imp\u00e9rium, si chce znovu podrobit \u010c\u00ednu a Rusko.\u00a0Jak nazna\u010duje dosavadn\u00ed v\u00fdvoj, americk\u00e9 imp\u00e9rium tak\u00e9 zanikne kv\u016fli sv\u00e9mu n\u00e1roku na sv\u011btovl\u00e1du.\u00a0Co se pak stane s jej\u00edmi evropsk\u00fdmi vazaly, je dan\u00e9, pokud se Evropa neodvr\u00e1t\u00ed od sv\u00fdch americk\u00fdch \u201ep\u0159\u00e1tel\u201c a nebude osvobozena.<\/p>\n<p class=\"bodytext\">Ale v konstrukci EU je st\u00e1le z\u00e1sadn\u00ed chyba.\u00a0Centr\u00e1ln\u00ed st\u00e1t, kter\u00fd je st\u00e1le ekonomicky nejsiln\u011bj\u0161\u00ed, ne\u017eije se sv\u00fdmi sousedy v m\u00edru.\u00a0N\u011bmecko je st\u00e1le ve stavu p\u0159\u00edm\u011b\u0159\u00ed.\u00a0Jak m\u016f\u017ee Evropsk\u00e1 unie fungovat a b\u00fdt vzorem m\u00edru, kdy\u017e tato centr\u00e1ln\u00ed zem\u011b nen\u00ed v m\u00edru se sv\u00fdmi sousedy a mnoha dal\u0161\u00edmi st\u00e1ty EU?\u00a0Alespo\u0148 form\u00e1ln\u011b.\u00a0V tomto smyslu nejsou lid\u00e9 mezi sebou rovnocenn\u00ed.\u00a0A nezapome\u0148te, \u017ee Spolkov\u00e1 republika N\u011bmecko nen\u00ed suver\u00e9nn\u00ed st\u00e1t.\u00a0V tomto smyslu se v\u0161echny st\u00e1ty EU p\u0159izp\u016fsobily N\u011bmecku a vstupem do EU postupn\u011b ztratily vlastn\u00ed suverenitu.<\/p>\n<p class=\"bodytext\"><span style=\"font-size: 18pt;\"><strong>V\u0161e mus\u00ed b\u00fdt podrobeno zkou\u0161ce<\/strong><\/span><\/p>\n<p class=\"bodytext\">AfD je nyn\u00ed prvn\u00ed n\u011bmeckou stranou, kter\u00e1 vol\u00e1 po reorganizaci EU.\u00a0S t\u00edm souhlas\u00edm, ale sv\u00e9 my\u0161lenky up\u0159esn\u00edm:<\/p>\n<p class=\"bodytext\">Moje \u0159e\u0161en\u00ed zn\u00ed: Prove\u010fte velkou diskusi po cel\u00e9 Evrop\u011b o tom, kdo kam chce pat\u0159it nebo b\u00fdt nez\u00e1visl\u00fd.\u00a0Pak by m\u011bla b\u00fdt p\u0159\u00edslu\u0161n\u00e1 referenda.\u00a0Zhruba stejn\u00fdm zp\u016fsobem, jako prob\u00edhaly \u201ekomasace\u201c.\u00a0V\u00fdsledkem by mohlo b\u00fdt, \u017ee se objev\u00ed mnoho mal\u00fdch suver\u00e9nn\u00edch st\u00e1t\u016f, kter\u00e9 se k sob\u011b chovaj\u00ed p\u0159\u00e1telsky pod voln\u00fdm kryt\u00edm EU.\u00a0Tohoto hlasov\u00e1n\u00ed se samoz\u0159ejm\u011b mohou z\u00fa\u010dastnit pouze lid\u00e9, kte\u0159\u00ed jsou ob\u010dany n\u011bkter\u00e9ho st\u00e1tu EU.<\/p>\n<p class=\"bodytext\">N\u011bco podobn\u00e9ho se stalo ji\u017e p\u0159i m\u00edrov\u00e9m rozd\u011blen\u00ed \u010ceskoslovenska na \u010ceskou republiku a Slovensko.\u00a0Nezapom\u00ednejme, \u017ee zejm\u00e9na ve v\u00fdchodn\u00ed Evrop\u011b se hranice nerozrostly a po velk\u00fdch v\u00e1lk\u00e1ch je diktoval Lond\u00fdn.\u00a0Skupiny Ma\u010far\u016f, Rumun\u016f, Slov\u00e1k\u016f, Pol\u00e1k\u016f a Ukrajinc\u016f mus\u00ed \u017e\u00edt ve st\u00e1tech, kter\u00e9 neodpov\u00eddaj\u00ed jejich jazykov\u00e9 identit\u011b.\u00a0Ji\u017en\u00ed Tyrolsko a Terst byly tak\u00e9 Lond\u00fdnem jednodu\u0161e prod\u00e1ny It\u00e1lii.\u00a0Pro\u010d by tyto hranice m\u011bly b\u00fdt posv\u00e1tn\u00e9?\u00a0Nem\u011bli by m\u00edt ob\u010dan\u00e9 v demokracii pr\u00e1vo sami se rozhodnout, ke kter\u00e9mu st\u00e1tu cht\u011bj\u00ed pat\u0159it?\u00a0Jak stanovil \u010dl\u00e1nek 1 Charty OSN jako nedotknuteln\u00e9 pr\u00e1vo?<\/p>\n<p class=\"bodytext\"><span style=\"font-size: 18pt;\"><strong>Zelenskij na n\u011bco zapomn\u011bl<\/strong><\/span><\/p>\n<p class=\"bodytext\">S ohledem na to se je\u0161t\u011b jednou pod\u00edv\u00e1m na to, co se aktu\u00e1ln\u011b d\u011bje na Ukrajin\u011b.\u00a0Je mysliteln\u00e9, \u017ee m\u016f\u017ee existovat m\u00edr, dokud etnick\u00e9 skupiny nesm\u011bj\u00ed pou\u017e\u00edvat sv\u016fj rodn\u00fd jazyk?\u00a0Dokud nebude tento \u0161\u00edlen\u00fd um\u011bl\u00fd v\u00fdtvor \u201eUkrajina\u201c rozd\u011blen podle etnick\u00fdch lini\u00ed?\u00a0Dokud se trv\u00e1 na hranic\u00edch, nem\u011bly by nikdy existovat, proto\u017ee stla\u010duj\u00ed to, co k sob\u011b nepat\u0159\u00ed?\u00a0Nyn\u00ed je to tedy Rusko, kter\u00e9 p\u0159ekon\u00e1v\u00e1 tuto chybu, kter\u00e1 se stala jednou za stolet\u00ed, a vytv\u00e1\u0159\u00ed alespo\u0148 \u0161anci na trval\u00fd m\u00edr v regionu.\u00a0Zelenskji sice pro svou zemi prohla\u0161uje pr\u00e1vo na suverenitu a \u00fazemn\u00ed celistvost deklarovan\u00e9 v \u010dl\u00e1nku 2 Charty OSN z roku 1945, z\u00e1rove\u0148 v\u0161ak ignoruje dal\u0161\u00ed: pr\u00e1vo n\u00e1rod\u016f na sebeur\u010den\u00ed zakotven\u00e9 v \u010dl\u00e1nku 1 t\u00e9\u017ee charty.<\/p>\n<p class=\"bodytext\">Jako p\u0159\u00edklad uvedu n\u011bco ze sv\u00e9 osobn\u00ed zku\u0161enosti.\u00a0Nezn\u00e1m \u017e\u00e1dn\u00e9ho Bavor\u00e1ka, Tyrolana nebo Jihotyrolana, kter\u00fd by kategoricky odm\u00edtl n\u00e1sleduj\u00edc\u00ed pl\u00e1n: Nalezn\u011bme spole\u010dn\u00fd st\u00e1t, kter\u00fd spoj\u00ed ji\u017en\u00ed dialekty n\u011bmeck\u00e9ho jazyka.\u00a0Ji\u017en\u00ed \u010d\u00e1st Bavorska, Tyrolsko a Ji\u017en\u00ed Tyrolsko.\u00a0Salcbursko, Horn\u00ed Rakousy a Korutany by se mohly p\u0159ipojit, tak\u00e9 ve smyslu voln\u00e9 federace.\u00a0To by nebylo nic nov\u00e9ho.\u00a0Asi p\u0159ed 800 lety m\u011bla diec\u00e9ze Freising spr\u00e1vu a\u017e do Trenta a byla to dobr\u00e1 doba.\u00a0Tyrolsko tak\u00e9 n\u011bjakou dobu pat\u0159ilo k Bavorsku, bez duchovenstva.<\/p>\n<p class=\"bodytext\"><span style=\"font-size: 18pt;\"><strong>Pro\u010d by nyn\u00ed m\u011bly b\u00fdt hranice nedotknuteln\u00e9?<\/strong><\/span><\/p>\n<p class=\"bodytext\">Do\u0161el jsem tedy k z\u00e1v\u011bru, \u017ee v r\u00e1mci Evropy se hranice neust\u00e1le m\u011bn\u00ed a afiliace se posouvaj\u00ed.\u00a0Zejm\u00e9na ve st\u0159edn\u00ed Evrop\u011b.\u00a0Sou\u010dasn\u00e9 hranice nevedly k trval\u00e9mu m\u00edru a spokojenosti.\u00a0Pro\u010d by tedy nyn\u00ed m\u011bly b\u00fdt tyto hranice pova\u017eov\u00e1ny za nem\u011bnn\u00e9, t\u00e9m\u011b\u0159 posv\u00e1tn\u00e9?\u00a0Jen proto, \u017ee je vybral Lond\u00fdn?\u00a0Britsk\u00e9 imp\u00e9rium ji\u017e neexistuje a nastal konec \u201eamerick\u00e9ho stolet\u00ed\u201c.\u00a0Nen\u00ed jist\u00e9, zda budou USA za p\u00e1r let je\u0161t\u011b existovat v sou\u010dasn\u00e9 podob\u011b.\u00a0Sv\u011bt se v sou\u010dasn\u00e9 dob\u011b tak\u00e9 p\u0159eskupuje v Africe.<\/p>\n<p class=\"bodytext\">Vid\u00edm tedy alespo\u0148 p\u0159\u00edle\u017eitost v\u00e9st Evropu a nakonec i sv\u011bt od stolet\u00ed v\u00e1lek k m\u00edru t\u00edm, \u017ee budeme praktikovat skute\u010dnou demokracii.\u00a0Uspo\u0159\u00e1d\u00e1n\u00edm referend o dal\u0161\u00ed existenci hranic, kter\u00e9 nevedly k m\u00edru a n\u00e1sledn\u00fdm p\u0159ijet\u00edm t\u011bchto rozhodnut\u00ed a jejich uveden\u00edm v \u017eivot.\u00a0Cel\u00fd \u201ehodnotov\u00fd Z\u00e1pad\u201c ve v\u0161ech ohledech zdegeneroval, selhal a v mnoha ohledech skon\u010dil.\u00a0Jak jinak, krom\u011b \u00fapln\u00e9ho a bezpodm\u00edne\u010dn\u00e9ho resetu, bychom se mohli dostat z t\u00e9to \u0161lamastiky?<\/p>\n<p class=\"bodytext\"><span style=\"font-size: 18pt;\"><strong>Z\u00e1v\u011bre\u010dn\u00e1 pozn\u00e1mka:<br \/>\n<\/strong><\/span><br \/>\nNa\u0161e ministryn\u011b zahrani\u010d\u00ed u\u010dinila toto prohl\u00e1\u0161en\u00ed na t\u00e9ma hranic v kv\u011btnu 2022: \u201eNikdy neuzn\u00e1me vynucen\u00e9 hranice\u201c. T\u00edm asi myslela reorganizaci Ukrajiny.\u00a0Jste si v\u011bdomi toho, \u017ee v\u0161echny sou\u010dasn\u00e9 hranice, kter\u00e9 se dot\u00fdkaj\u00ed N\u011bmecka a Rakouska-Uherska, jsou hranicemi nucen\u00fdmi?\u00a0Viz obr\u00e1zek n\u00ed\u017ee.<\/p>\n<p><img decoding=\"async\" loading=\"lazy\" class=\"wp-image-37069 aligncenter\" src=\"http:\/\/www.infokuryr.cz\/n\/wp-content\/uploads\/2023\/09\/evropa-hranice-202x300.jpeg\" alt=\"\" width=\"409\" height=\"607\" srcset=\"https:\/\/www.infokuryr.cz\/n\/wp-content\/uploads\/2023\/09\/evropa-hranice-202x300.jpeg 202w, https:\/\/www.infokuryr.cz\/n\/wp-content\/uploads\/2023\/09\/evropa-hranice.jpeg 600w\" sizes=\"(max-width: 409px) 100vw, 409px\" \/><\/p>\n<p>&nbsp;<\/p>\n<p><em><strong>Peter Haisenko\u00a0<\/strong><\/em><\/p>\n<p>&nbsp;<\/p>\n<p><a href=\"https:\/\/stranapro.cz\/\"><img decoding=\"async\" loading=\"lazy\" class=\"wp-image-30218 aligncenter\" src=\"http:\/\/www.infokuryr.cz\/n\/wp-content\/uploads\/2023\/06\/PRO-banner-300x36.png\" alt=\"\" width=\"1358\" height=\"163\" srcset=\"https:\/\/www.infokuryr.cz\/n\/wp-content\/uploads\/2023\/06\/PRO-banner-300x36.png 300w, https:\/\/www.infokuryr.cz\/n\/wp-content\/uploads\/2023\/06\/PRO-banner-768x93.png 768w, https:\/\/www.infokuryr.cz\/n\/wp-content\/uploads\/2023\/06\/PRO-banner.png 849w\" sizes=\"(max-width: 1358px) 100vw, 1358px\" \/><\/a><\/p>\n<p>&nbsp;<\/p>\n<p>&nbsp;<\/p>\n<p>&nbsp;<\/p>\n","protected":false},"excerpt":{"rendered":"<p>EU, politick\u00e1 nadstavba kontinentu, se zvrhla v mocensk\u00fd apar\u00e1t, kter\u00fd m\u00e1 pram\u00e1lo spole\u010dn\u00e9ho s demokraci\u00ed&#8230;<\/p>\n","protected":false},"author":2,"featured_media":31275,"comment_status":"closed","ping_status":"closed","sticky":false,"template":"","format":"standard","meta":[],"categories":[7],"tags":[41,29,855],"_links":{"self":[{"href":"https:\/\/www.infokuryr.cz\/n\/wp-json\/wp\/v2\/posts\/37068"}],"collection":[{"href":"https:\/\/www.infokuryr.cz\/n\/wp-json\/wp\/v2\/posts"}],"about":[{"href":"https:\/\/www.infokuryr.cz\/n\/wp-json\/wp\/v2\/types\/post"}],"author":[{"embeddable":true,"href":"https:\/\/www.infokuryr.cz\/n\/wp-json\/wp\/v2\/users\/2"}],"replies":[{"embeddable":true,"href":"https:\/\/www.infokuryr.cz\/n\/wp-json\/wp\/v2\/comments?post=37068"}],"version-history":[{"count":1,"href":"https:\/\/www.infokuryr.cz\/n\/wp-json\/wp\/v2\/posts\/37068\/revisions"}],"predecessor-version":[{"id":37070,"href":"https:\/\/www.infokuryr.cz\/n\/wp-json\/wp\/v2\/posts\/37068\/revisions\/37070"}],"wp:featuredmedia":[{"embeddable":true,"href":"https:\/\/www.infokuryr.cz\/n\/wp-json\/wp\/v2\/media\/31275"}],"wp:attachment":[{"href":"https:\/\/www.infokuryr.cz\/n\/wp-json\/wp\/v2\/media?parent=37068"}],"wp:term":[{"taxonomy":"category","embeddable":true,"href":"https:\/\/www.infokuryr.cz\/n\/wp-json\/wp\/v2\/categories?post=37068"},{"taxonomy":"post_tag","embeddable":true,"href":"https:\/\/www.infokuryr.cz\/n\/wp-json\/wp\/v2\/tags?post=37068"}],"curies":[{"name":"wp","href":"https:\/\/api.w.org\/{rel}","templated":true}]}}