{"id":37059,"date":"2023-09-27T04:24:14","date_gmt":"2023-09-27T02:24:14","guid":{"rendered":"http:\/\/www.infokuryr.cz\/n\/?p=37059"},"modified":"2023-09-27T04:24:14","modified_gmt":"2023-09-27T02:24:14","slug":"pocet-obeti-vybuchu-v-nahornim-karabachu-vzrostl-na-125","status":"publish","type":"post","link":"https:\/\/www.infokuryr.cz\/n\/2023\/09\/27\/pocet-obeti-vybuchu-v-nahornim-karabachu-vzrostl-na-125\/","title":{"rendered":"Po\u010det ob\u011bt\u00ed v\u00fdbuchu v N\u00e1horn\u00edm Karabachu vzrostl na 125"},"content":{"rendered":"<div id=\"fb-root\"><\/div>\n<p><span style=\"font-size: 18pt;\"><strong>Sklad paliva explodoval uprost\u0159ed exodu etnick\u00fdch Arm\u00e9n\u016f ze sporn\u00e9 provincie<\/strong><\/span><\/p>\n<p><span>P\u0159i pond\u011bln\u00edm v\u00fdbuchu ve skladu pohonn\u00fdch hmot v N\u00e1horn\u00edm Karabachu zahynulo podle \u00fatern\u00edch zpr\u00e1v arm\u00e9nsk\u00fdch m\u00e9di\u00ed nejm\u00e9n\u011b 125 lid\u00ed.\u00a0K v\u00fdbuchu do\u0161lo, kdy\u017e desetitis\u00edce etnick\u00fdch Arm\u00e9n\u016f uprchly z regionu p\u0159ed jeho p\u0159evzet\u00edm \u00c1zerb\u00e1jd\u017e\u00e1nem.<\/span><\/p>\n<p><span>Ostatky 125 lid\u00ed byly v pond\u011bl\u00ed p\u0159evezeny do Arm\u00e9nie, uvedl Pan Armenian News s odvol\u00e1n\u00edm na ministryni zdravotnictv\u00ed Anahit Avanesian.\u00a0Prvn\u00ed zpr\u00e1vy po v\u00fdbuchu uv\u00e1d\u011bly po\u010det ob\u011bt\u00ed na 29, t\u00e9m\u011b\u0159 300 zran\u011bn\u00fdch a nezn\u00e1m\u00fd po\u010det se poh\u0159e\u0161uje.<\/span><\/p>\n<p><span>Sklad paliva, kter\u00fd se nach\u00e1z\u00ed na d\u00e1lnici pobl\u00ed\u017e samozvan\u00e9ho region\u00e1ln\u00edho hlavn\u00edho m\u011bsta Stepanakert (v \u00c1zerb\u00e1jd\u017e\u00e1nu zn\u00e1m\u00e9ho jako Khankendi), explodoval v pond\u011bl\u00ed, kdy\u017e davy lid\u00ed st\u00e1ly ve front\u011b, aby naplnily sv\u00e1 vozidla.\u00a0Videoz\u00e1znamy z m\u00edsta \u010dinu uk\u00e1zaly rozs\u00e1hlou zk\u00e1zu s hust\u00fdm oblakem mastn\u00e9ho \u010dern\u00e9ho kou\u0159e ty\u010d\u00edc\u00edho se k nebi nad zni\u010den\u00fdm za\u0159\u00edzen\u00edm.<\/span><\/p>\n<div class=\"read-more large\" data-has-alias=\"\"><a href=\"https:\/\/stranapro.cz\/\"><img decoding=\"async\" loading=\"lazy\" class=\"wp-image-30218 aligncenter\" src=\"http:\/\/www.infokuryr.cz\/n\/wp-content\/uploads\/2023\/06\/PRO-banner-300x36.png\" alt=\"\" width=\"1358\" height=\"163\" srcset=\"https:\/\/www.infokuryr.cz\/n\/wp-content\/uploads\/2023\/06\/PRO-banner-300x36.png 300w, https:\/\/www.infokuryr.cz\/n\/wp-content\/uploads\/2023\/06\/PRO-banner-768x93.png 768w, https:\/\/www.infokuryr.cz\/n\/wp-content\/uploads\/2023\/06\/PRO-banner.png 849w\" sizes=\"(max-width: 1358px) 100vw, 1358px\" \/><\/a><\/div>\n<p><span>K v\u00fdbuchu do\u0161lo t\u00e9m\u011b\u0159 t\u00fdden pot\u00e9, co se separatisti\u010dt\u00ed v\u016fdci v N\u00e1horn\u00edm Karabachu vzdali \u00e1zerb\u00e1jd\u017e\u00e1nsk\u00e9 arm\u00e1d\u011b po celodenn\u00edm \u00fatoku, kter\u00fd Baku charakterizoval jako \u201e\u00a0<\/span><em><span>protiteroristick\u00e1 opat\u0159en\u00ed\u201c.\u00a0<\/span><\/em><span>Podle podm\u00ednek kapitulace bude N\u00e1horn\u00ed Karabach vr\u00e1cen pod \u00e1zerb\u00e1jd\u017e\u00e1nskou kontrolu, t\u00e9m\u011b\u0159 t\u0159i desetilet\u00ed pot\u00e9, co enkl\u00e1va z\u00edskala kvazi nez\u00e1vislost po v\u00e1lce mezi Arm\u00e9ni\u00ed a \u00c1zerb\u00e1jd\u017e\u00e1nem v roce 1994.<\/span><\/p>\n<p><span>Des\u00edtky tis\u00edc etnick\u00fdch Arm\u00e9n\u016f po p\u0159\u00edm\u011b\u0159\u00ed uprchly z regionu ze strachu z etnick\u00fdch \u010distek pod kontrolou Baku.\u00a0V \u00fater\u00fd ve\u010der vstoupilo do Arm\u00e9nie 28 120 ze 120 000 Arm\u00e9n\u016f v N\u00e1horn\u00edm Karabachu \u2013 tedy t\u00e9m\u011b\u0159 \u010dtvrtina obyvatel provincie \u2013 podle \u00fa\u0159ad\u016f v Jerevanu.\u00a0<\/span><\/p>\n<p><span>Americk\u00fd ministr zahrani\u010d\u00ed Antony Blinken vyzval \u00e1zerb\u00e1jd\u017e\u00e1nsk\u00e9ho prezidenta Ilhama Alijeva, aby za jeho vl\u00e1dy zajistil ochranu lidsk\u00fdch pr\u00e1v arm\u00e9nsk\u00e9ho obyvatelstva N\u00e1horn\u00edho Karabachu.\u00a0Alijev sl\u00edbil, \u017ee tak u\u010din\u00ed, ale d\u0159\u00edve se o Aremenech zmi\u0148oval jako o tom, \u017ee\u00a0<\/span><em><span>\u201enen\u00ed ani hodni b\u00fdt slu\u017eebn\u00edky\u201c<\/span><\/em><span>\u00a0a\u00a0z\u00e1padn\u00ed pozorovatel\u00e9 jej pova\u017euj\u00ed za\u00a0<\/span><a href=\"https:\/\/foreignpolicy.com\/2022\/10\/04\/azerbaijan-aggression-armenia-russia-nagorno-karabakh\/\" target=\"_blank\" rel=\"noopener noreferrer\"><span>poru\u0161ovatele lidsk\u00fdch pr\u00e1v .<\/span><\/a><\/p>\n<p><img decoding=\"async\" loading=\"lazy\" class=\"alignnone size-full wp-image-1185\" src=\"http:\/\/www.infokuryr.cz\/n\/wp-content\/uploads\/2021\/04\/kuryr-podpis.png\" alt=\"\" width=\"84\" height=\"24\" \/><\/p>\n<p>&nbsp;<\/p>\n<p>&nbsp;<\/p>\n","protected":false},"excerpt":{"rendered":"<p>Sklad paliva explodoval uprost\u0159ed exodu etnick\u00fdch Arm\u00e9n\u016f ze sporn\u00e9 provincie P\u0159i pond\u011bln\u00edm v\u00fdbuchu ve skladu&#8230;<\/p>\n","protected":false},"author":2,"featured_media":37060,"comment_status":"closed","ping_status":"closed","sticky":false,"template":"","format":"standard","meta":[],"categories":[7],"tags":[5753,353,2965,438,300],"_links":{"self":[{"href":"https:\/\/www.infokuryr.cz\/n\/wp-json\/wp\/v2\/posts\/37059"}],"collection":[{"href":"https:\/\/www.infokuryr.cz\/n\/wp-json\/wp\/v2\/posts"}],"about":[{"href":"https:\/\/www.infokuryr.cz\/n\/wp-json\/wp\/v2\/types\/post"}],"author":[{"embeddable":true,"href":"https:\/\/www.infokuryr.cz\/n\/wp-json\/wp\/v2\/users\/2"}],"replies":[{"embeddable":true,"href":"https:\/\/www.infokuryr.cz\/n\/wp-json\/wp\/v2\/comments?post=37059"}],"version-history":[{"count":0,"href":"https:\/\/www.infokuryr.cz\/n\/wp-json\/wp\/v2\/posts\/37059\/revisions"}],"wp:featuredmedia":[{"embeddable":true,"href":"https:\/\/www.infokuryr.cz\/n\/wp-json\/wp\/v2\/media\/37060"}],"wp:attachment":[{"href":"https:\/\/www.infokuryr.cz\/n\/wp-json\/wp\/v2\/media?parent=37059"}],"wp:term":[{"taxonomy":"category","embeddable":true,"href":"https:\/\/www.infokuryr.cz\/n\/wp-json\/wp\/v2\/categories?post=37059"},{"taxonomy":"post_tag","embeddable":true,"href":"https:\/\/www.infokuryr.cz\/n\/wp-json\/wp\/v2\/tags?post=37059"}],"curies":[{"name":"wp","href":"https:\/\/api.w.org\/{rel}","templated":true}]}}