{"id":37011,"date":"2023-09-27T01:04:20","date_gmt":"2023-09-26T23:04:20","guid":{"rendered":"http:\/\/www.infokuryr.cz\/n\/?p=37011"},"modified":"2023-09-26T15:57:17","modified_gmt":"2023-09-26T13:57:17","slug":"miliony-obcanu-eu-doufaji-ze-putin-vyhraje-a-tady-ziji","status":"publish","type":"post","link":"https:\/\/www.infokuryr.cz\/n\/2023\/09\/27\/miliony-obcanu-eu-doufaji-ze-putin-vyhraje-a-tady-ziji\/","title":{"rendered":"Miliony ob\u010dan\u016f EU doufaj\u00ed, \u017ee Putin vyhraje, a tady \u017eij\u00ed"},"content":{"rendered":"<div id=\"fb-root\"><\/div>\n<p><span>Zd\u00e1 se, \u017ee p\u0159\u00edliv se obrac\u00ed.\u00a0Ve v\u00fdchodn\u00ed Evrop\u011b se ve\u0159ejn\u00e9 m\u00edn\u011bn\u00ed o v\u00e1lce na Ukrajin\u011b za\u010d\u00edn\u00e1 posouvat ve prosp\u011bch Ruska, p\u00ed\u0161e\u00a0<\/span><a href=\"https:\/\/www.express.co.uk\/comment\/expresscomment\/1815302\/EU-split-eastern-europe-closer-to-Russia-Ukraine-war\" target=\"_blank\" rel=\"noreferrer noopener\" data-type=\"link\" data-id=\"https:\/\/www.express.co.uk\/comment\/expresscomment\/1815302\/EU-split-eastern-europe-closer-to-Russia-Ukraine-war\"><span>Daily Express<\/span><\/a><span>\u00a0.<\/span><\/p>\n<p><span>Loni pr\u016fzkum Eurobarometr zjistil, \u017ee v zem\u00edch jako Slovensko, Ma\u010farsko a Bulharsko podpo\u0159ilo sankce proti Rusku 35 procent, 30 procent a 20 procent obyvatel.<\/span><\/p>\n<p><span>Studie agentur Mnforce a Seesame i Slovensk\u00e9 akademie v\u011bd nyn\u00ed ukazuj\u00ed, \u017ee v\u00edce ne\u017e polovina Slov\u00e1k\u016f douf\u00e1 v rusk\u00e9 v\u00edt\u011bzstv\u00ed.<\/span><\/p>\n<p><span>Na Slovensku se bl\u00ed\u017e\u00ed volby a mohla by vzniknout v\u00edce prorusk\u00e1 koalice.<\/span><\/p>\n<p><span>Mu\u017e, kter\u00fd se pravd\u011bpodobn\u011b znovu stane slovensk\u00fdm premi\u00e9rem, Robert Fico, \u0159ekl, \u017ee u\u017e nebude pos\u00edlat zbran\u011b na Ukrajinu.<\/span><\/p>\n<p><span>Polsk\u00fd premi\u00e9r Morawiecki tak\u00e9 \u0159ekl, \u017ee Polsko u\u017e nebude Ukrajin\u011b dod\u00e1vat zbran\u011b, proto\u017ee se chce vyzbrojit samo.<\/span><\/p>\n<p><span>Polsk\u00fd ministr zem\u011bd\u011blstv\u00ed tak\u00e9 varoval, \u017ee ukrajinsk\u00e9 zem\u011bd\u011blstv\u00ed p\u0159edstavuje \u201ehrozbu\u201c pro zem\u011bd\u011blce z EU.<\/span><\/p>\n<p><span>Spor mezi Polskem a Ukrajinou rozhoupal v Bruselu a Washingtonu popla\u0161n\u00e9 zvony.<\/span><\/p>\n<p><span>Zar\u00e1\u017eej\u00edc\u00ed je tak\u00e9 to, \u017ee po\u010det lid\u00ed s prorusk\u00fdmi sympatiemi roste nejen v zem\u00edch jihov\u00fdchodn\u00ed Evropy \u2013 v\u010detn\u011b ne\u010dlensk\u00e9ho st\u00e1tu EU Srbska \u2013, ale tak\u00e9 v z\u00e1padn\u00edch slovansk\u00fdch zem\u00edch, jako je \u010cesk\u00e1 republika a Slovensko.<\/span><\/p>\n<p><span>A mo\u017en\u00e1 i v Chorvatsku, proto\u017ee chorvatsk\u00fd prezident Zoran Milanovi\u010d ned\u00e1vno kritizoval z\u00e1padn\u00ed st\u00e1ty za dod\u00e1vky zbran\u00ed Ukrajin\u011b.<\/span><\/p>\n<p><img decoding=\"async\" loading=\"lazy\" class=\"alignnone size-full wp-image-1185\" src=\"http:\/\/www.infokuryr.cz\/n\/wp-content\/uploads\/2021\/04\/kuryr-podpis.png\" alt=\"\" width=\"84\" height=\"24\" \/><\/p>\n<p>&nbsp;<\/p>\n<p><a href=\"https:\/\/stranapro.cz\/\"><img decoding=\"async\" loading=\"lazy\" class=\"wp-image-30218 aligncenter\" src=\"http:\/\/www.infokuryr.cz\/n\/wp-content\/uploads\/2023\/06\/PRO-banner-300x36.png\" alt=\"\" width=\"1367\" height=\"164\" srcset=\"https:\/\/www.infokuryr.cz\/n\/wp-content\/uploads\/2023\/06\/PRO-banner-300x36.png 300w, https:\/\/www.infokuryr.cz\/n\/wp-content\/uploads\/2023\/06\/PRO-banner-768x93.png 768w, https:\/\/www.infokuryr.cz\/n\/wp-content\/uploads\/2023\/06\/PRO-banner.png 849w\" sizes=\"(max-width: 1367px) 100vw, 1367px\" \/><\/a><\/p>\n<p>&nbsp;<\/p>\n<p>&nbsp;<\/p>\n<p>&nbsp;<\/p>\n","protected":false},"excerpt":{"rendered":"<p>Zd\u00e1 se, \u017ee p\u0159\u00edliv se obrac\u00ed.\u00a0Ve v\u00fdchodn\u00ed Evrop\u011b se ve\u0159ejn\u00e9 m\u00edn\u011bn\u00ed o v\u00e1lce na Ukrajin\u011b&#8230;<\/p>\n","protected":false},"author":2,"featured_media":2767,"comment_status":"closed","ping_status":"closed","sticky":false,"template":"","format":"standard","meta":[],"categories":[7],"tags":[283,4368,102],"_links":{"self":[{"href":"https:\/\/www.infokuryr.cz\/n\/wp-json\/wp\/v2\/posts\/37011"}],"collection":[{"href":"https:\/\/www.infokuryr.cz\/n\/wp-json\/wp\/v2\/posts"}],"about":[{"href":"https:\/\/www.infokuryr.cz\/n\/wp-json\/wp\/v2\/types\/post"}],"author":[{"embeddable":true,"href":"https:\/\/www.infokuryr.cz\/n\/wp-json\/wp\/v2\/users\/2"}],"replies":[{"embeddable":true,"href":"https:\/\/www.infokuryr.cz\/n\/wp-json\/wp\/v2\/comments?post=37011"}],"version-history":[{"count":0,"href":"https:\/\/www.infokuryr.cz\/n\/wp-json\/wp\/v2\/posts\/37011\/revisions"}],"wp:featuredmedia":[{"embeddable":true,"href":"https:\/\/www.infokuryr.cz\/n\/wp-json\/wp\/v2\/media\/2767"}],"wp:attachment":[{"href":"https:\/\/www.infokuryr.cz\/n\/wp-json\/wp\/v2\/media?parent=37011"}],"wp:term":[{"taxonomy":"category","embeddable":true,"href":"https:\/\/www.infokuryr.cz\/n\/wp-json\/wp\/v2\/categories?post=37011"},{"taxonomy":"post_tag","embeddable":true,"href":"https:\/\/www.infokuryr.cz\/n\/wp-json\/wp\/v2\/tags?post=37011"}],"curies":[{"name":"wp","href":"https:\/\/api.w.org\/{rel}","templated":true}]}}