{"id":37008,"date":"2023-09-27T01:03:21","date_gmt":"2023-09-26T23:03:21","guid":{"rendered":"http:\/\/www.infokuryr.cz\/n\/?p=37008"},"modified":"2023-09-26T15:51:55","modified_gmt":"2023-09-26T13:51:55","slug":"konfiskace-zbrani-je-vzdy-predehrou-ke-genocide","status":"publish","type":"post","link":"https:\/\/www.infokuryr.cz\/n\/2023\/09\/27\/konfiskace-zbrani-je-vzdy-predehrou-ke-genocide\/","title":{"rendered":"Konfiskace zbran\u00ed je v\u017edy p\u0159edehrou ke genocid\u011b"},"content":{"rendered":"<div id=\"fb-root\"><\/div>\n<div class=\"elementor-element elementor-element-1fb4c2c elementor-widget elementor-widget-theme-post-content\" data-id=\"1fb4c2c\" data-element_type=\"widget\" data-widget_type=\"theme-post-content.default\">\n<div class=\"elementor-widget-container\">\n<p class=\"has-medium-font-size\"><span style=\"font-size: 18pt;\"><strong>V posledn\u00edch letech OSN inzerovala n\u00e1sleduj\u00edc\u00ed pozici: \u201eODZBROJEN\u00cd, DEMOBILIZACE A REINTEGRACE D\u016eSTOJN\u00cdK\u201c<\/strong><\/span><\/p>\n<p><span>Konfiskace zbran\u00ed je v\u017edy p\u0159edehrou ke genocid\u011b.<\/span><\/p>\n<p><span>Ti, kdo ch\u00e1pou odpornou povahu Organizace spojen\u00fdch n\u00e1rod\u016f a jej\u00ed selh\u00e1n\u00ed jako takzvan\u00fdch \u201em\u00edrov\u00fdch\u201c sil, by se m\u011bli pochopiteln\u011b ob\u00e1vat bl\u00ed\u017e\u00edc\u00ed se p\u0159\u00edtomnosti voj\u00e1k\u016f OSN v ulic\u00edch Chicaga.<\/span><\/p>\n<p><span>Jako hlavn\u00ed d\u016fvod je uv\u00e1d\u011bno extr\u00e9mn\u00ed n\u00e1sil\u00ed ze zbran\u00ed.\u00a0To je mo\u017en\u00e1 jedin\u00fd pravdiv\u00fd aspekt t\u00e9to navrhovan\u00e9 okupace americk\u00e9ho m\u011bsta OSN.\u00a0Nakonec se OSN zam\u011b\u0159uje na zbran\u011b v\u0161ech Ameri\u010dan\u016f a v tomto bod\u011b promluvila historie.\u00a0Po konfiskaci zbran\u00ed v\u017edy n\u00e1sleduje genocida.<\/span><\/p>\n<p><em><strong><span>Nej\u0161okuj\u00edc\u00ed \u010dl\u00e1nek najdete n\u00ed\u017ee.<\/span><\/strong><\/em><\/p>\n<p><em><strong><span>Skryt\u00e1 agenda liber\u00e1l\u016f: V\u00edce ne\u017e jen va\u0161e zbran\u011b&#8230;<\/span><\/strong><\/em><\/p>\n<p><em><strong><span>&#8230;bl\u00ed\u017e\u00edc\u00ed se kolaps syst\u00e9mu z\u00e1sobov\u00e1n\u00ed potravinami v USA<\/span><br \/>\n<span>bude kr\u00e1st j\u00eddlo ze stol\u016f va\u0161ich d\u011bt\u00ed&#8230;<\/span><\/strong><\/em><\/p>\n<p><em><strong><a href=\"https:\/\/tinyurl.com\/2xy84yk5\" data-type=\"link\" data-id=\"https:\/\/tinyurl.com\/2xy84yk5\"><span>Pod\u00edvejte se na toto video<\/span><\/a><span>\u00a0a zjist\u011bte, jak\u00e1 velk\u00e1 tajemstv\u00ed vl\u00e1da skr\u00fdv\u00e1.<\/span><\/strong><\/em><\/p>\n<p><span>N\u00ed\u017ee je obr\u00e1zek dokumentu Organizace spojen\u00fdch n\u00e1rod\u016f o konfiskaci zbran\u00ed.\u00a0Cel\u00fd text n\u00e1sleduje za vyti\u0161t\u011bn\u00fdm obr\u00e1zkem.<\/span><\/p>\n<p><em><span>\u201eProbl\u00e9m vojensk\u00fdch zbran\u00ed v rukou civilist\u016f je st\u00e1le v\u011bt\u0161\u00ed s ohledem na glob\u00e1ln\u00ed implementaci Agendy 22\/Agendy 21 \u010dlensk\u00fdmi st\u00e1ty.\u00a0Zejm\u00e9na ve Spojen\u00fdch st\u00e1tech americk\u00fdch je odhadem 500 milion\u016f zbran\u00ed v rukou civiln\u00edho obyvatelstva.\u00a0Nejde jen o statick\u00fd probl\u00e9m, ale o masivn\u00ed dynamick\u00fd probl\u00e9m pro proces konfiskace, proto\u017ee se najdou tac\u00ed, kte\u0159\u00ed odm\u00edtnou odevzdat sv\u00e9 st\u0159eln\u00e9 zbran\u011b.<\/span><\/em><\/p>\n<p><em><span>\u201eUzav\u0159en\u00ed diskus\u00ed CWCSG vedlo k p\u0159ijet\u00ed navrhovan\u00e9 agendy, kter\u00e1 m\u00e1 \u010dlensk\u00fdm st\u00e1t\u016fm poskytnout r\u00e1mec pro zah\u00e1jen\u00ed kodifikace n\u00e1rodn\u00edch z\u00e1kon\u016f o odzbrojen\u00ed civilist\u016f v jejich hranic\u00edch prost\u0159ednictv\u00edm postupn\u00e9ho procesu.<\/span><\/em><\/p>\n<p><em><span>\u201eV r\u00e1mci diskuse jsme identifikovali n\u011bkolik probl\u00e9mov\u00fdch oblast\u00ed, kter\u00e9 je t\u0159eba \u0159e\u0161it, jsou to tyto<\/span><\/em><\/p>\n<p><em><span>&#8222;1.\u00a0klasifikace zbran\u00ed vojensk\u00e9ho typu, jejich\u017e dr\u017een\u00ed by m\u011blo b\u00fdt zak\u00e1z\u00e1no.<\/span><\/em><\/p>\n<p><em><span>\u201e2.\u00a0vytvo\u0159en\u00ed program\u016f, kter\u00e9 zajist\u00ed p\u0159im\u011b\u0159enou n\u00e1hradu za dobrovoln\u00e9 odevzd\u00e1n\u00ed uveden\u00fdch zbran\u00ed.<\/span><\/em><\/p>\n<p><em><span>&#8222;3.\u00a0Kodifikace z\u00e1kon\u016f zav\u00e1d\u011bj\u00edc\u00ed omezen\u00ed a p\u0159\u00edsn\u00e9 ud\u011blov\u00e1n\u00ed licenc\u00ed pro skryt\u00e9 st\u0159eln\u00e9 zbran\u011b.<\/span><\/em><\/p>\n<p><em><span>\u201e4.\u00a0kodifikace z\u00e1kon\u016f zav\u00e1d\u011bj\u00edc\u00ed omezen\u00ed a p\u0159\u00edsn\u00e9 povolov\u00e1n\u00ed loveck\u00fdch zbran\u00ed.<\/span><\/em><\/p>\n<p><em><span>\u201e5.\u00a0kodifikace z\u00e1kon\u016f omezuj\u00edc\u00edch prodej a dr\u017een\u00ed st\u0159eliva a komponent\u016f pro v\u00fdrobu st\u0159eliva.<\/span><\/em><\/p>\n<p><em><span>\u201e6.\u00a0kone\u010dn\u011b kodifikace z\u00e1kon\u016f, kter\u00e9 zcela zakazuj\u00ed dr\u017een\u00ed a pou\u017e\u00edv\u00e1n\u00ed v\u0161ech st\u0159eln\u00fdch zbran\u00ed mimo vojensk\u00e9 a policejn\u00ed oblasti.<\/span><\/em><\/p>\n<p><em><span>\u201e7.\u00a0Z\u0159\u00edzen\u00ed policejn\u00ed pracovn\u00ed skupiny OSN se specifick\u00fdm \u00fakolem podporovat \u010dlensk\u00e9 st\u00e1ty p\u0159i zabavov\u00e1n\u00ed zbran\u00ed z rukou civilist\u016f.<\/span><\/em><\/p>\n<p><em><span>&#8222;CWCSG p\u0159edlo\u017e\u00ed sv\u00e1 zji\u0161t\u011bn\u00ed a kone\u010dn\u00e1 doporu\u010den\u00ed, jakmile vytvo\u0159\u00edme kodifika\u010dn\u00ed r\u00e1mec pro \u010dlensk\u00e9 st\u00e1ty, aby mohl \u00fa\u0159ad gener\u00e1ln\u00edho tajemn\u00edka prov\u00e9st \u00fapln\u00fd p\u0159ezkum.&#8220;<\/span><\/em><\/p>\n<p><span>Kdy\u017e se pod\u00edv\u00e1me na prvn\u00edch p\u011bt krok\u016f pl\u00e1nu, je snadn\u00e9 vid\u011bt vzorec konfiskace zbran\u00ed, kter\u00fd se OSN pokus\u00ed n\u00e1sledovat.\u00a0Nemysl\u00edm si, \u017ee OSN pot\u0159ebuje pln\u011b implementovat kroky 1-5, ne\u017e bude moci prosadit kroky 6 a 7.\u00a0P\u0159esto\u017ee Organizace spojen\u00fdch n\u00e1rod\u016f pln\u011b neprovedla prvn\u00edch p\u011bt krok\u016f v cel\u00e9 zemi, ud\u011blala dost pro zah\u00e1jen\u00ed krok\u016f 6 a 7 v tomto pl\u00e1nu OSN pro odzbrojen\u00ed.\u00a0Kroky 6 a 7 jsou uvedeny n\u00ed\u017ee:<\/span><\/p>\n<p><em><strong><span>\u201e6.\u00a0kone\u010dn\u011b kodifikace z\u00e1kon\u016f, kter\u00e9 zcela zakazuj\u00ed dr\u017een\u00ed, pou\u017e\u00edv\u00e1n\u00ed a pou\u017e\u00edv\u00e1n\u00ed st\u0159eln\u00fdch zbran\u00ed mimo vojensk\u00e9 a policejn\u00ed oblasti.<\/span><\/strong><\/em><\/p>\n<p><em><strong><span>\u201e7.\u00a0Z\u0159\u00edzen\u00ed policejn\u00ed pracovn\u00ed skupiny OSN se specifick\u00fdm \u00fakolem podporovat \u010dlensk\u00e9 st\u00e1ty p\u0159i zabavov\u00e1n\u00ed zbran\u00ed z rukou civilist\u016f.<\/span><\/strong><\/em><\/p>\n<p><strong><span>Spojen\u00ed mezi body pro zabaven\u00ed zbran\u00ed<\/span><\/strong><\/p>\n<p><span>I kdyby v\u00fd\u0161e uveden\u00fd dokument OSN o odzbrojen\u00ed Ameriky nebyl autentick\u00fd (a je), n\u00e1sleduj\u00edc\u00ed velmi ve\u0159ejn\u00fd dokument se uk\u00e1zal jako velmi autentick\u00fd.<\/span><\/p>\n<p><span>Pod nadpisem \u201eSkryt\u00ed na o\u010d\u00edch\u201c\u00a0<\/span><strong><span>OSN<\/span><\/strong><span>\u00a0v posledn\u00edch letech prosazovala n\u00e1sleduj\u00edc\u00ed postoj:<\/span><\/p>\n<p><em><strong><span>Voln\u00e9 pracovn\u00ed m\u00edsto: D\u016fstojn\u00edk pro odzbrojen\u00ed, demobilizaci a reintegraci, P4<\/span><\/strong><\/em><\/p>\n<p><em><strong><span>Pracovn\u00ed za\u0159azen\u00ed: \u00da\u0158EDN\u00cdK PRO ODzbrojen\u00ed, DEMOBILIZACI A REINTEGRACI<\/span><\/strong><\/em><\/p>\n<p><em><strong><span>Odd\u011blen\u00ed\/Agentura: Odd\u011blen\u00ed m\u00edrov\u00fdch operac\u00ed<\/span><\/strong><\/em><\/p>\n<p><em><strong><span>Um\u00edst\u011bn\u00ed kancel\u00e1\u0159e: New York<\/span><\/strong><\/em><\/p>\n<p><em><strong><span>Popis pr\u00e1ce: Minim\u00e1ln\u011b sedm let postupn\u011b odpov\u011bdn\u00e9 praxe v odzbrojen\u00ed, demobilizaci a reintegraci nebo v p\u0159\u00edbuzn\u00e9m oboru.\u00a0Zku\u0161enosti s m\u00edrov\u00fdmi opat\u0159en\u00edmi, budov\u00e1n\u00edm m\u00edru nebo opat\u0159en\u00edmi na podporu rozvoje jsou \u017e\u00e1douc\u00ed.\u00a0Zku\u0161enosti v oblasti kontroly ru\u010dn\u00edch paln\u00fdch zbran\u00ed, krizov\u00e9ho \u0159\u00edzen\u00ed konflikt\u016f\/po konfliktu a hospod\u00e1\u0159sk\u00e9 obnovy jsou \u017e\u00e1douc\u00ed.\u00a0Zku\u0161enosti s koordinac\u00ed v\u00edce partnersk\u00fdch organizac\u00ed, fond\u016f nebo program\u016f jsou \u017e\u00e1douc\u00ed.<\/span><\/strong><\/em><\/p>\n<p><span>Je\u0161t\u011b v\u00edce paliva pro tento zu\u0159\u00edc\u00ed ohe\u0148 je, kdy\u017e vezmeme v \u00favahu skute\u010dnost, \u017ee ministr zahrani\u010d\u00ed John Kerry nez\u00e1konn\u011b podepsal smlouvu OSN o obchodu se zbran\u011bmi na p\u0159\u00edkaz b\u00fdval\u00e9ho prezidenta Obamy a v p\u0159\u00edm\u00e9m rozporu s \u00fastavou Spojen\u00fdch st\u00e1t\u016f.\u00a0<\/span><strong><span>Smlouva OSN o obchodu se zbran\u011bmi obsahuje v\u0161ech 7 v\u00fd\u0161e uveden\u00fdch ustanoven\u00ed Komise OSN pro odzbrojen\u00ed.<\/span><\/strong><\/p>\n<p><span>M\u011bli bychom se tak\u00e9 zam\u011b\u0159it na vojenskou invazi, kter\u00e1 se v t\u00e9to zemi schyluje.<\/span><\/p>\n<p class=\"has-medium-font-size\"><span style=\"font-size: 18pt;\"><strong>M\u016f\u017eete se pt\u00e1t, jak\u00e1 vojensk\u00e1 invaze?<\/strong><\/span><\/p>\n<p><span>Sorosovy organizace Antifa a\u00a0<\/span><strong><span>Move0n.org<\/span><\/strong><span>\u00a0uvedly, \u017ee prezident Trump usiluje o propu\u0161t\u011bn\u00ed zvl\u00e1\u0161tn\u00edho prokur\u00e1tora Roberta Muellera a \u017ee to vyvol\u00e1 masivn\u00ed a pln\u011b pl\u00e1novanou reakci.\u00a0Krom\u011b toho b\u00fdval\u00fd gener\u00e1ln\u00ed prokur\u00e1tor Eric Holder uvedl, \u017ee kl\u00ed\u010dem by bylo vyhodit Muellera.\u00a0Z t\u011bchto dvou sd\u011blen\u00ed vypl\u00fdv\u00e1, \u017ee organizace George Sorose pl\u00e1nuj\u00ed zah\u00e1jit n\u00e1sil\u00ed tv\u00e1\u0159\u00ed v tv\u00e1\u0159 jak\u00e9koli akci, kterou Trump m\u016f\u017ee nebo nemus\u00ed sp\u00e1chat.\u00a0Pokud Sorosovy organizace vyvolaj\u00ed rozs\u00e1hl\u00e9 n\u00e1sil\u00ed, poskytne to okupa\u010dn\u00edm sil\u00e1m OSN z\u00e1minku ke konfiskaci zbran\u00ed.<\/span><\/p>\n<p><span>V p\u0159edchoz\u00edch \u010dl\u00e1nc\u00edch na toto t\u00e9ma jsem publikoval fotografie jednotek OSN ji\u017e na na\u0161\u00ed p\u016fd\u011b.\u00a0To nen\u00ed nic nov\u00e9ho.\u00a0Jen te\u010f d\u00e1vaj\u00ed najevo svou p\u0159\u00edtomnost.<\/span><\/p>\n<p class=\"has-medium-font-size\"><span style=\"font-size: 18pt;\"><strong>Historie mluv\u00ed \u2013 bude Amerika naslouchat?<\/strong><\/span><\/p>\n<p><span>Podle definice Democidn\u00edho projektu University of Hawaii do\u0161lo ve 20. stolet\u00ed k 19 genocid\u00e1m.\u00a0Ka\u017ed\u00e9 z t\u011bchto vra\u017ed p\u0159edch\u00e1zelo zabaven\u00ed zbran\u00ed.\u00a0P\u0159i n\u011bkter\u00fdch z nejpozoruhodn\u011bj\u0161\u00edch ud\u00e1lost\u00ed st\u00e1li m\u00edrov\u00e9 jednotky OSN opod\u00e1l, kdy\u017e byl ve Rwand\u011b brut\u00e1ln\u011b zavra\u017ed\u011bn milion lid\u00ed.<\/span><\/p>\n<p><span>To, co se d\u011bje v Chicagu, je jen noha ve dve\u0159\u00edch.\u00a0Je jasn\u00e9, \u017ee OSN nakonec p\u016fjde po v\u0161ech zbran\u00edch a zabavov\u00e1n\u00ed zbran\u00ed v\u017edy vede ke genocid\u011b.<\/span><\/p>\n<p><span>V z\u00e1v\u011bre\u010dn\u00e9 \u010d\u00e1sti t\u00e9to s\u00e9rie se uk\u00e1\u017ee, \u017ee zabavov\u00e1n\u00ed zbran\u00ed je pouze prost\u0159edkem k dosa\u017een\u00ed c\u00edle.\u00a0Z\u00e1v\u011bre\u010dn\u00e1 \u010d\u00e1st t\u00e9to s\u00e9rie bude zkoumat d\u016fkazy, \u017ee OSN \u0159\u00edd\u00ed t\u00e1bory FEMA.<\/span><\/p>\n<p><em>Od Milana Adamse<\/em><\/p>\n<\/div>\n<\/div>\n<div class=\"elementor-element elementor-element-8c57238 quelle dc-has-condition dc-condition-empty elementor-widget elementor-widget-heading\" data-id=\"8c57238\" data-element_type=\"widget\" data-widget_type=\"heading.default\">\n<div class=\"elementor-widget-container\">\n<h3 class=\"elementor-heading-title elementor-size-default\"><span style=\"font-size: 8pt;\"><a href=\"https:\/\/preppgroup.home.blog\/2023\/09\/22\/gun-confiscation-is-always-a-prelude-to-genocide-hiding-in-plain-sight-the-u-n-has-been-advertising-for-the-following-position-for-the-past-several-yearsdisarmament-demob\/\" target=\"_blank\" rel=\"nofollow noopener\">ZDROJ<\/a><\/span><\/h3>\n<\/div>\n<\/div>\n<p>&nbsp;<\/p>\n<p><a href=\"https:\/\/stranapro.cz\/\"><img decoding=\"async\" loading=\"lazy\" class=\"wp-image-30218 aligncenter\" src=\"http:\/\/www.infokuryr.cz\/n\/wp-content\/uploads\/2023\/06\/PRO-banner-300x36.png\" alt=\"\" width=\"1358\" height=\"163\" srcset=\"https:\/\/www.infokuryr.cz\/n\/wp-content\/uploads\/2023\/06\/PRO-banner-300x36.png 300w, https:\/\/www.infokuryr.cz\/n\/wp-content\/uploads\/2023\/06\/PRO-banner-768x93.png 768w, https:\/\/www.infokuryr.cz\/n\/wp-content\/uploads\/2023\/06\/PRO-banner.png 849w\" sizes=\"(max-width: 1358px) 100vw, 1358px\" \/><\/a><\/p>\n<p>&nbsp;<\/p>\n<p>&nbsp;<\/p>\n<p>&nbsp;<\/p>\n","protected":false},"excerpt":{"rendered":"<p>V posledn\u00edch letech OSN inzerovala n\u00e1sleduj\u00edc\u00ed pozici: \u201eODZBROJEN\u00cd, DEMOBILIZACE A REINTEGRACE D\u016eSTOJN\u00cdK\u201c Konfiskace zbran\u00ed je&#8230;<\/p>\n","protected":false},"author":2,"featured_media":37009,"comment_status":"closed","ping_status":"closed","sticky":false,"template":"","format":"standard","meta":[],"categories":[7],"tags":[178,3729,186,73],"_links":{"self":[{"href":"https:\/\/www.infokuryr.cz\/n\/wp-json\/wp\/v2\/posts\/37008"}],"collection":[{"href":"https:\/\/www.infokuryr.cz\/n\/wp-json\/wp\/v2\/posts"}],"about":[{"href":"https:\/\/www.infokuryr.cz\/n\/wp-json\/wp\/v2\/types\/post"}],"author":[{"embeddable":true,"href":"https:\/\/www.infokuryr.cz\/n\/wp-json\/wp\/v2\/users\/2"}],"replies":[{"embeddable":true,"href":"https:\/\/www.infokuryr.cz\/n\/wp-json\/wp\/v2\/comments?post=37008"}],"version-history":[{"count":1,"href":"https:\/\/www.infokuryr.cz\/n\/wp-json\/wp\/v2\/posts\/37008\/revisions"}],"predecessor-version":[{"id":37010,"href":"https:\/\/www.infokuryr.cz\/n\/wp-json\/wp\/v2\/posts\/37008\/revisions\/37010"}],"wp:featuredmedia":[{"embeddable":true,"href":"https:\/\/www.infokuryr.cz\/n\/wp-json\/wp\/v2\/media\/37009"}],"wp:attachment":[{"href":"https:\/\/www.infokuryr.cz\/n\/wp-json\/wp\/v2\/media?parent=37008"}],"wp:term":[{"taxonomy":"category","embeddable":true,"href":"https:\/\/www.infokuryr.cz\/n\/wp-json\/wp\/v2\/categories?post=37008"},{"taxonomy":"post_tag","embeddable":true,"href":"https:\/\/www.infokuryr.cz\/n\/wp-json\/wp\/v2\/tags?post=37008"}],"curies":[{"name":"wp","href":"https:\/\/api.w.org\/{rel}","templated":true}]}}