{"id":37006,"date":"2023-09-27T01:02:30","date_gmt":"2023-09-26T23:02:30","guid":{"rendered":"http:\/\/www.infokuryr.cz\/n\/?p=37006"},"modified":"2023-09-26T15:46:40","modified_gmt":"2023-09-26T13:46:40","slug":"uprostred-zastupne-valky-na-ukrajine-dohani-washington-tvrda-realita","status":"publish","type":"post","link":"https:\/\/www.infokuryr.cz\/n\/2023\/09\/27\/uprostred-zastupne-valky-na-ukrajine-dohani-washington-tvrda-realita\/","title":{"rendered":"Uprost\u0159ed z\u00e1stupn\u00e9 v\u00e1lky na Ukrajin\u011b doh\u00e1n\u00ed Washington tvrd\u00e1 realita"},"content":{"rendered":"<div id=\"fb-root\"><\/div>\n<div class=\"elementor-element elementor-element-1fb4c2c elementor-widget elementor-widget-theme-post-content\" data-id=\"1fb4c2c\" data-element_type=\"widget\" data-widget_type=\"theme-post-content.default\">\n<div class=\"elementor-widget-container\">\n<p><span>Z\u00e1padn\u00ed titulky o ukrajinsk\u00fdch sil\u00e1ch vycvi\u010den\u00fdch a vyzbrojen\u00fdch NATO a jejich vyhl\u00eddk\u00e1ch na \u201esmeten\u00ed Putinovo branc\u016f\u201c, jak tvrdil b\u00fdval\u00fd britsk\u00fd plukovn\u00edk Hamish De Bretton-Gordon v \u010dl\u00e1nku zve\u0159ejn\u011bn\u00e9m teprve letos v \u010dervnu, jsou d\u00e1vno pry\u010d.<\/span><\/p>\n<p><span>Kdy\u017e ukrajinsk\u00e9 \u00fato\u010dn\u00e9 s\u00edly neprolomily rozs\u00e1hlou ruskou obranu pod\u00e9l cel\u00e9 linie dotyku od Z\u00e1poro\u017e\u00ed po Charkov, za\u010dalo doch\u00e1zet k pozn\u00e1n\u00ed, \u017ee Washington, Lond\u00fdn a Brusel podcenily Ruskou federaci ekonomicky, politicky, diplomaticky a p\u0159edev\u0161\u00edm vojensky. a pr\u016fmyslov\u011b.<\/span><\/p>\n<p><span style=\"font-size: 18pt;\"><strong>Rusk\u00e1 zbrojn\u00ed v\u00fdroba roste, z\u00e1padn\u00ed sklady vysychaj\u00ed<\/strong><\/span><\/p>\n<p><span>Dnes vypadaj\u00ed titulky v z\u00e1padn\u00edch m\u00e9di\u00edch \u00fapln\u011b jinak.\u00a0New York Times ned\u00e1vno v \u010dl\u00e1nku nazvan\u00e9m \u201eRusko p\u0159ekonalo sankce za roz\u0161\u00ed\u0159en\u00ed v\u00fdroby raket, \u0159\u00edkaj\u00ed \u00fa\u0159edn\u00edci\u201c uvedly, \u017ee rusk\u00e1 produkce munice je nejm\u00e9n\u011b sedmkr\u00e1t vy\u0161\u0161\u00ed ne\u017e na Z\u00e1pad\u011b jako celku.<\/span><\/p>\n<p><span>Tent\u00fd\u017e \u010dl\u00e1nek uzn\u00e1v\u00e1, \u017ee Rusko zdvojn\u00e1sobilo svou produkci tank\u016f a vyr\u00e1b\u00ed 2 miliony d\u011blost\u0159eleck\u00fdch gran\u00e1t\u016f ro\u010dn\u011b, co\u017e je \u010d\u00edslo vy\u0161\u0161\u00ed ne\u017e pl\u00e1novan\u00e9 zv\u00fd\u0161en\u00ed v\u00fdroby gran\u00e1t\u016f Spojen\u00fdmi st\u00e1ty a Evropskou uni\u00ed v letech 2025 a\u017e 2027. Rusko nejen p\u0159edb\u00edh\u00e1 produkci Z\u00e1padu , ale vyr\u00e1b\u00ed zbran\u011b a st\u0159elivo za zlomek ceny z\u00e1padn\u00edch zbran\u00ed a st\u0159eliva.<\/span><\/p>\n<p><span>Jak rusk\u00fd vojensk\u00fd pr\u016fmysl roz\u0161i\u0159uje v\u00fdrobu a vyr\u00e1b\u00ed v\u00edce tank\u016f, d\u011blost\u0159electva, \u0159\u00edzen\u00fdch st\u0159el a munice pro prob\u00edhaj\u00edc\u00ed vojenskou operaci na Ukrajin\u011b, ukrajinsk\u00e9 ozbrojen\u00e9 s\u00edly zji\u0161\u0165uj\u00ed, \u017ee jejich zdroje zbran\u00ed a munice vysychaj\u00ed.<\/span><\/p>\n<p><span>BBC ned\u00e1vno\u00a0<\/span><a href=\"https:\/\/www.bbc.com\/news\/world-europe-66873495\" target=\"_blank\" rel=\"noreferrer noopener\" data-type=\"link\" data-id=\"https:\/\/www.bbc.com\/news\/world-europe-66873495\"><span>ozn\u00e1mila<\/span><\/a><span>\u00a0, \u017ee ukrajinsk\u00e9 ozbrojen\u00e9 s\u00edly ji\u017e nedod\u00e1vaj\u00ed zbran\u011b a st\u0159elivo v \u010dl\u00e1nku nazvan\u00e9m \u201ePolsko ji\u017e nedod\u00e1v\u00e1 zbran\u011b Ukrajin\u011b uprost\u0159ed obil\u00ed\u201c:<\/span><\/p>\n<p><em><span>Uprost\u0159ed diplomatick\u00fdch spor\u016f o v\u00fdvoz obil\u00ed z Kyjeva jeden z nejv\u011brn\u011bj\u0161\u00edch spojenc\u016f Ukrajiny, Polsko, ozn\u00e1milo, \u017ee ji\u017e nebude sousedn\u00ed zemi dod\u00e1vat zbran\u011b.<\/span><\/em><\/p>\n<p><cite><span>Premi\u00e9r Mateusz Morawiecki \u0159ekl, \u017ee Polsko se m\u00edsto toho soust\u0159ed\u00ed na obranu pomoc\u00ed modern\u011bj\u0161\u00edch zbran\u00ed.<\/span><\/cite><span>Zat\u00edmco Polsko i BBC se sna\u017e\u00ed toto rozhodnut\u00ed ospravedlnit rostouc\u00edm nap\u011bt\u00edm mezi Polskem a Ukrajinou, realita je takov\u00e1, \u017ee Polsko m\u011blo pouze omezen\u00e9 mno\u017estv\u00ed spot\u0159ebn\u00edch zbran\u00ed a st\u0159eliva, kter\u00e9 mohlo poslat na Ukrajinu, a \u017ee tyto z\u00e1soby vy\u010derpalo. .\u00a0Zb\u00fdv\u00e1 tak mnohem men\u0161\u00ed po\u010det modern\u011bj\u0161\u00edch syst\u00e9m\u016f, kter\u00e9 Polsko z\u00edskalo pro svou obranu.\u00a0Polsko ani jeho zahrani\u010dn\u00ed dodavatel\u00e9 zbran\u00ed nevyr\u00e1b\u011bj\u00ed zbran\u011b a st\u0159elivo v dostate\u010dn\u00e9m mno\u017estv\u00ed na podporu ukrajinsk\u00fdch sil na boji\u0161ti.<\/span><\/p>\n<p><span>Jin\u00e9 zem\u011b nedod\u00e1vaj\u00ed dlouho o\u010dek\u00e1van\u00e9 zbra\u0148ov\u00e9 syst\u00e9my.\u00a0Pat\u0159\u00ed mezi n\u011b balistick\u00e1 raketa ATACMS, kterou Ukrajina od USA po\u017eaduje u\u017e m\u011bs\u00edce a jej\u00ed\u017e dod\u00e1n\u00ed agentura Reuters v ned\u00e1vn\u00e9m \u010dl\u00e1nku znovu vylou\u010dila, p\u0159esto\u017ee tvrdila, \u017ee je bezprost\u0159edn\u00ed, p\u0159ed dal\u0161\u00edm bal\u00ed\u010dkem pomoci Pentagonu.<\/span><\/p>\n<p><span>N\u011bmeck\u00e1 vzduchem odpalovan\u00e1 st\u0159ela Taurus se tak\u00e9 neobjevila v \u017e\u00e1dn\u00e9m jin\u00e9m bal\u00ed\u010dku pomoci.\u00a0Bloomberg ve sv\u00e9m \u010dl\u00e1nku \u201eN\u011bmecko pl\u00e1nuje dal\u0161\u00edch 428 milion\u016f dolar\u016f na vojenskou pomoc pro Ukrajinu\u201c p\u00ed\u0161e, \u017ee Berl\u00edn p\u0159ed odesl\u00e1n\u00edm bal\u00ed\u010dku st\u00e1le zva\u017euje \u201er\u016fzn\u00e9 politick\u00e9, pr\u00e1vn\u00ed, vojensk\u00e9 a technick\u00e9 aspekty\u201c.<\/span><\/p>\n<p><span>Je t\u0159eba poznamenat, \u017ee ani jedna raketa spolu s \u0159adou dal\u0161\u00edch takzvan\u00fdch \u201ez\u00e1zra\u010dn\u00fdch zbran\u00ed\u201c nem\u00e1 \u0161anci zm\u011bnit v\u00fdsledek boj\u016f na Ukrajin\u011b.\u00a0Pokud budou rakety dod\u00e1ny, i kdy\u017e p\u0159inesou Kyjevu taktick\u00e1 v\u00edt\u011bzstv\u00ed, budou m\u00edt mal\u00fd nebo \u017e\u00e1dn\u00fd strategick\u00fd dopad na boje.<\/span><\/p>\n<p><span>Z vojensk\u00e9 pomoci Z\u00e1padu Ukrajin\u011b zb\u00fdv\u00e1 nedostate\u010dn\u00e9 mno\u017estv\u00ed munice, star\u00e1 a\/nebo st\u00e1le v\u00edce nevyhovuj\u00edc\u00ed obrn\u011bn\u00e1 vozidla, v\u010detn\u011b relikvi\u00ed studen\u00e9 v\u00e1lky, jako je hlavn\u00ed bojov\u00fd tank Leopard 1, a \u201ev\u00fdcvik\u201c ukrajinsk\u00fdch voj\u00e1k\u016f v \u010dasov\u00e9 t\u00edsni, kter\u00fd je naprost\u00fd. .. produkuje nep\u0159ipraven\u00e9 voj\u00e1ky, kte\u0159\u00ed t\u00e9m\u011b\u0159 jist\u011b zem\u0159ou b\u011bhem n\u011bkolika dn\u00ed po p\u0159\u00edjezdu na boji\u0161t\u011b.<\/span><\/p>\n<p><span>Z\u00e1stupn\u00e1 v\u00e1lka veden\u00e1 USA proti Rusku na Ukrajin\u011b je neudr\u017eiteln\u00e1 a zd\u00e1 se, \u017ee mnoz\u00ed v mocensk\u00fdch centrech na Z\u00e1pad\u011b si to za\u010d\u00ednaj\u00ed uv\u011bdomovat.<\/span><\/p>\n<p><span style=\"font-size: 18pt;\"><strong>Blud pokra\u010duje<\/strong><\/span><\/p>\n<p><span>V jin\u00fdch \u010d\u00e1stech z\u00e1padn\u00edch m\u00e9di\u00ed se v\u0161ak hlubok\u00fd pocit klamu st\u00e1le odr\u00e1\u017e\u00ed v \u010dl\u00e1nc\u00edch, kter\u00e9 sice uzn\u00e1vaj\u00ed selh\u00e1n\u00ed Ukrajiny, ale v\u011b\u0159\u00ed, \u017ee \u201ep\u0159ehodnocen\u00ed\u201c ukrajinsk\u00e9 vojensk\u00e9 strategie by mohlo pomoci vyhr\u00e1t v\u00e1lku, kter\u00e1 se zjevn\u011b rozvinula do \u201e dlouh\u00e1 v\u00e1lka\u201c.<\/span><\/p>\n<p><span>The Economist mimo jin\u00e9 ve sv\u00e9m \u010dl\u00e1nku napsal: \u201eUkrajinu \u010dek\u00e1 dlouh\u00e1 v\u00e1lka.\u00a0&#8222;Samoz\u0159ejm\u011b je nutn\u00e1 zm\u011bna,&#8220; p\u0159ipou\u0161t\u00ed, \u017ee dlouho o\u010dek\u00e1van\u00e1 ofenz\u00edva &#8222;nefunguje&#8220;, ale po\u017eaduje v\u00edce \u00fato\u010dn\u00fdch a obrann\u00fdch schopnost\u00ed pro Ukrajinu, v\u010detn\u011b dodate\u010dn\u00fdch syst\u00e9m\u016f protivzdu\u0161n\u00e9 obrany a &#8222;spolehliv\u00fdch d\u011blost\u0159eleck\u00fdch z\u00e1sob&#8220;, co\u017e oboj\u00ed objektivn\u011b funguje. neexistuj\u00ed v po\u017eadovan\u00e9m mno\u017estv\u00ed a nebudou existovat v p\u0159\u00ed\u0161t\u00edch n\u011bkolika letech.<\/span><\/p>\n<p><span>V jednom bod\u011b \u010dl\u00e1nku The Economist trv\u00e1 na tom, \u017ee Evropa \u201eupgraduje sv\u016fj obrann\u00fd pr\u016fmysl\u201c, p\u0159i\u010dem\u017e si zjevn\u011b neuv\u011bdomuje, \u017ee doba realizace se m\u011b\u0159\u00ed v letech \u2013 letech, kter\u00e9 Ukrajina nem\u00e1.<\/span><\/p>\n<p><span>Zd\u00e1 se, \u017ee z\u00e1padn\u00ed kolektiv si uv\u011bdomuje, \u017ee jeho pl\u00e1n ukon\u010dit v\u00e1lku v jeho prosp\u011bch d\u0159\u00edve ne\u017e pozd\u011bji je odsouzen k nezdaru, ale nezd\u00e1 se, \u017ee by si uv\u011bdomoval, \u017ee \u201edlouh\u00e1 v\u00e1lka\u201c, kter\u00e1 nyn\u00ed le\u017e\u00ed p\u0159ed n\u00edm, je nad jeho schopnosti v\u00e9st ho. proxy nebo jin\u00fdm zp\u016fsobem.\u00a0Z\u00e1stupn\u00e1 v\u00e1lka zam\u011b\u0159en\u00e1 na \u201eroz\u0161\u00ed\u0159en\u00ed Ruska\u201c nyn\u00ed \u010din\u00ed Rusko vojensky a pr\u016fmyslov\u011b siln\u011bj\u0161\u00edm.\u00a0Konflikt a sankce uvalen\u00e9 Z\u00e1padem proti Rusku z\u00e1rove\u0148 p\u016fsob\u00ed jako katalyz\u00e1tor pro ostatn\u00ed n\u00e1rody, aby se odvr\u00e1tily od unipol\u00e1rn\u00edho sv\u011bta veden\u00e9ho USA a m\u00edsto toho investovaly do multipol\u00e1rn\u00ed alternativy v obav\u011b, \u017ee Z\u00e1pad jednoho dne jejich pou\u017eit\u00ed podobn\u00fdm zp\u016fsobem by mohlo za\u00fato\u010dit.<\/span><\/p>\n<p><span>Je jasn\u00e9, \u017ee \u010d\u00edm v\u00edce se kolektivn\u00ed Z\u00e1pad sna\u017e\u00ed dostat Ukrajinu do siln\u011bj\u0161\u00ed vyjedn\u00e1vac\u00ed pozice, t\u00edm slab\u0161\u00ed se Ukrajina a jej\u00ed z\u00e1padn\u00ed p\u0159\u00edznivci st\u00e1vaj\u00ed.\u00a0\u010c\u00edm d\u00e9le bude tento konflikt pokra\u010dovat, t\u00edm hor\u0161\u00ed to bude pro Ukrajinu a jej\u00ed sponzory.\u00a0Pro kolektivn\u00ed Z\u00e1pad je vojensky a pr\u016fmyslov\u011b nemo\u017en\u00e9 tuto z\u00e1stupnou v\u00e1lku vyhr\u00e1t, ale p\u0159ijet\u00ed t\u00e9to reality se zd\u00e1 b\u00fdt stejn\u011b psychologicky nemo\u017en\u00e9 pro kolektivn\u00ed z\u00e1padn\u00ed veden\u00ed.<\/span><\/p>\n<p><span style=\"font-size: 18pt;\"><strong>*<\/strong><\/span><\/p>\n<p><em><span>Brian Berletic je geopolitick\u00fd v\u00fdzkumn\u00edk a autor z Bangkoku, kter\u00fd prim\u00e1rn\u011b p\u00ed\u0161e pro internetov\u00fd magaz\u00edn New Eastern Outlook.<\/span><\/em><\/p>\n<\/div>\n<\/div>\n<div class=\"elementor-element elementor-element-8c57238 quelle dc-has-condition dc-condition-empty elementor-widget elementor-widget-heading\" data-id=\"8c57238\" data-element_type=\"widget\" data-widget_type=\"heading.default\">\n<div class=\"elementor-widget-container\">\n<h3 class=\"elementor-heading-title elementor-size-default\"><span style=\"font-size: 8pt;\"><a href=\"https:\/\/journal-neo.su\/2023\/09\/25\/washington-wakes-up-to-harsh-reality-amid-ukraine-proxy-war\/\" target=\"_blank\" rel=\"nofollow noopener\">ZDROJ<\/a><\/span><\/h3>\n<\/div>\n<\/div>\n<p>&nbsp;<\/p>\n<p><a href=\"https:\/\/stranapro.cz\/\"><img decoding=\"async\" loading=\"lazy\" class=\"wp-image-30218 aligncenter\" src=\"http:\/\/www.infokuryr.cz\/n\/wp-content\/uploads\/2023\/06\/PRO-banner-300x36.png\" alt=\"\" width=\"1367\" height=\"164\" srcset=\"https:\/\/www.infokuryr.cz\/n\/wp-content\/uploads\/2023\/06\/PRO-banner-300x36.png 300w, https:\/\/www.infokuryr.cz\/n\/wp-content\/uploads\/2023\/06\/PRO-banner-768x93.png 768w, https:\/\/www.infokuryr.cz\/n\/wp-content\/uploads\/2023\/06\/PRO-banner.png 849w\" sizes=\"(max-width: 1367px) 100vw, 1367px\" \/><\/a><\/p>\n<p>&nbsp;<\/p>\n<p>&nbsp;<\/p>\n<p>&nbsp;<\/p>\n","protected":false},"excerpt":{"rendered":"<p>Z\u00e1padn\u00ed titulky o ukrajinsk\u00fdch sil\u00e1ch vycvi\u010den\u00fdch a vyzbrojen\u00fdch NATO a jejich vyhl\u00eddk\u00e1ch na \u201esmeten\u00ed Putinovo&#8230;<\/p>\n","protected":false},"author":2,"featured_media":37007,"comment_status":"closed","ping_status":"closed","sticky":false,"template":"","format":"standard","meta":[],"categories":[7],"tags":[1042,158,26,37],"_links":{"self":[{"href":"https:\/\/www.infokuryr.cz\/n\/wp-json\/wp\/v2\/posts\/37006"}],"collection":[{"href":"https:\/\/www.infokuryr.cz\/n\/wp-json\/wp\/v2\/posts"}],"about":[{"href":"https:\/\/www.infokuryr.cz\/n\/wp-json\/wp\/v2\/types\/post"}],"author":[{"embeddable":true,"href":"https:\/\/www.infokuryr.cz\/n\/wp-json\/wp\/v2\/users\/2"}],"replies":[{"embeddable":true,"href":"https:\/\/www.infokuryr.cz\/n\/wp-json\/wp\/v2\/comments?post=37006"}],"version-history":[{"count":0,"href":"https:\/\/www.infokuryr.cz\/n\/wp-json\/wp\/v2\/posts\/37006\/revisions"}],"wp:featuredmedia":[{"embeddable":true,"href":"https:\/\/www.infokuryr.cz\/n\/wp-json\/wp\/v2\/media\/37007"}],"wp:attachment":[{"href":"https:\/\/www.infokuryr.cz\/n\/wp-json\/wp\/v2\/media?parent=37006"}],"wp:term":[{"taxonomy":"category","embeddable":true,"href":"https:\/\/www.infokuryr.cz\/n\/wp-json\/wp\/v2\/categories?post=37006"},{"taxonomy":"post_tag","embeddable":true,"href":"https:\/\/www.infokuryr.cz\/n\/wp-json\/wp\/v2\/tags?post=37006"}],"curies":[{"name":"wp","href":"https:\/\/api.w.org\/{rel}","templated":true}]}}