{"id":36989,"date":"2023-09-26T06:36:39","date_gmt":"2023-09-26T04:36:39","guid":{"rendered":"http:\/\/www.infokuryr.cz\/n\/?p=36989"},"modified":"2023-09-26T06:48:54","modified_gmt":"2023-09-26T04:48:54","slug":"kanadsky-pozdrav-ukrajinskeho-nacisty-nebyla-nahoda","status":"publish","type":"post","link":"https:\/\/www.infokuryr.cz\/n\/2023\/09\/26\/kanadsky-pozdrav-ukrajinskeho-nacisty-nebyla-nahoda\/","title":{"rendered":"Kanadsk\u00fd pozdrav ukrajinsk\u00e9ho nacisty nebyla n\u00e1hoda"},"content":{"rendered":"<div id=\"fb-root\"><\/div>\n<p><span style=\"font-size: 18pt;\"><strong>Ottawa m\u00e1 za sebou historii kryt\u00ed nacist\u016f, od druh\u00e9 sv\u011btov\u00e9 v\u00e1lky a\u017e po dne\u0161n\u00ed Kyjev<\/strong><\/span><\/p>\n<p>Sc\u00e9na kanadsk\u00e9ho parlamentu, kter\u00fd p\u0159ed t\u0159emi dny potlesk ve stoje b\u00fdval\u00e9mu nacistovi z Waffen SS, oblet\u011bla internet.<\/p>\n<p>B\u011bhem n\u00e1v\u0161t\u011bvy ukrajinsk\u00e9ho prezidenta Vladimira Zelensk\u00e9ho v Kanad\u011b a po jeho p\u0159edv\u00eddateln\u011b bombastick\u00e9m panovnick\u00e9m projevu p\u0159edseda Sn\u011bmovny reprezentant\u016f Anthony Rota toho dne v parlamentu vychvaloval ukrajinsk\u00e9ho Kana\u010fana: Jaroslava Hunku, nacistu z dob druh\u00e9 sv\u011btov\u00e9 v\u00e1lky. ho\u00a0<em>\u201eukrajinsk\u00fd hrdina, kanadsk\u00fd hrdina\u201c<\/em>\u00a0a pod\u011bkoval mu za jeho slu\u017ebu.<\/p>\n<p>O dva dny pozd\u011bji se Rota omluvil za to, \u017ee mu\u017ee pochv\u00e1lil a \u0159ekl, \u017ee\u00a0<em>\u201erozpoznal jednotlivce v galerii\u201c<\/em>\u00a0a n\u00e1sledn\u011b se dozv\u011bd\u011bl\u00a0<em>\u201ev\u00edce informac\u00ed, kv\u016fli kter\u00fdm lituji<\/em>\u00a0\u00a0sv\u00e9ho\u00a0<em>\u00a0rozhodnut\u00ed tak u\u010dinit\u201c.\u00a0<\/em><\/p>\n<p>Jen pro up\u0159esn\u011bn\u00ed \u2013 proto\u017ee Rota nebyl \u2013\u00a0<em>osobou<\/em>\u00a0, o kter\u00e9 pokorn\u011b hovo\u0159il, byl Jaroslav Hunka, a informace\u00a0<em>,<\/em>\u00a0kter\u00e1 Rotu k v\u00fd\u010ditk\u00e1m zp\u016fsobila, byla, \u017ee Hunka byl\u00a0<a href=\"https:\/\/twitter.com\/I_Katchanovski\/status\/1705744164967666000\">dobrovoln\u00fdm<\/a>\u00a0\u010dlenem 1. hali\u010dsk\u00e9 divize Waffen SS \u2013 v\u00edte, ten\u00a0<a href=\"https:\/\/twitter.com\/I_Katchanovski\/status\/1705769548429865122\">obvin\u011bn\u00fd masov\u00e9ho<\/a>\u00a0vra\u017ed\u011bn\u00ed Pol\u00e1k\u016f, \u017did\u016f a Ukrajinc\u016f na Ukrajin\u011b a v Polsku, jako\u017e i p\u00e1ch\u00e1n\u00ed\u00a0<a href=\"http:\/\/espritdecorps.ca\/history-feature\/whitewashing-the-ss-the-attempt-to-re-write-the-history-of-hitlers-collaborators\">dal\u0161\u00edch zv\u011brstev<\/a>\u00a0.<\/p>\n<p>Zat\u00edmco Rota tvrd\u00ed, \u017ee si nebyl v\u011bdom Hunkovy slu\u017eby jako nacisty, vzhledem k tomu, \u017ee Hunku tak\u00e9 chv\u00e1lil za boj\u00a0<em>\u201eza ukrajinskou nez\u00e1vislost proti Rus\u016fm\u201c,<\/em>\u00a0lze p\u0159edpokl\u00e1dat, \u017ee jde o\u00a0<em>slu\u017ebu,<\/em>\u00a0o kter\u00e9 hovo\u0159il.<\/p>\n<p>Ve sv\u00e9 omluv\u011b Rota uvedl:\u00a0<em>\u201e\u00a0<\/em><em>nikdo, v\u010detn\u011b koleg\u016f poslanc\u016f a ukrajinsk\u00e9 delegace, si nebyl v\u011bdom m\u00e9ho \u00famyslu nebo m\u00fdch pozn\u00e1mek, ne\u017e jsem je pronesl.\u00a0<\/em>\u00a0Kancel\u00e1\u0159 kanadsk\u00e9ho premi\u00e9ra Justina Trudeaua pop\u0159ela, \u017ee by o Hunkovi a jeho nacistick\u00fdch slu\u017eb\u00e1ch v\u011bd\u011bla, a\u00a0<a href=\"https:\/\/www.ctvnews.ca\/canada\/house-speaker-anthony-rota-apologizes-after-inviting-man-who-fought-for-nazis-to-parliament-1.6575593\" target=\"_blank\" rel=\"noopener noreferrer\">uvedla<\/a>\u00a0:\u00a0<em>\u201eP\u0159edseda m\u011bl na p\u00e1te\u010dn\u00ed adrese vlastn\u00ed p\u0159id\u011blen\u00ed m\u00edst k sezen\u00ed pro hosty, kter\u00e1 byla ur\u010dena pouze p\u0159edsedou a jeho kancel\u00e1\u0159\u00ed.\u00a0<\/em>Zd\u00e1 se v\u0161ak velmi nepravd\u011bpodobn\u00e9, \u017ee by kanadsk\u00e1 vl\u00e1da pustila kohokoli do parlamentu bez d\u016fkladn\u00e9ho preventivn\u00edho prov\u011b\u0159ov\u00e1n\u00ed, kdy\u017e hovo\u0159il Zelensky, hostuj\u00edc\u00ed prezident.<\/p>\n<p>A\u0165 u\u017e Trudeau (a jeho n\u00e1m\u011bstkyn\u011b premi\u00e9rka Chrystia Freelandov\u00e1\u00a0<a href=\"https:\/\/banderalobby.substack.com\/p\/the-canadian-bandera-network\" target=\"_blank\" rel=\"noopener noreferrer\">sympatizuj\u00edc\u00ed se Stepanem Banderou<\/a>\u00a0) v\u011bd\u011bli o Yaroslavu Hunkovi nebo ne, ot\u00e1zkou z\u016fst\u00e1v\u00e1: pro\u010d nebyl nikdy postaven p\u0159ed soud?\u00a0On nebo kter\u00fdkoli z dal\u0161\u00edch 2 000 SS nacist\u016f Kanada \u00fadajn\u011b p\u0159ijala v letech po 2. sv\u011btov\u00e9 v\u00e1lce.\u00a0Tito podez\u0159el\u00ed v\u00e1le\u010dn\u00ed zlo\u010dinci a kolaboranti byli p\u0159ijati jako antikomunisti\u010dt\u00ed uprchl\u00edci s malou nebo \u017e\u00e1dnou kontrolou a bylo jim dovoleno do\u017e\u00edt zbytek sv\u00fdch dn\u016f v m\u00edru a v\u011bt\u0161ina z nich tak u\u010dinila otev\u0159en\u011b pod sv\u00fdmi vlastn\u00edmi jm\u00e9ny, jako Simon Wiesenthalovo centrum\u00a0<a href=\"https:\/\/jweekly.com\/1997\/02\/07\/canada-admits-letting-in-2-000-ukrainian-ss-troopers\/\" target=\"_blank\" rel=\"noopener noreferrer\">opakovan\u011b\u00a0<\/a>\u00a0<a href=\"https:\/\/ca.news.yahoo.com\/blogs\/dailybrew\/ottawa-agrees-revisit-case-suspected-nazi-war-criminal-190942698.html\" target=\"_blank\" rel=\"noopener noreferrer\">informovalo<\/a>\u00a0.<\/p>\n<p><a href=\"https:\/\/stranapro.cz\/\"><img decoding=\"async\" loading=\"lazy\" class=\"wp-image-30218 aligncenter\" src=\"http:\/\/www.infokuryr.cz\/n\/wp-content\/uploads\/2023\/06\/PRO-banner-300x36.png\" alt=\"\" width=\"1358\" height=\"163\" srcset=\"https:\/\/www.infokuryr.cz\/n\/wp-content\/uploads\/2023\/06\/PRO-banner-300x36.png 300w, https:\/\/www.infokuryr.cz\/n\/wp-content\/uploads\/2023\/06\/PRO-banner-768x93.png 768w, https:\/\/www.infokuryr.cz\/n\/wp-content\/uploads\/2023\/06\/PRO-banner.png 849w\" sizes=\"(max-width: 1358px) 100vw, 1358px\" \/><\/a><\/p>\n<p>O historii Kanady s ukrajinsk\u00fdmi nacisty by se toho dalo \u0159\u00edci mnoho.\u00a0Nejen\u017ee je p\u0159ijala po 2. sv\u011btov\u00e9 v\u00e1lce, ale vl\u00e1dou podporovan\u00fd\u00a0<a href=\"https:\/\/coat.ncf.ca\/research\/Chomiak-Freeland\/C-F_9.htm\" target=\"_blank\" rel=\"noopener noreferrer\">ukrajinsk\u00fd kanadsk\u00fd kongres<\/a>\u00a0, kter\u00fd doned\u00e1vna uv\u00e1d\u011bl jako \u010dleny organizace veter\u00e1n\u016f kolaborantsk\u00fdch nacist\u016f, stejn\u011b jako vl\u00e1dou financovan\u00e1 ukrajinsk\u00e1 \u201e\u00a0<a href=\"https:\/\/coat.ncf.ca\/P4C\/70\/70_50-51.htm\" target=\"_blank\" rel=\"noopener noreferrer\">centra ml\u00e1de\u017ee<\/a>\u00a0\u201c, kter\u00e1 oslavuj\u00ed nacistick\u00e9 kolaboranty jako Stepan. Bandera a Roman \u0160uchevi\u010d.\u00a0<a href=\"https:\/\/www.readthemaple.com\/canadian-support-for-ukrainian-nazi-collaborators-goes-beyond-statues\/\" target=\"_blank\" rel=\"noopener noreferrer\">V kanadsk\u00fdch m\u011bstech dokonce st\u00e1le stoj\u00ed<\/a>\u00a0pomn\u00edky uct\u00edvaj\u00edc\u00ed nacistick\u00e9 kolaboranty a zlo\u010dince ukrajinsk\u00e9 povstaleck\u00e9 arm\u00e1dy\u00a0.<\/p>\n<p>Kanada tak\u00e9\u00a0\u00a0<a href=\"https:\/\/twitter.com\/EvaKBartlett\/status\/1544883736617041921\" target=\"_blank\" rel=\"noopener noreferrer\">podporovala<\/a>\u00a0novodob\u00e9 nacisty na samotn\u00e9 Ukrajin\u011b t\u00edm, \u017ee cvi\u010dila \u010dleny neonacistick\u00e9ho praporu Azov na kanadsk\u00e9 p\u016fd\u011b, a\u010dkoli kanadsk\u00e1 korpor\u00e1tn\u00ed m\u00e9dia se to v posledn\u00edch letech pokou\u0161ela bagatelizovat.<\/p>\n<p>Radio Canada v dubnu 2022\u00a0<a href=\"https:\/\/ici.radio-canada.ca\/nouvelle\/1873461\/canada-regiment-ukrainien-lie-extreme-droite-azov\" target=\"_blank\" rel=\"noopener noreferrer\">ozn\u00e1milo<\/a>\u00a0, \u017ee kanadsk\u00e9 ozbrojen\u00e9 s\u00edly\u00a0<em>\u201ep\u0159isp\u011bly k v\u00fdcviku voj\u00e1k\u016f pluku Azov v roce 2020 a\u017e do bodu, kdy se tato jednotka nyn\u00ed chlub\u00ed t\u00edm, \u017ee je schopna vycvi\u010dit sv\u00e9 vlastn\u00ed voj\u00e1ky podle z\u00e1padn\u00edch standard\u016f\u201c.\u00a0<\/em>The Ottawa Citizen,\u00a0<a href=\"https:\/\/ottawacitizen.com\/news\/national\/defence-watch\/canada-failed-when-it-trained-ukrainian-troops-linked-to-the-far-right-says-nazi-hunter\" target=\"_blank\" rel=\"noopener noreferrer\">p\u00ed\u0161\u00edc\u00ed o<\/a>\u00a0t\u00e9to zpr\u00e1v\u011b, citoval br\u00edfink kanadsk\u00e9 Joint Task Force Ukraine z roku 2017, ve kter\u00e9m uvedl:\u00a0\u00a0<em>\u201eV\u00edce \u010dlen\u016f Azova se ozna\u010dilo za nacisty.<\/em><\/p>\n<p>V listopadu 2021 tent\u00fd\u017e novin\u00e1\u0159 Ottawa Citizen\u00a0<a href=\"https:\/\/ottawacitizen.com\/news\/national\/defence-watch\/canadian-officials-who-met-with-ukrainian-unit-linked-to-neo-nazis-feared-exposure-by-news-media-documents\" target=\"_blank\" rel=\"noopener noreferrer\">napsal<\/a>\u00a0o setk\u00e1n\u00ed kanadsk\u00fdch p\u0159edstavitel\u016f\u00a0<a href=\"https:\/\/www.youtube.com\/watch?v=iDG_hWlVda4\" target=\"_blank\" rel=\"noopener noreferrer\">s v\u016fdci<\/a>\u00a0praporu Azov v \u010dervnu 2018. Kanad\u0161t\u00ed d\u016fstojn\u00edci a diplomat\u00e9\u00a0\u00a0<em>\u201eneprotestovali proti setk\u00e1n\u00ed a m\u00edsto toho se nechali vyfotografovat s p\u0159edstaviteli praporu navzdory p\u0159edchoz\u00edm varov\u00e1n\u00edm, \u017ee jednotka se pova\u017eovala za pronacistickou.<\/em><\/p>\n<p>Kanada (spolu s USA a samotnou Ukrajinou) opakovan\u011b odm\u00edtla podpo\u0159it rezoluce OSN proti glorifikaci nacismu, neonacismu a rasov\u00e9 diskriminaci, proto\u017ee byly pova\u017eov\u00e1ny za c\u00edlen\u00e9 na Kyjev.\u00a0Naprost\u00e1 v\u011bt\u0161ina \u010dlensk\u00fdch st\u00e1t\u016f tyto rezoluce podpo\u0159ila, p\u0159i\u010dem\u017e ostatn\u00ed z\u00e1padn\u00ed podporovatel\u00e9 Kyjeva (jako v\u0161echny \u010dlensk\u00e9 st\u00e1ty EU) a jejich spojenci (jako Japonsko a Nov\u00fd Z\u00e9land) se zdr\u017eeli hlasov\u00e1n\u00ed.<\/p>\n<p>Pokud sledujete nekaj\u00edcnou podporu Kanady nacist\u016fm, ovace parlamentu pro b\u00fdval\u00e9ho \u010dlena SS nebudou tak p\u0159ekvapiv\u00e9.\u00a0Spustilo to malou bou\u0159i, pobou\u0159en\u00ed vyj\u00e1d\u0159ili nejen ochr\u00e1nci \u017eidovsk\u00fdch pr\u00e1v a Moskva, ale tak\u00e9 polsk\u00fd velvyslanec v Kanad\u011b.<\/p>\n<p>Lze jen doufat, \u017ee se na\u0161li \u010dlenov\u00e9 parlamentu, kte\u0159\u00ed byli up\u0159\u00edmn\u011b zd\u011b\u0161eni, kdy\u017e se dozv\u011bd\u011bli, \u017ee fandili nacist\u016fm.\u00a0Nyn\u00ed, kdy\u017e v\u0161ak do\u0161lo k omluv\u00e1m, pobou\u0159en\u00ed s nejv\u011bt\u0161\u00ed pravd\u011bpodobnost\u00ed jednodu\u0161e utichne a Ottawa bude pokra\u010dovat v podpo\u0159e stejn\u00e9ho druhu lid\u00ed, pokud budou na stejn\u00e9 stran\u011b v z\u00e1stupn\u00e9 v\u00e1lce Z\u00e1padu proti Rusku.<\/p>\n<p>Ostatn\u011b, jak poznamenala kanadsk\u00e1 badatelka Tamara Lorinczov\u00e1, zat\u00edmco v\u0161ichni ukrajinsk\u00e9mu nacistovi tleskali:\u00a0<em>\u201eAni jeden poslanec nevolal po m\u00edru, p\u0159\u00edm\u011b\u0159\u00ed a vyjedn\u00e1v\u00e1n\u00ed.\u00a0<\/em>To je ta klidn\u00e1 \u010d\u00e1st, kterou je m\u00e1lokdo ochoten \u0159\u00edci nahlas \u2013 stejn\u011b jako Kanada zjevn\u011b p\u0159ijala \u201euprchl\u00edky\u201c SS, proto\u017ee to byli bojovn\u00edci proti komunismu Sov\u011btsk\u00e9ho svazu, stejn\u011b jako Kanada (a dal\u0161\u00ed z\u00e1padn\u00ed mocnosti) jsou ochotny podporovat teroristy, pokud bojuj\u00ed proti \u201ene\u017e\u00e1douc\u00ed\u201c vl\u00e1da na Bl\u00edzk\u00e9m v\u00fdchod\u011b, tak\u017ee Kanada bude i nad\u00e1le kr\u00fdt, podporovat a p\u0159edst\u00edrat, \u017ee si nev\u0161imla o\u017eiven\u00ed jedn\u00e9 z nejot\u0159esn\u011bj\u0161\u00edch ideologi\u00ed historie, dokud jej\u00ed p\u0159\u00edvr\u017eenci mohou b\u00fdt zneu\u017eiti proti sou\u010dasn\u00e9mu protivn\u00edkovi \u2013 Rusku .<\/p>\n<p>Zelenskyj zase chv\u00e1lil Kanadu za to, \u017ee byla v\u017edy na \u201e\u00a0<em>sv\u011btlej\u0161\u00ed stran\u011b historie\u201c.\u00a0<\/em> Jen pro rekapitulaci: Kanada pomohla zni\u010dit Libyi, Kanada nep\u0159\u00edmo podporovala teroristy v S\u00fdrii proti zvolen\u00e9mu prezidentovi zem\u011b, Kanada po 2. sv\u011btov\u00e9 v\u00e1lce ubytovala 2000 nacist\u016f a Kanada nyn\u00ed podporuje nacisty na Ukrajin\u011b. Zelensk\u00e9ho definice sv\u011btl\u00e9 (nebo prav\u00e9) strany historie je m\u00edrn\u011b \u0159e\u010deno zvl\u00e1\u0161tn\u00ed.<\/p>\n<p><em>Autorka: <strong>Eva Bartlett je<\/strong> kanadsk\u00e1 nez\u00e1visl\u00e1 novin\u00e1\u0159ka. Str\u00e1vila l\u00e9ta v ter\u00e9nu a pokr\u00fdvala konfliktn\u00ed z\u00f3ny na Bl\u00edzk\u00e9m v\u00fdchod\u011b, zejm\u00e9na v S\u00fdrii a Palestin\u011b (kde \u017eila t\u00e9m\u011b\u0159 \u010dty\u0159i roky).\u00a0<\/em><\/p>\n<p>&nbsp;<\/p>\n<p>&nbsp;<\/p>\n<p>&nbsp;<\/p>\n","protected":false},"excerpt":{"rendered":"<p>Ottawa m\u00e1 za sebou historii kryt\u00ed nacist\u016f, od druh\u00e9 sv\u011btov\u00e9 v\u00e1lky a\u017e po dne\u0161n\u00ed Kyjev&#8230;<\/p>\n","protected":false},"author":2,"featured_media":36865,"comment_status":"closed","ping_status":"closed","sticky":false,"template":"","format":"standard","meta":[],"categories":[7],"tags":[248,29,664,557,26],"_links":{"self":[{"href":"https:\/\/www.infokuryr.cz\/n\/wp-json\/wp\/v2\/posts\/36989"}],"collection":[{"href":"https:\/\/www.infokuryr.cz\/n\/wp-json\/wp\/v2\/posts"}],"about":[{"href":"https:\/\/www.infokuryr.cz\/n\/wp-json\/wp\/v2\/types\/post"}],"author":[{"embeddable":true,"href":"https:\/\/www.infokuryr.cz\/n\/wp-json\/wp\/v2\/users\/2"}],"replies":[{"embeddable":true,"href":"https:\/\/www.infokuryr.cz\/n\/wp-json\/wp\/v2\/comments?post=36989"}],"version-history":[{"count":0,"href":"https:\/\/www.infokuryr.cz\/n\/wp-json\/wp\/v2\/posts\/36989\/revisions"}],"wp:featuredmedia":[{"embeddable":true,"href":"https:\/\/www.infokuryr.cz\/n\/wp-json\/wp\/v2\/media\/36865"}],"wp:attachment":[{"href":"https:\/\/www.infokuryr.cz\/n\/wp-json\/wp\/v2\/media?parent=36989"}],"wp:term":[{"taxonomy":"category","embeddable":true,"href":"https:\/\/www.infokuryr.cz\/n\/wp-json\/wp\/v2\/categories?post=36989"},{"taxonomy":"post_tag","embeddable":true,"href":"https:\/\/www.infokuryr.cz\/n\/wp-json\/wp\/v2\/tags?post=36989"}],"curies":[{"name":"wp","href":"https:\/\/api.w.org\/{rel}","templated":true}]}}