{"id":36984,"date":"2023-09-26T06:06:55","date_gmt":"2023-09-26T04:06:55","guid":{"rendered":"http:\/\/www.infokuryr.cz\/n\/?p=36984"},"modified":"2023-09-26T06:06:55","modified_gmt":"2023-09-26T04:06:55","slug":"zelenskeho-manzelka-si-neni-jista-zda-bude-usilovat-o-znovuzvoleni","status":"publish","type":"post","link":"https:\/\/www.infokuryr.cz\/n\/2023\/09\/26\/zelenskeho-manzelka-si-neni-jista-zda-bude-usilovat-o-znovuzvoleni\/","title":{"rendered":"Zelensk\u00e9ho man\u017eelka si nen\u00ed jist\u00e1, zda bude usilovat o znovuzvolen\u00ed"},"content":{"rendered":"<div id=\"fb-root\"><\/div>\n<p><span style=\"font-size: 18pt;\"><strong>Ukrajinsk\u00fd prezident d\u0159\u00edve tvrdil, \u017ee uspo\u0159\u00e1d\u00e1n\u00ed voleb by vzhledem k n\u00e1rodn\u00edm okolnostem nebylo mo\u017en\u00e9<\/strong><\/span><\/p>\n<p><span>Ukrajinsk\u00fd prezident Vladimir Zelenskyj se mo\u017en\u00e1 p\u0159\u00ed\u0161t\u00ed rok nebude uch\u00e1zet o znovuzvolen\u00ed, \u0159ekla v ned\u011bli CBS Face the Nation jeho man\u017eelka, prvn\u00ed d\u00e1ma Elena Zelenskaja, i kdy\u017e bez \u017e\u00e1dn\u00e9 opozice je v\u00fdsledek jak\u00fdchkoli voleb t\u00e9m\u011b\u0159 jist\u011b p\u0159edem rozhodnut\u00fd.<\/span><\/p>\n<p><span>Zelenskyj\u00a0<\/span><a href=\"https:\/\/www.rt.com\/news\/557500-ukraine-bans-opposition-platform-for-life-party\/\" target=\"_blank\" rel=\"noopener noreferrer\"><span>zak\u00e1zal<\/span><\/a><span>\u00a0v\u0161em opozi\u010dn\u00edm politick\u00fdm stran\u00e1m m\u00e9n\u011b ne\u017e m\u011bs\u00edc vojenskou operaci v Rusku a\u00a0<\/span><a href=\"https:\/\/www.rt.com\/russia\/552335-ukraine-tv-marathon-policy\/\" target=\"_blank\" rel=\"noopener noreferrer\"><span>sjednotil<\/span><\/a><span>\u00a0v\u0161echna potenci\u00e1ln\u011b nep\u0159\u00e1telsk\u00e1 m\u00e9dia do jedn\u00e9 st\u00e1tem podporovan\u00e9 platformy.\u00a0Neozvali se ani \u017e\u00e1dn\u00ed potenci\u00e1ln\u00ed prezident\u0161t\u00ed vyzyvatel\u00e9.<\/span><\/p>\n<p><span>Zelenskaja v\u0161ak uvedla, \u017ee rozhodnut\u00ed jej\u00edho man\u017eela o tom, zda znovu kandidovat, m\u016f\u017ee b\u00fdt ovlivn\u011bno pot\u00ed\u017eemi s organizac\u00ed voleb uprost\u0159ed vojensk\u00e9ho konfliktu, kdy miliony opr\u00e1vn\u011bn\u00fdch voli\u010d\u016f jsou rozpt\u00fdleny po v\u0161ech okoln\u00edch kontinentech.\u00a0Dodala, \u017ee\u00a0<\/span><em><span>ho p\u0159esto \u201epodpo\u0159\u00ed, a\u0165 se rozhodne jakkoli.\u00a0<\/span><\/em><span>\u201c<\/span><\/p>\n<p><span>\u201e\u00a0<\/span><em><span>Bude z\u00e1le\u017eet i na tom, zda by ho na\u0161e spole\u010dnost pot\u0159ebovala jako prezidenta, pokud bude m\u00edt pocit, \u017ee ukrajinsk\u00e1 spole\u010dnost by si u\u017e nep\u0159\u00e1la, aby byl prezidentem, pravd\u011bpodobn\u011b nebude kandidovat,\u201c dodala s t\u00edm, \u017ee si nen\u00ed jist\u00e1<\/span><\/em><span>\u00a0man\u017eelov\u00fdm \u00famysl.\u00a0<\/span><\/p>\n<div class=\"read-more read-more__right\" data-has-alias=\"\"><a href=\"https:\/\/stranapro.cz\/\"><img decoding=\"async\" loading=\"lazy\" class=\"wp-image-30218 aligncenter\" src=\"http:\/\/www.infokuryr.cz\/n\/wp-content\/uploads\/2023\/06\/PRO-banner-300x36.png\" alt=\"\" width=\"1358\" height=\"163\" srcset=\"https:\/\/www.infokuryr.cz\/n\/wp-content\/uploads\/2023\/06\/PRO-banner-300x36.png 300w, https:\/\/www.infokuryr.cz\/n\/wp-content\/uploads\/2023\/06\/PRO-banner-768x93.png 768w, https:\/\/www.infokuryr.cz\/n\/wp-content\/uploads\/2023\/06\/PRO-banner.png 849w\" sizes=\"(max-width: 1358px) 100vw, 1358px\" \/><\/a><\/div>\n<p><span>Zat\u00edmco Zelenskaja tvrdila, \u017ee \u201e\u00a0<\/span><em><span>pln\u011b nepodporovala<\/span><\/em><span>\u00a0\u201c jeho prvn\u00ed pokus o prezidentsk\u00fd \u00fa\u0159ad, uznala, \u017ee druh\u00fd pokus nebude \u201e\u00a0<\/span><em><span>tak d\u011bsiv\u00fd<\/span><\/em><span>\u00a0\u201c kv\u016fli zku\u0161enostem p\u00e1ru.\u00a0Moder\u00e1torovu ot\u00e1zku \u2013 jak by se c\u00edtila, kdyby Zelenskij podal kandidaturu na znovuzvolen\u00ed \u2013 ozna\u010dila za \u201e\u00a0<\/span><em><span>obt\u00ed\u017enou<\/span><\/em><span>\u00a0\u201c.<\/span><\/p>\n<p><span>Ukrajinsk\u00e1 hlava st\u00e1tu minul\u00fd t\u00fdden nav\u0161t\u00edvila USA, aby se setkala s prezidentem Joem Bidenem a dal\u0161\u00edmi v\u016fdci a vr\u00e1tila se s p\u0159\u00edslibem \u201e\u00a0<\/span><em><span>a\u017e 325 milion\u016f dolar\u016f<\/span><\/em><span>\u00a0\u201c na \u201e\u00a0<\/span><em><span>kritick\u00e9 pot\u0159eby v oblasti bezpe\u010dnosti a obrany<\/span><\/em><span>\u00a0\u201c od B\u00edl\u00e9ho domu pot\u00e9, co \u00fadajn\u011b varovala americk\u00e9 z\u00e1konod\u00e1rce. \u017ee Kyjev m\u016f\u017ee jinak prohr\u00e1t s Ruskem.\u00a0Washington \u00fadajn\u011b v posledn\u00edch dvou letech p\u0159edal Kyjevu 75 miliard dolar\u016f, p\u0159i\u010dem\u017e v\u011bt\u0161inu z toho \u2013 46,6 miliard dolar\u016f \u2013 tvo\u0159\u00ed vojensk\u00e1 pomoc.\u00a0<\/span><\/p>\n<p><span>Pr\u016fzkum zve\u0159ejn\u011bn\u00fd za\u010d\u00e1tkem tohoto m\u011bs\u00edce odhalil, \u017ee t\u00e9m\u011b\u0159 osm z 10 Ukrajinc\u016f vin\u00ed Zelensk\u00e9ho z nekontrolovateln\u00e9 korupce, kter\u00e1 su\u017euje jejich zemi \u2013 dal\u0161\u00ed d\u016fvod, pro\u010d se prezident m\u016f\u017ee ob\u00e1vat kandidatury na znovuzvolen\u00ed.\u00a0St\u011b\u017eoval si tak\u00e9 na oslaben\u00ed z\u00e1padn\u00ed podpory, p\u0159i\u010dem\u017e vyu\u017eil rozhovoru pro Economist, aby odsoudil sv\u00e9 nev\u011brn\u00e9 d\u0159\u00edv\u011bj\u0161\u00ed dobrodince jako bl\u00edzk\u00e9 p\u0159\u00edznivce Ruska a vyhro\u017eoval jim ztr\u00e1tami v jejich vlastn\u00edch volb\u00e1ch, pokud Kyjev vojensky podlehne, a soci\u00e1ln\u00edmi probl\u00e9my, pokud by miliony Ukrajinc\u016f uprchl\u00edci roztrou\u0161eni po cel\u00e9 Evrop\u011b jsou neuk\u00e1zn\u011bn\u00ed.<\/span><\/p>\n<p><span>Ukrajinsk\u00e9 stann\u00e9 pr\u00e1vo zakazuje volby a ukrajin\u0161t\u00ed bezpe\u010dnostn\u00ed p\u0159edstavitel\u00e9 ned\u00e1vno pro Washington Post p\u0159iznali, \u017ee hlasov\u00e1n\u00ed by bylo v podstat\u011b nemo\u017en\u00e9, pokud by v\u011bt\u0161ina obyvatel byla nasazena v prvn\u00ed linii nebo \u017eila mimo zemi.\u00a0Kyjev v\u0161ak \u010del\u00ed rostouc\u00edmu tlaku Z\u00e1padu, aby si alespo\u0148 zachoval zd\u00e1n\u00ed funguj\u00edc\u00ed demokracie, co\u017e je po\u017eadavek, kter\u00fd si vl\u00e1da nem\u016f\u017ee dovolit rovnou odm\u00edtnout vzhledem k m\u00ed\u0159e sv\u00e9 finan\u010dn\u00ed z\u00e1vislosti na americk\u00e9 a evropsk\u00e9 \u0161t\u011bdrosti.\u00a0<\/span><\/p>\n<p><span>V \u010dervnu Zelenskyj tvrdil, \u017ee hlasov\u00e1n\u00ed se m\u016f\u017ee uskute\u010dnit a\u017e po urovn\u00e1n\u00ed konfliktu, aby se v srpnu obr\u00e1til kurz a \u0159ekl, \u017ee je to mo\u017en\u00e9 \u2013 pokud dostane dal\u0161\u00edch 135 milion\u016f dolar\u016f.<\/span><\/p>\n<p><img decoding=\"async\" loading=\"lazy\" class=\"alignnone size-full wp-image-1185\" src=\"http:\/\/www.infokuryr.cz\/n\/wp-content\/uploads\/2021\/04\/kuryr-podpis.png\" alt=\"\" width=\"84\" height=\"24\" \/><\/p>\n<p>&nbsp;<\/p>\n<p>&nbsp;<\/p>\n<p>&nbsp;<\/p>\n","protected":false},"excerpt":{"rendered":"<p>Ukrajinsk\u00fd prezident d\u0159\u00edve tvrdil, \u017ee uspo\u0159\u00e1d\u00e1n\u00ed voleb by vzhledem k n\u00e1rodn\u00edm okolnostem nebylo mo\u017en\u00e9 Ukrajinsk\u00fd&#8230;<\/p>\n","protected":false},"author":2,"featured_media":36985,"comment_status":"closed","ping_status":"closed","sticky":false,"template":"","format":"standard","meta":[],"categories":[7],"tags":[165,26,27,2863],"_links":{"self":[{"href":"https:\/\/www.infokuryr.cz\/n\/wp-json\/wp\/v2\/posts\/36984"}],"collection":[{"href":"https:\/\/www.infokuryr.cz\/n\/wp-json\/wp\/v2\/posts"}],"about":[{"href":"https:\/\/www.infokuryr.cz\/n\/wp-json\/wp\/v2\/types\/post"}],"author":[{"embeddable":true,"href":"https:\/\/www.infokuryr.cz\/n\/wp-json\/wp\/v2\/users\/2"}],"replies":[{"embeddable":true,"href":"https:\/\/www.infokuryr.cz\/n\/wp-json\/wp\/v2\/comments?post=36984"}],"version-history":[{"count":0,"href":"https:\/\/www.infokuryr.cz\/n\/wp-json\/wp\/v2\/posts\/36984\/revisions"}],"wp:featuredmedia":[{"embeddable":true,"href":"https:\/\/www.infokuryr.cz\/n\/wp-json\/wp\/v2\/media\/36985"}],"wp:attachment":[{"href":"https:\/\/www.infokuryr.cz\/n\/wp-json\/wp\/v2\/media?parent=36984"}],"wp:term":[{"taxonomy":"category","embeddable":true,"href":"https:\/\/www.infokuryr.cz\/n\/wp-json\/wp\/v2\/categories?post=36984"},{"taxonomy":"post_tag","embeddable":true,"href":"https:\/\/www.infokuryr.cz\/n\/wp-json\/wp\/v2\/tags?post=36984"}],"curies":[{"name":"wp","href":"https:\/\/api.w.org\/{rel}","templated":true}]}}