{"id":36983,"date":"2023-09-26T06:01:01","date_gmt":"2023-09-26T04:01:01","guid":{"rendered":"http:\/\/www.infokuryr.cz\/n\/?p=36983"},"modified":"2023-09-26T06:01:01","modified_gmt":"2023-09-26T04:01:01","slug":"kanada-parlament-tleska-ukrajinskemu-nacistovi-vestoje","status":"publish","type":"post","link":"https:\/\/www.infokuryr.cz\/n\/2023\/09\/26\/kanada-parlament-tleska-ukrajinskemu-nacistovi-vestoje\/","title":{"rendered":"Kanada: Parlament tlesk\u00e1 ukrajinsk\u00e9mu nacistovi vestoje"},"content":{"rendered":"<div id=\"fb-root\"><\/div>\n<section class=\"perex\">Nejm\u00e9n\u011b 2 000 voj\u00e1k\u016f Waffen SS ukrajinsk\u00e9ho p\u016fvodu, v\u010detn\u011b Jaroslava Hunky, zm\u011bnilo svou identitu a vyd\u00e1valo se za \u201euprchl\u00edky\u201c, ne\u017e byli v 50. letech 20. stolet\u00ed zajati a uch\u00fdlili se do Kanady.<\/p>\n<p>V p\u00e1tek se v Doln\u00ed sn\u011bmovn\u011b parlamentu zvedla vlna chv\u00e1ly na ukrajinsk\u00e9ho \u201euprchl\u00edka\u201c s vazbami na protisov\u011btskou nacistickou divizi SS.<\/p>\n<\/section>\n<section class=\"clanek-obsah\">\n<div class=\"karta\">\n<figure><img decoding=\"async\" loading=\"lazy\" src=\"https:\/\/zvedavec.news\/images\/23\/kanada-vida-fasistu.webp\" alt=\"[...]\" width=\"549\" height=\"309\" \/><\/figure>\n<\/div>\n<p>P\u0159edseda sn\u011bmovny Anthony Rota vzdal hold 98let\u00e9mu Jaroslavu Hunkovi za jeho slu\u017ebu v \u201eprvn\u00ed divizi\u201c ukrajinsk\u00e9 n\u00e1rodn\u00ed arm\u00e1dy p\u0159ed emigrac\u00ed do Kanady.<\/p>\n<p>Premi\u00e9r Justin Trudeau ho p\u0159iv\u00edtal jako \u010destn\u00e9ho hosta v r\u00e1mci n\u00e1v\u0161t\u011bvy ukrajinsk\u00e9ho prezidenta Volodymyra Zelensk\u00e9ho v Kanad\u011b.<\/p>\n<p>\u201eDnes je s n\u00e1mi ve sn\u011bmovn\u011b ukrajinsko-kanadsk\u00fd veter\u00e1n z druh\u00e9 sv\u011btov\u00e9 v\u00e1lky, kter\u00fd bojoval za nez\u00e1vislost Ukrajiny proti Rus\u016fm a kter\u00fd dodnes podporuje voj\u00e1ky,\u201c \u0159ekl pan Rota.<\/p>\n<p>V\u0161echny strany ve sn\u011bmovn\u011b, sen\u00e1tn\u00ed skupiny a zahrani\u010dn\u00ed hodnost\u00e1\u0159i ocenili Hunku potleskem vestoje za jeho tehdej\u0161\u00ed i sou\u010dasn\u00e9 \u00fasil\u00ed v boji proti Rus\u016fm.<\/p>\n<p>\u201eJe to ukrajinsk\u00fd hrdina, kanadsk\u00fd hrdina a my mu d\u011bkujeme za v\u0161echny jeho slu\u017eby,\u201c uzav\u0159el pan Rota.<\/p>\n<p>Hunka byl parlamentu p\u0159edstaven jako 98let\u00fd voj\u00e1k, \u201ekter\u00fd bojoval&#8230; proti Rus\u016fm&#8230; hrdina\u201c.<\/p>\n<p>David Pugliese, p\u0159edn\u00ed kanadsk\u00fd novin\u00e1\u0159 specializuj\u00edc\u00ed se na vojensk\u00e9 z\u00e1le\u017eitosti, v\u0161ak v roce 2020 napsal \u010dl\u00e1nek, v n\u011bm\u017e tvrd\u00ed, \u017ee tato \u201eprvn\u00ed divize\u201c za druh\u00e9 sv\u011btov\u00e9 v\u00e1lky neexistovala.<\/p>\n<p>P\u0159\u00edslu\u0161n\u00edci divize slou\u017eili v 14. divizi Waffen SS Adolfa Hitlera v Hali\u010di \u2013 podle norimbersk\u00e9ho tribun\u00e1lu pro v\u00e1le\u010dn\u00e9 zlo\u010diny ozna\u010den\u00e9 za zlo\u010dineckou organizaci, uvedl vojensk\u00fd \u010dasopis Esprit de corps.<\/p>\n<p>A\u017e 2 000 voj\u00e1k\u016f Waffen SS ukrajinsk\u00e9ho p\u016fvodu, v\u010detn\u011b Hunky, \u00fadajn\u011b zm\u011bnilo svou identitu a vyd\u00e1valo se za \u201euprchl\u00edky\u201c, ne\u017e byli v 50. letech 20. stolet\u00ed zajati a uch\u00fdlili se do Kanady.<\/p>\n<p>V t\u00e9 dob\u011b z Evropy do Kanady uprchlo asi 30 000 ukrajinsk\u00fdch uprchl\u00edk\u016f.<\/p>\n<p>P\u0159ed kapitulac\u00ed spojeneck\u00fdm sil\u00e1m skr\u00fdvali \u010dlenov\u00e9 jednotky v posledn\u00edch dnech v\u00e1lky sv\u00e9 spojen\u00ed s SS t\u00edm, \u017ee se p\u0159ejmenovali na \u201ePrvn\u00ed divizi Ukrajinsk\u00e9 n\u00e1rodn\u00ed arm\u00e1dy\u201c.<\/p>\n<p>Pugliese uvedl, \u017ee Ukrajinci ochotn\u011b slou\u017eili nacistick\u00e9 v\u00e1le\u010dn\u00e9 ma\u0161in\u00e9rii a \u201eochotn\u011b se p\u0159ihl\u00e1sili\u201c do Waffen SS.<\/p>\n<p>Zde je to, co Pugliese napsal ve vojensk\u00fdch novin\u00e1ch Esprite de Corps:\u00a0<i>Ve snaze zakr\u00fdt spojen\u00ed s SS si jednotka zm\u011bnila n\u00e1zev. V posledn\u00edch dnech v\u00e1lky p\u0159ejmenovala na Prvn\u00ed ukrajinskou divizi.<\/i><\/p>\n<p>Poru\u010d\u00edk Bohdan Pan\u010duk, p\u0159\u00edslu\u0161n\u00edk Kr\u00e1lovsk\u00e9ho kanadsk\u00e9ho letectva (RCAF) a zakl\u00e1daj\u00edc\u00ed \u010dlen Asociace ukrajinsk\u00fdch kanadsk\u00fdch voj\u00e1k\u016f (UCSA), p\u0159edlo\u017eil \u201epozitivn\u00ed p\u0159\u00edb\u011bh\u201c popisuj\u00edc\u00ed b\u00fdval\u00e9 hali\u010dsk\u00e9 jednotky jako \u201eprotisov\u011btskou\u201c jednotku n\u011bmeck\u00e9 arm\u00e1dy.<\/p>\n<p>Nicm\u00e9n\u011b hali\u010dsk\u00e1 divize \u201e<i>byla odd\u00e1na n\u011bmeck\u00e9mu v\u00edt\u011bzstv\u00ed, nov\u00e9mu evropsk\u00e9mu \u0159\u00e1du a osobn\u011b Adolfu Hitlerovi<\/i>\u201c, vysv\u011btlil Per Anders Rudling, historik v\u00fdchodoevropsk\u00fdch d\u011bjin a docent na kated\u0159e historie na univerzit\u011b ve \u0161v\u00e9dsk\u00e9m Lundu.<\/p>\n<p>Zat\u00edmco kanad\u0161t\u00ed imigra\u010dn\u00ed \u00fa\u0159edn\u00edci dva tis\u00edce \u201euprchl\u00edk\u016f\u201c z \u0159ad SS dostate\u010dn\u011b neprov\u011b\u0159ili, jejich brit\u0161t\u00ed kolegov\u00e9 p\u0159esn\u011b v\u011bd\u011bli, odkud poch\u00e1zej\u00ed, a s radost\u00ed je v Kanad\u011b vysadili.<\/p>\n<p>\u201e<i>Divize byla diviz\u00ed SS a technicky vzato v\u0161ichni jej\u00ed d\u016fstojn\u00edci a vy\u0161\u0161\u00ed podd\u016fstojn\u00edci podl\u00e9haj\u00ed soudu jako v\u00e1le\u010dn\u00ed zlo\u010dinci,<\/i>\u201c uv\u00e1d\u00ed zpr\u00e1va britsk\u00e9ho n\u00e1m\u011bstka ministra zahrani\u010d\u00ed.<\/p>\n<p>Waffen SS za druh\u00e9 sv\u011btov\u00e9 v\u00e1lky bojovaly proti polsk\u00e9 AK, potla\u010dily Slovensk\u00e9 n\u00e1rodn\u00ed povst\u00e1n\u00ed a pron\u00e1sledovaly protinacistick\u00e9 partyz\u00e1ny ve Slovinsku.<\/p>\n<p>Nacist\u00e9 byli sou\u010d\u00e1st\u00ed Hitlerovy 14. divize Waffen SS v Hali\u010di.<\/p>\n<p>Podle vojensk\u00e9ho historika a novin\u00e1\u0159e Davida Puglieseho se jim poda\u0159ilo proniknout do Kanady tak, \u017ee si zm\u011bnili jm\u00e9na a zatajili svou minulost.<\/p>\n<p>\u201e<i>To m\u00e1lo, co v\u00edme o jejich v\u00e1le\u010dn\u00e9 minulosti, je \u0161patn\u00e9<\/i>,\u201c p\u00ed\u0161e Beryl Hughesov\u00e1, kter\u00e1 vede souhrnn\u00e9 prov\u011brky pro britsk\u00e9 ministerstvo vnitra.<\/p>\n<p>\u201e<i>St\u00e1le douf\u00e1me, \u017ee se zbav\u00edme m\u00e9n\u011b \u017e\u00e1douc\u00edch ukrajinsk\u00fdch v\u00e1le\u010dn\u00fdch zajatc\u016f t\u00edm, \u017ee je po\u0161leme do N\u011bmecka nebo Kanady,<\/i>\u201c dod\u00e1v\u00e1 v dal\u0161\u00edm z\u00e1pise z roku 1948.<\/p>\n<p>Hughesov\u00e1 tak\u00e9 napsala sv\u00e9mu kolegovi, \u017ee Pan\u010duk v\u011bd\u011bl, \u017ee m\u00e1 co do \u010din\u011bn\u00ed s \u201enechutn\u00fdmi jedinci\u201c, ale \u017ee ho to nijak nepovzbudilo k p\u0159esunu do Kanady.<\/p>\n<p>N\u011bkte\u0159\u00ed Ukrajinci-Kana\u010fan\u00e9 si tak\u00e9 byli v\u011bdomi jejich p\u016fvodu a byli siln\u011b proti tomu, aby se v Kanad\u011b usadili.<\/p>\n<p>\u201e<i>Je z\u0159ejm\u00e9, \u017ee pan Pan\u010duk a jeho sdru\u017een\u00ed zapom\u00ednaj\u00ed na fakta, kter\u00e1 \u017e\u00e1dn\u00fd Kana\u010fan nem\u016f\u017ee zapomenout, nebo se domn\u00edvaj\u00ed, \u017ee Kana\u010fan\u00e9 ji\u017e zapomn\u011bli na sv\u00e9 syny, kte\u0159\u00ed padli na boji\u0161t\u00edch Evropy,<\/i>\u201c uvedlo Sdru\u017een\u00ed sjednocen\u00fdch Ukrajinc\u016f v Kanad\u011b.<\/p>\n<p>\u201e<i>Ukrajinsk\u00e1 (hali\u010dsk\u00e1) divize byla ned\u00edlnou sou\u010d\u00e1st\u00ed Hitlerovy arm\u00e1dy. Na\u0161i kanad\u0161t\u00ed synov\u00e9 proti nim bojovali na italsk\u00fdch boji\u0161t\u00edch. Mnoho kanadsk\u00fdch syn\u016f tam z\u016fstalo povra\u017ed\u011bno pr\u00e1v\u011b t\u011bmi, kter\u00e9 by pan Pan\u010duk cht\u011bl, aby va\u0161e ministerstvo p\u0159ivezlo do Kanady,<\/i>\u201c dodali.<\/p>\n<p><b>Alex Dhaliwal<\/b><\/p>\n<div class=\"podcarou\">\n<p><a href=\"https:\/\/reseauinternational.net\/le-parlement-ovationne-le-nazi-ukrainien\/\" target=\"_blank\" rel=\"external noopener\">Canada : Le Parlement ovationne le nazi ukrainien<\/a> vy\u0161el 25.9.2023 na reseauinternational.net. P\u0159eklad\u00a0<a href=\"https:\/\/zvedavec.news\/komentare\/2023\/09\/9793-kanada-parlament-tleska-ukrajinskemu-nacistovi-vestoje.htm\">Zvedavec.org<\/a><\/p>\n<\/div>\n<\/section>\n<p>&nbsp;<\/p>\n<p><a href=\"https:\/\/stranapro.cz\/\"><img decoding=\"async\" loading=\"lazy\" class=\"wp-image-30218 aligncenter\" src=\"http:\/\/www.infokuryr.cz\/n\/wp-content\/uploads\/2023\/06\/PRO-banner-300x36.png\" alt=\"\" width=\"1358\" height=\"163\" srcset=\"https:\/\/www.infokuryr.cz\/n\/wp-content\/uploads\/2023\/06\/PRO-banner-300x36.png 300w, https:\/\/www.infokuryr.cz\/n\/wp-content\/uploads\/2023\/06\/PRO-banner-768x93.png 768w, https:\/\/www.infokuryr.cz\/n\/wp-content\/uploads\/2023\/06\/PRO-banner.png 849w\" sizes=\"(max-width: 1358px) 100vw, 1358px\" \/><\/a><\/p>\n<p>&nbsp;<\/p>\n<p>&nbsp;<\/p>\n<p>&nbsp;<\/p>\n","protected":false},"excerpt":{"rendered":"<p>Nejm\u00e9n\u011b 2 000 voj\u00e1k\u016f Waffen SS ukrajinsk\u00e9ho p\u016fvodu, v\u010detn\u011b Jaroslava Hunky, zm\u011bnilo svou identitu a&#8230;<\/p>\n","protected":false},"author":2,"featured_media":36965,"comment_status":"closed","ping_status":"closed","sticky":false,"template":"","format":"standard","meta":[],"categories":[7],"tags":[248,455,557],"_links":{"self":[{"href":"https:\/\/www.infokuryr.cz\/n\/wp-json\/wp\/v2\/posts\/36983"}],"collection":[{"href":"https:\/\/www.infokuryr.cz\/n\/wp-json\/wp\/v2\/posts"}],"about":[{"href":"https:\/\/www.infokuryr.cz\/n\/wp-json\/wp\/v2\/types\/post"}],"author":[{"embeddable":true,"href":"https:\/\/www.infokuryr.cz\/n\/wp-json\/wp\/v2\/users\/2"}],"replies":[{"embeddable":true,"href":"https:\/\/www.infokuryr.cz\/n\/wp-json\/wp\/v2\/comments?post=36983"}],"version-history":[{"count":0,"href":"https:\/\/www.infokuryr.cz\/n\/wp-json\/wp\/v2\/posts\/36983\/revisions"}],"wp:featuredmedia":[{"embeddable":true,"href":"https:\/\/www.infokuryr.cz\/n\/wp-json\/wp\/v2\/media\/36965"}],"wp:attachment":[{"href":"https:\/\/www.infokuryr.cz\/n\/wp-json\/wp\/v2\/media?parent=36983"}],"wp:term":[{"taxonomy":"category","embeddable":true,"href":"https:\/\/www.infokuryr.cz\/n\/wp-json\/wp\/v2\/categories?post=36983"},{"taxonomy":"post_tag","embeddable":true,"href":"https:\/\/www.infokuryr.cz\/n\/wp-json\/wp\/v2\/tags?post=36983"}],"curies":[{"name":"wp","href":"https:\/\/api.w.org\/{rel}","templated":true}]}}