{"id":36981,"date":"2023-09-26T05:54:53","date_gmt":"2023-09-26T03:54:53","guid":{"rendered":"http:\/\/www.infokuryr.cz\/n\/?p=36981"},"modified":"2023-09-26T05:54:53","modified_gmt":"2023-09-26T03:54:53","slug":"ceske-historicke-osobnosti-se-chystaji-zapojit-do-slovenskych-voleb","status":"publish","type":"post","link":"https:\/\/www.infokuryr.cz\/n\/2023\/09\/26\/ceske-historicke-osobnosti-se-chystaji-zapojit-do-slovenskych-voleb\/","title":{"rendered":"\u010cesk\u00e9 historick\u00e9 osobnosti se chystaj\u00ed zapojit do slovensk\u00fdch voleb"},"content":{"rendered":"<div id=\"fb-root\"><\/div>\n<h2 class=\"entry-title\">Progres\u00edvn\u00e9 Slovensko bude volit kr\u00e1l Karel IV, mistr Jan Hus i Jan \u017di\u017eka<\/h2>\n<p>V<strong>e snaze spole\u010dn\u011b ubr\u00e1nit slovenskou liber\u00e1ln\u00ed demokracie se do slovensk\u00fdch parlamentn\u00edch voleb pl\u00e1nuje zapojit i \u0159ada zn\u00e1m\u00fdch \u010desk\u00fdch historick\u00fdch osobnost\u00ed.<\/strong>\u00a0Mezi jin\u00fdmi \u010desk\u00fd kr\u00e1l Karel IV., mistr Jan Hus, u\u010ditel n\u00e1rod\u016f J. A. Komensk\u00fd, nebo vojev\u016fdce Jan \u017di\u017eka z Trocnova.<\/p>\n<p>\u201eV<strong>\u0161ichni moji poddan\u00ed by m\u011bli vyu\u017e\u00edt sv\u00e9ho koresponden\u010dn\u00edho volebn\u00edho pr\u00e1va a volit Progres\u00edvn\u00e9 Slovensko\u201c, \u0159ekl Slovensk\u00e9 televizi Karel IV.<\/strong>\u00a0\u201eJ\u00e1 s\u00e1m p\u016fjdu p\u0159\u00edkladem\u201c, dodal panovn\u00edk.\u00a0<strong>\u201eVyraz\u00edm v \u010dele sv\u00fdch odd\u00edl\u016f k volb\u00e1m na pomoc na\u0161im slovensk\u00fdm liber\u00e1ln\u011b demokratick\u00fdm bratr\u016fm\u201c, prohl\u00e1sil pro denn\u00edk N husitsk\u00fd hejtman Jan \u017di\u017eka<\/strong>. \u017di\u017eka v rozhovoru pro televizi Joj uvedl, \u017ee ji\u017e v dob\u011b v\u00e1lek s k\u0159i\u017e\u00e1ky on a jeho bojovn\u00edci vyzn\u00e1vali liber\u00e1ln\u011b demokratick\u00e9 hodnoty.<\/p>\n<p>Zapojen\u00ed \u010desk\u00fdch osobnost\u00ed do slovensk\u00fdch voleb\u00a0<strong>ocenila prezidenta Z. \u010caputov\u00e1. Po volb\u00e1ch pro n\u011b pl\u00e1nuje uspo\u0159\u00e1dat povolebn\u00ed hostinu na skl\u00e1dce v Pezinku. Pod\u00e1vat se bude martinsk\u00e1 husa, halu\u0161ky a borovi\u010dka.<\/strong>\u00a0Radost m\u00e1 i M. \u0160ime\u010dka l\u00eddr Progres\u00edvn\u00e9ho Slovenska.<strong>\u00a0M. \u0160ime\u010dku pot\u011b\u0161ila hlavn\u011b \u00fa\u010dast \u017di\u017eky a jeho Husit\u016f.<\/strong>\u00a0S t\u011bmi by si pr\u00fd s Ficem a jeho bandou hrav\u011b poradil u\u017e p\u0159ed volbami a ty volby by pak nebyly v\u016fbec pot\u0159eba.<\/p>\n<p>Na v\u00fdznamn\u00e9\u00a0<strong>\u010desk\u00e9 historick\u00e9 voli\u010de je p\u0159ipravena hlavn\u00ed slovensk\u00e1 volebn\u00ed komise, kter\u00e1 v\u0161echny zapsala do slovensk\u00fdch volebn\u00edch seznam\u016f<\/strong>, Podle nov\u00e9 metodiky min. vn\u00fatra maji v\u0161echny osobnosti star\u0161\u00ed 500 let n\u00e1rok na nejm\u00e9n\u011b 500 volebn\u00edch hlas\u016f.\u00a0<strong>J. A. Komensk\u00fd se podle sv\u00fdch slov \u00fa\u010dastn\u00ed slovensk\u00fdch voleb ji\u017e od roku 1656 a p\u0159ijde volit i letos.<\/strong> \u201eJako u\u010ditel n\u00e1rod\u016f v\u00edm, \u017ee Slov\u00e1ci volili liber\u00e1ln\u00ed demokracii u\u017e v 16. stolet\u00ed\u201c. Jen Putin aru\u0161t\u00ed hacke\u0159i jim tehdy br\u00e1nili v jejich pl\u00e1nech\u201c, dodal Komensk\u00fd v rozhovoru pro Nov\u00fd \u010das.<\/p>\n<p>Pozadu nez\u016fstanou ani v\u00fdznamn\u00e9 postavy slovensk\u00fdch d\u011bjin.\u00a0<strong>Progres\u00edvn\u00e9 Slovensko se chyst\u00e1 volit Juraj J\u00e1no\u0161\u00edk, Nikola \u0160uhaj Loupe\u017en\u00edk, Anton Bernol\u00e1k a Milan Rastislav \u0160tef\u00e1nik.<\/strong><\/p>\n<p>\u201e<strong>I kdyby m\u011b m\u011bli za \u017eebro pov\u011bsit, budu voli Progres\u00edvn\u00e9 Slovensko\u201c, zvolal mocn\u00fdm hlasem J\u00e1no\u0161\u00edk\u00a0<\/strong>v p\u0159\u00edtomnosti novin\u00e1\u0159\u016f Slovensk\u00e9ho rozhlasu.\u00a0<b>Pozadu nez\u016fstal ani rab\u00edn Noach Baruch Fischer (narodil se v roce 1861 v Pie\u0161\u0165anoch), kter\u00fd vyzval v\u0161echny \u017eidy, kte\u0159\u00ed kdy \u017eili na \u00fazem\u00ed dne\u0161n\u00edho Slovenska, aby volili liber\u00e1ln\u011b demokratick\u00e9 strany! Podle rab\u00edna Fishera se o v\u00edt\u011bzstv\u00ed Progresivn\u00e9ho Slovenska p\u00ed\u0161e ji\u017e v babylonsk\u00e9m talmudu.<\/b>\u00a0Pozitivn\u011b na v\u00fdzvu doby reaguje i ma\u010farsk\u00e1 men\u0161ina i oni budou volit hlas pokroku! Organizace se ujala sama\u00a0<strong>\u010dachtick\u00e1 pan\u00ed Erzs\u00e9bet B\u00e1thory a volit p\u016fjdou i jej\u00ed ob\u011bti a up\u00e1len\u00ed pomocn\u00edci<\/strong>. Ani je nenech\u00e1v\u00e1 osud liber\u00e1ln\u00ed demokracie na Slovensku chladn\u00fdmi.<\/p>\n<p>\u010cesk\u00e9 vl\u00e1dn\u00ed strany doufaj\u00ed, \u017ee jim to za 2 roky oplat\u00ed pomoc slovensk\u00e9 historick\u00e9 osobnosti.\u00a0<b>Premi\u00e9r Fiala by r\u00e1d u \u010desk\u00fdch voleb dostal hlas od A. Hlinky, Mark\u00e9ta Pekarov\u00e1 se zase t\u011b\u0161\u00ed na hlas prezidenta Tisa. Pozadu nez\u016fstal p\u0159edseda hnut\u00ed Stan V. Raku\u0161an, kter\u00e9mu sl\u00edbil volebn\u00ed hlas s\u00e1m S. Bandera<\/b>\u00a0a rab\u00edn Meier! I jejich koresponden\u010dn\u00ed hlasy pomohou ubr\u00e1nit liber\u00e1ln\u00ed demokracii v \u010desk\u00e9 kotlin\u011b.<\/p>\n<p>Na\u0161e redakce se p\u0159ipojuje k v\u00fdzv\u011b\u00a0<strong>v\u0161em \u010desk\u00fdm a slovensk\u00fdm zesnul\u00fdm, aby vyu\u017eili sv\u00e9ho koresponden\u010dn\u00edho volebn\u00edho pr\u00e1va a volili Progres\u00edvn\u00e9 Slovensko. Jen tak lze ubr\u00e1nit vysp\u011blou slovenskou liber\u00e1ln\u00ed demokracii.\u00a0<\/strong>Hodl\u00e1me ve voln\u00e9m \u010dase zah\u00e1jit agitaci na americk\u00fdch h\u0159bitovech \u010desk\u00e9 a slovensk\u00e9 men\u0161iny. I zde je mnoho tradi\u010dn\u00edch kandid\u00e1t\u016f liber\u00e1ln\u011b demokratick\u00fdch stran!<\/p>\n<figure class=\"wp-block-image size-full\"><img decoding=\"async\" loading=\"lazy\" class=\"wp-image-15856\" src=\"https:\/\/ceskavec.com\/wp-content\/uploads\/2023\/09\/image-10.png\" alt=\"\" width=\"276\" height=\"183\" \/><\/figure>\n<p>\u010cesk\u00fd kr\u00e1l Karel IV na cest\u011b ke slovensk\u00fdm volb\u00e1m, kde bude volit Progres\u00edvn\u00e9 Slovensko<\/p>\n<figure class=\"wp-block-image size-full\"><img decoding=\"async\" loading=\"lazy\" class=\"wp-image-15851\" src=\"https:\/\/ceskavec.com\/wp-content\/uploads\/2023\/09\/image-8.png\" alt=\"\" width=\"236\" height=\"214\" \/><\/figure>\n<p>Vysok\u00e1 volebn\u00ed \u00fa\u010dast se o\u010dek\u00e1v\u00e1 i na \u017eidovsk\u00fdch h\u0159bitovech. Podle rab\u00edna Fishera maj\u00ed tam poh\u0159ben\u00ed \u017eid\u00e9 ka\u017ed\u00fd 4 hlasy a daj\u00ed v\u0161echny kandid\u00e1t\u016fm pokroku ze strany Progres\u00edvn\u00e9 Slovensko<\/p>\n<figure class=\"wp-block-image size-full\"><img decoding=\"async\" loading=\"lazy\" class=\"wp-image-15883\" src=\"https:\/\/ceskavec.com\/wp-content\/uploads\/2023\/09\/image-13.png\" alt=\"\" width=\"225\" height=\"292\" \/><\/figure>\n<p>\u010cachtick\u00e1 pan\u00ed alias Al\u017eb\u011bta B\u00e1thory organizuje mezi ma\u010farskou men\u0161inou koresponden\u010dn\u00ed hlasy pro Progres\u00edvn\u00e9 Slovensko<\/p>\n<p><a href=\"https:\/\/ceskavec.com\/2023\/09\/predni-ceske-osobnosti-se-chystaji-zapojit-do-slovenskych-voleb-progresivne-slovensko-bude-volit-kral-karel-iv-mistr-jan-hus-i-jan-zizka\">\u010cesk\u00e1 v\u011bc<\/a><\/p>\n<p>&nbsp;<\/p>\n<p><a href=\"https:\/\/stranapro.cz\/\"><img decoding=\"async\" loading=\"lazy\" class=\"wp-image-30218 aligncenter\" src=\"http:\/\/www.infokuryr.cz\/n\/wp-content\/uploads\/2023\/06\/PRO-banner-300x36.png\" alt=\"\" width=\"1350\" height=\"162\" srcset=\"https:\/\/www.infokuryr.cz\/n\/wp-content\/uploads\/2023\/06\/PRO-banner-300x36.png 300w, https:\/\/www.infokuryr.cz\/n\/wp-content\/uploads\/2023\/06\/PRO-banner-768x93.png 768w, https:\/\/www.infokuryr.cz\/n\/wp-content\/uploads\/2023\/06\/PRO-banner.png 849w\" sizes=\"(max-width: 1350px) 100vw, 1350px\" \/><\/a><\/p>\n<p>&nbsp;<\/p>\n<p>&nbsp;<\/p>\n<p>&nbsp;<\/p>\n","protected":false},"excerpt":{"rendered":"<p>Progres\u00edvn\u00e9 Slovensko bude volit kr\u00e1l Karel IV, mistr Jan Hus i Jan \u017di\u017eka Ve snaze&#8230;<\/p>\n","protected":false},"author":2,"featured_media":12760,"comment_status":"closed","ping_status":"closed","sticky":false,"template":"","format":"standard","meta":[],"categories":[6],"tags":[29,203,27],"_links":{"self":[{"href":"https:\/\/www.infokuryr.cz\/n\/wp-json\/wp\/v2\/posts\/36981"}],"collection":[{"href":"https:\/\/www.infokuryr.cz\/n\/wp-json\/wp\/v2\/posts"}],"about":[{"href":"https:\/\/www.infokuryr.cz\/n\/wp-json\/wp\/v2\/types\/post"}],"author":[{"embeddable":true,"href":"https:\/\/www.infokuryr.cz\/n\/wp-json\/wp\/v2\/users\/2"}],"replies":[{"embeddable":true,"href":"https:\/\/www.infokuryr.cz\/n\/wp-json\/wp\/v2\/comments?post=36981"}],"version-history":[{"count":0,"href":"https:\/\/www.infokuryr.cz\/n\/wp-json\/wp\/v2\/posts\/36981\/revisions"}],"wp:featuredmedia":[{"embeddable":true,"href":"https:\/\/www.infokuryr.cz\/n\/wp-json\/wp\/v2\/media\/12760"}],"wp:attachment":[{"href":"https:\/\/www.infokuryr.cz\/n\/wp-json\/wp\/v2\/media?parent=36981"}],"wp:term":[{"taxonomy":"category","embeddable":true,"href":"https:\/\/www.infokuryr.cz\/n\/wp-json\/wp\/v2\/categories?post=36981"},{"taxonomy":"post_tag","embeddable":true,"href":"https:\/\/www.infokuryr.cz\/n\/wp-json\/wp\/v2\/tags?post=36981"}],"curies":[{"name":"wp","href":"https:\/\/api.w.org\/{rel}","templated":true}]}}