{"id":36980,"date":"2023-09-26T01:05:35","date_gmt":"2023-09-25T23:05:35","guid":{"rendered":"http:\/\/www.infokuryr.cz\/n\/?p=36980"},"modified":"2023-09-25T20:14:51","modified_gmt":"2023-09-25T18:14:51","slug":"jiri-vyvadil-shromazdeni-patych-kol-od-vozu-aneb-dost-bylo-zelenskeho","status":"publish","type":"post","link":"https:\/\/www.infokuryr.cz\/n\/2023\/09\/26\/jiri-vyvadil-shromazdeni-patych-kol-od-vozu-aneb-dost-bylo-zelenskeho\/","title":{"rendered":"Ji\u0159\u00ed Vyvadil: Shrom\u00e1\u017ed\u011bn\u00ed p\u00e1t\u00fdch kol od vozu, aneb dost bylo Zelensk\u00e9ho\u2026"},"content":{"rendered":"<div id=\"fb-root\"><\/div>\n<p><strong>Akce bud\u00ed reakci. P\u0159edem p\u0159izn\u00e1v\u00e1m, \u017ee tato m\u00e1 glosa je p\u0159edev\u0161\u00edm reakc\u00ed na fantaskn\u00ed koment\u00e1\u0159e na\u0161ich m\u00e9di\u00ed zveli\u010duj\u00edc\u00ed vystoupen\u00ed prezidenta Pavla na Valn\u00e9m shrom\u00e1\u017ed\u011bn\u00ed OSN, kter\u00e9 bylo pouze sn\u016f\u0161kou obvykl\u00fdch protirusk\u00fdch banalit, pop\u0159\u00edpad\u011b kontraproduktivn\u00edmu vystoupen\u00ed Zelensk\u00e9ho, kter\u00e9mu se sv\u00fdmi \u00favahami o tom, \u017ee se Polsko zaprodalo odm\u00edtnut\u00edm dovozu ukrajinsk\u00e9ho obil\u00ed do Polska Rusku poda\u0159ilo vytvo\u0159it a n\u00e1sledn\u00fdm Morawieck\u00e9ho ohl\u00e1\u0161en\u00ed, \u017ee Polsko p\u0159estane nad\u00e1le poskytovat zbran\u011b vyvolalo nejv\u011bt\u0161\u00ed trhlinu v celoz\u00e1padn\u00ed podpo\u0159e Ukrajiny, kde a\u017e dosud Polsko bylo jedni\u010dkou.<\/strong><\/p>\n<p>P\u0159es snahy narychlo uspo\u0159\u00e1dan\u00e9ho briefingu t\u00edmto v\u00a0podstat\u011b kon\u010d\u00edc\u00edho tandemu \u010caputov\u00e9 a Pavla, \u017ee vlastn\u011b jde jenom o nedorozum\u011bn\u00ed a jistou snahu polsk\u00e9ho prezidenta Dudy zm\u011bk\u010dit v\u00fdznam t\u00e9to roztr\u017eky premi\u00e9r Morawiecki znovu na p\u0159edvolebn\u00edm shrom\u00e1\u017ed\u011bn\u00ed sv\u00e9 strany bojovn\u011b pohl\u00e1sil, a\u0165 u\u017e si Ukrajina nikdy nedovol\u00ed ur\u00e1\u017een\u00ed Pol\u00e1k\u016f, \u010d\u00edm st\u0159et znovu prohloubil. Mimochodem tento rozkol se ihned odrazil v\u00a0n\u00e1r\u016fstu p\u0159edvolebn\u00edch preferenc\u00ed vl\u00e1dnouc\u00ed PIS.<\/p>\n<p>Mohu jen spekulovat, ale i snaha op\u011btovn\u011b nasazovat v\u00a0r\u00e1mci programu Zelensk\u00e9ho jako hlavn\u00edho nositele progresivn\u00edho Z\u00e1padu mohla odradit od \u00fa\u010dasti na Valn\u00e9m shrom\u00e1\u017ed\u011bn\u00ed a\u0165 ji\u017e prezidenta Macrona, kter\u00fd tak\u00e9 s\u00e1m sebe r\u00e1d poslouch\u00e1, ale je\u0161t\u011b p\u0159ekvapiv\u011bji i britsk\u00e9ho ministersk\u00e9ho p\u0159edsedu Sunaka, pro kter\u00e9ho to mohlo b\u00fdt premi\u00e9rou.<\/p>\n<p>A tak z\u00a0p\u011bti p\u0159edstavitel\u016f \u010dlen\u016f Rady bezpe\u010dnosti se krom\u011b obvykl\u00e9 ne\u00fa\u010dasti b\u00fdval\u00fdch z\u00e1stupc\u016f politick\u00e9ho V\u00fdchodu Ruska a \u010c\u00edny nez\u00fa\u010dastnili ani z\u00e1stupci evropsk\u00e9ho Z\u00e1padu Francie a Velk\u00e9 Brit\u00e1nie. Poslouchat donekone\u010dna \u010d\u00edm d\u00e1l t\u00edm v\u00edce drzej\u0161\u00ed prohl\u00e1\u0161en\u00ed Zelensk\u00e9ho p\u0159ipom\u00edn\u00e1 p\u0159i\u0161ed\u0161\u00ed soumrak b\u00fdval\u00e9 sv\u011btov\u00e9 ekologick\u00e9 v\u016fdkyn\u011b Grety Thunberg.<\/p>\n<p><a href=\"https:\/\/stranapro.cz\/\"><img decoding=\"async\" loading=\"lazy\" class=\"wp-image-30218 aligncenter\" src=\"http:\/\/www.infokuryr.cz\/n\/wp-content\/uploads\/2023\/06\/PRO-banner-300x36.png\" alt=\"\" width=\"1367\" height=\"164\" srcset=\"https:\/\/www.infokuryr.cz\/n\/wp-content\/uploads\/2023\/06\/PRO-banner-300x36.png 300w, https:\/\/www.infokuryr.cz\/n\/wp-content\/uploads\/2023\/06\/PRO-banner-768x93.png 768w, https:\/\/www.infokuryr.cz\/n\/wp-content\/uploads\/2023\/06\/PRO-banner.png 849w\" sizes=\"(max-width: 1367px) 100vw, 1367px\" \/><\/a><\/p>\n<p>A tak se Valn\u00e9ho shrom\u00e1\u017ed\u011bn\u00ed \u00fa\u010dastnili nikoliv vrcholn\u00ed p\u0159edstavitel\u00e9, ale jen ni\u017e\u0161\u00ed \u0161ar\u017ee. A kdy\u017e z\u0159ejm\u011b n\u00e1hodou dorazil kancl\u00e9\u0159 N\u011bmecka Scholz, st\u00e1tu, kter\u00fd b\u00fdval je\u0161t\u011b za Merkelov\u00e9 v\u00fdspou z\u00e1padn\u00ed Evropy mluvil a\u017e v\u00a0dev\u011bt hodin ve\u010der p\u0159ed pr\u00e1zdn\u00fdm jednac\u00edm s\u00e1lem.<\/p>\n<p>T\u00edm sp\u00ed\u0161e pak byly sm\u011b\u0161n\u00e9 v\u00fdzvy Zelensk\u00e9ho k\u00a0odebr\u00e1n\u00ed pr\u00e1va veta Rusku, p\u0159\u00edpadn\u011b jeho odvol\u00e1n\u00ed z\u00a0Rady bezpe\u010dnosti\u2026 Jak by toho cht\u011bl ten hlup\u00e1\u010dek dos\u00e1hnout? A kdy\u017e navrhl jako dal\u0161\u00edho \u010dlena Rady bezpe\u010dnosti N\u011bmecko, p\u0159idal si t\u00edm u Polska jen dal\u0161\u00ed h\u0159eb\u00ed\u010dek do rakve, proto\u017ee Polsko nen\u00e1vid\u00ed N\u011bmecko jen o trochu m\u011bn\u011b ne\u017e Rusko. Ale mimochodem nebyl ani p\u0159\u00edtomen moment\u00e1ln\u00ed politick\u00fd gigant glob\u00e1ln\u00edho jihu premi\u00e9r Indie, se kter\u00fdm se jinak po\u010d\u00edt\u00e1 v\u00a0p\u0159\u00edpadn\u00e9 rekonstrukci Rady bezpe\u010dnosti a rozhodn\u011b ne s\u00a0N\u011bmeckem<\/p>\n<p>Ten chl\u00e1pek je zcela mimo m\u00edsu a postupn\u011b i jeho stoupenci, krom\u011b t\u011bch tot\u00e1ln\u011b zabedn\u011bn\u00fdch, zejm\u00e9na u n\u00e1s na to p\u0159ich\u00e1zej\u00ed. A ztr\u00e1c\u00ed podporu i v\u00a0Americe, kdy mu nebylo umo\u017en\u011bno promluvit ve Sn\u011bmovn\u011b reprezentant\u016f<\/p>\n<p>Proto\u017ee Zelensk\u00fd jedn\u00e1 naprosto chaoticky n\u00e1sledn\u011b si to cht\u011bl u Polska vy\u017eehlit n\u00e1hlou kr\u00e1tkou n\u00e1v\u0161t\u011bvou a nenad\u00e1l\u00fdm rozd\u00e1v\u00e1n\u00edm vyznamen\u00e1n\u00ed.<\/p>\n<p>Konflikt na Ukrajin\u011b se bude nepochybn\u011b stup\u0148ovat, proto\u017ee Biden zvolil a\u017e hore\u010dnat\u00e9 tempo v\u00a0dal\u0161\u00edch dod\u00e1vk\u00e1ch zbran\u00ed s c\u00edlem nejv\u00fdznamn\u011bj\u0161\u00edho vojensk\u00e9ho rivala NATO vojensky zni\u010dit<\/p>\n<p>V\u00a0ka\u017ed\u00e9m p\u0159\u00edpad\u011b v\u0161e souvis\u00ed se v\u0161\u00edm. \u010c\u00edm d\u00e1l t\u00edm absurdn\u011bj\u0161\u00ed chov\u00e1n\u00ed Zelensk\u00e9ho spojen\u00e9 s\u00a0p\u0159irozen\u00fdm n\u00e1r\u016fstem nechuti u zem\u00ed Z\u00e1padu donekone\u010dna sanovat nekone\u010dn\u00e9 boje se z\u0159ejm\u011b protne v\u00a0okam\u017eiku, jak u\u017e jsem n\u011bkolikr\u00e1t avizoval, \u017ee a\u017e p\u0159\u00ed\u0161t\u00ed americk\u00fd prezident, bude-li to republik\u00e1n tuto novou sv\u011btovou v\u00e1lku hybridn\u00edho charakteru ukon\u010d\u00ed s\u00a0rusk\u00fdm prezidentem.<\/p>\n<p><a href=\"https:\/\/vasevec.info\/blogy\/shromazdeni-patych-kol-od-vozu-aneb-dost-bylo-zelenskeho\">Ji\u0159\u00ed Vyvadil<\/a><\/p>\n<p><img decoding=\"async\" loading=\"lazy\" class=\"alignnone size-medium wp-image-16474\" src=\"http:\/\/www.infokuryr.cz\/n\/wp-content\/uploads\/2022\/10\/jiri-vyvadil-300x200.jpg\" alt=\"\" width=\"300\" height=\"200\" srcset=\"https:\/\/www.infokuryr.cz\/n\/wp-content\/uploads\/2022\/10\/jiri-vyvadil-300x200.jpg 300w, https:\/\/www.infokuryr.cz\/n\/wp-content\/uploads\/2022\/10\/jiri-vyvadil-768x512.jpg 768w, https:\/\/www.infokuryr.cz\/n\/wp-content\/uploads\/2022\/10\/jiri-vyvadil.jpg 800w\" sizes=\"(max-width: 300px) 100vw, 300px\" \/><\/p>\n<p>&nbsp;<\/p>\n<p>&nbsp;<\/p>\n","protected":false},"excerpt":{"rendered":"<p>Akce bud\u00ed reakci. P\u0159edem p\u0159izn\u00e1v\u00e1m, \u017ee tato m\u00e1 glosa je p\u0159edev\u0161\u00edm reakc\u00ed na fantaskn\u00ed koment\u00e1\u0159e&#8230;<\/p>\n","protected":false},"author":2,"featured_media":24424,"comment_status":"closed","ping_status":"closed","sticky":false,"template":"","format":"standard","meta":[],"categories":[6],"tags":[29,26,365,1000],"_links":{"self":[{"href":"https:\/\/www.infokuryr.cz\/n\/wp-json\/wp\/v2\/posts\/36980"}],"collection":[{"href":"https:\/\/www.infokuryr.cz\/n\/wp-json\/wp\/v2\/posts"}],"about":[{"href":"https:\/\/www.infokuryr.cz\/n\/wp-json\/wp\/v2\/types\/post"}],"author":[{"embeddable":true,"href":"https:\/\/www.infokuryr.cz\/n\/wp-json\/wp\/v2\/users\/2"}],"replies":[{"embeddable":true,"href":"https:\/\/www.infokuryr.cz\/n\/wp-json\/wp\/v2\/comments?post=36980"}],"version-history":[{"count":0,"href":"https:\/\/www.infokuryr.cz\/n\/wp-json\/wp\/v2\/posts\/36980\/revisions"}],"wp:featuredmedia":[{"embeddable":true,"href":"https:\/\/www.infokuryr.cz\/n\/wp-json\/wp\/v2\/media\/24424"}],"wp:attachment":[{"href":"https:\/\/www.infokuryr.cz\/n\/wp-json\/wp\/v2\/media?parent=36980"}],"wp:term":[{"taxonomy":"category","embeddable":true,"href":"https:\/\/www.infokuryr.cz\/n\/wp-json\/wp\/v2\/categories?post=36980"},{"taxonomy":"post_tag","embeddable":true,"href":"https:\/\/www.infokuryr.cz\/n\/wp-json\/wp\/v2\/tags?post=36980"}],"curies":[{"name":"wp","href":"https:\/\/api.w.org\/{rel}","templated":true}]}}