{"id":36975,"date":"2023-09-26T01:15:05","date_gmt":"2023-09-25T23:15:05","guid":{"rendered":"http:\/\/www.infokuryr.cz\/n\/?p=36975"},"modified":"2023-09-25T19:58:55","modified_gmt":"2023-09-25T17:58:55","slug":"exkluzivne-slovenske-volby-celi-vmesovani-narychlo-zalozene-ngo-organizace-v-londyne","status":"publish","type":"post","link":"https:\/\/www.infokuryr.cz\/n\/2023\/09\/26\/exkluzivne-slovenske-volby-celi-vmesovani-narychlo-zalozene-ngo-organizace-v-londyne\/","title":{"rendered":"Exkluzivn\u011b: Slovensk\u00e9 volby \u010del\u00ed vm\u011b\u0161ov\u00e1n\u00ed narychlo zalo\u017een\u00e9 NGO organizace v Lond\u00fdn\u011b&#8230;"},"content":{"rendered":"<div id=\"fb-root\"><\/div>\n<h4>Exkluzivn\u011b: Slovensk\u00e9 volby \u010del\u00ed vm\u011b\u0161ov\u00e1n\u00ed narychlo zalo\u017een\u00e9 NGO organizace v Lond\u00fdn\u011b, kter\u00e1 zaplavuje slovensk\u00fd YouTube agita\u010dn\u00edmi reklamami ve slovensk\u00e9m jazyce a stra\u0161\u00ed Putinem a ruskou okupac\u00ed! Redakce Aeronetu je na stop\u011b nejv\u011bt\u0161\u00edmu ovliv\u0148ov\u00e1n\u00ed voleb ze zahrani\u010d\u00ed v historii Slovenska! V \u010dele nevl\u00e1dn\u00ed organizace je b\u00fdval\u00fd \u0161\u00e9f volebn\u00ed kampan\u011b Better Together a b\u00fdval\u00fd ministr ve vl\u00e1d\u011b Tonyho Blaira!<\/h4>\n<p>Redakce Aeronetu p\u0159in\u00e1\u0161\u00ed s nejv\u011bt\u0161\u00ed pravd\u011bpodobnosti dosud nejv\u011bt\u0161\u00ed odhalen\u00ed o ovliv\u0148ov\u00e1n\u00ed slovensk\u00fdch p\u0159ed\u010dasn\u00fdch voleb do N\u00e1rodn\u00ed rady ze zahrani\u010d\u00ed.\u00a0<strong>Na kauze jsme pracovali ji\u017e od konce pr\u00e1zdnin a poda\u0159ilo se n\u00e1m odkr\u00fdt a odhalit pozad\u00ed britsk\u00e9 nevl\u00e1dn\u00ed organizace, kter\u00e1 se pod\u00edl\u00ed na p\u0159\u00edm\u00e9m ovliv\u0148ov\u00e1n\u00ed voleb na Slovensku formou nejasn\u00e9ho financov\u00e1n<\/strong>\u00ed a velice podivn\u00e9ho person\u00e1ln\u00edho obsazen\u00ed. Cel\u00e9 to p\u0159itom za\u010dalo n\u011bkolika emaily, kter\u00e9 jsme v polovin\u011b srpna dostali do redakce od n\u011bkolika slovensk\u00fdch \u010dten\u00e1\u0159\u016f, kte\u0159\u00ed n\u00e1s informovali, \u017ee b\u011bhem prohl\u00ed\u017een\u00ed a sledov\u00e1n\u00ed vide\u00ed na YouTube jim pravideln\u011b vyskakuj\u00ed divn\u00e9 a sugestivn\u00ed p\u0159edvolebn\u00ed reklamy varuj\u00edc\u00ed p\u0159ed ruskou agres\u00ed a apeluj\u00edc\u00ed na Slov\u00e1ky.<\/p>\n<p><iframe loading=\"lazy\" title=\"Ml\u00e1de\u017e a pravda\" src=\"https:\/\/www.youtube.com\/embed\/iTFe4yzb8pQ?feature=oembed\" width=\"100%\" height=\"394\" frameborder=\"0\" allowfullscreen=\"allowfullscreen\" data-mce-fragment=\"1\"><\/iframe><\/p>\n<p><iframe loading=\"lazy\" title=\"Pra\u017esk\u00e1 jar 1968\" src=\"https:\/\/www.youtube.com\/embed\/x-6o_CGZ1xU?feature=oembed\" width=\"100%\" height=\"394\" frameborder=\"0\" allowfullscreen=\"allowfullscreen\" data-mce-fragment=\"1\"><\/iframe><\/p>\n<p>Videa apeluj\u00ed na Slov\u00e1ky p\u0159ed volbami, \u017ee Slovensko se nesm\u00ed dostat zp\u00e1tky do rusk\u00e9 sf\u00e9ry vlivu. Videa nemaj\u00ed explicitn\u011b volebn\u00ed obsah a podporu n\u011bjak\u00e9 strany, ale otev\u0159en\u011b varuj\u00ed p\u0159ed mo\u017enost\u00ed zm\u011bny politick\u00e9 a zahrani\u010dn\u00ed orientace Slovenska po volb\u00e1ch a zadavatelem reklamy nen\u00ed slovensk\u00fd subjekt. Videa se p\u0159ed 6 dny objevila na YouTube\u00a0<strong>[<a href=\"https:\/\/href.li\/?https:\/\/www.youtube.com\/@CampaignForFreedom\" target=\"_blank\" rel=\"nofollow noopener\">1<\/a>]<\/strong>\u00a0kan\u00e1lu jako standalone videa k norm\u00e1ln\u00edmu zhl\u00e9dnut\u00ed, ale ji\u017e p\u0159edt\u00edm v srpnu b\u011b\u017eely jako reklamn\u00ed spoty na YouTube.<\/p>\n<p>Situaci jsme ov\u011b\u0159ovali i dnes v pond\u011bl\u00ed, videa se st\u00e1le zobrazuj\u00ed pod slovenskou IP na YouTube prakticky 1x za zhruba 15 a\u017e 30 minut, ale z\u00e1le\u017e\u00ed samoz\u0159ejm\u011b na algoritmu, na v\u011bkov\u00e9 hranici, na kontextu, jak v\u00e1s algoritmus reklamy YouTube vyhodnot\u00ed. Pokud chod\u00edte na politick\u00e9 servery, na alternativu, na zpravodajstv\u00ed, budete ur\u010dit\u011b v hled\u00e1\u010dku t\u011bchto reklam. Pokud se o politiku nezaj\u00edm\u00e1te, nen\u00ed jist\u00e9, \u017ee v\u00e1m YouTube tyto reklamy p\u0159ehraje.<\/p>\n<h6><span style=\"font-size: 18pt;\">Slov\u00e1k\u016fm vyskakuj\u00ed na YouTube reklamy od lond\u00fdnsk\u00e9 nevl\u00e1dky nato\u010den\u00e9 ale ve sloven\u0161tin\u011b<\/span><\/h6>\n<p>Na\u0161e redakce se osobn\u011b p\u0159esv\u011bd\u010dila, \u017ee tyto informace od slovensk\u00fdch \u010dten\u00e1\u0159\u016f jsou pravdiv\u00e9. Kdy\u017e jsme si v redakci na mobilech zapnuli VPN aplikaci se slovensk\u00fdmi IP adresami a za\u010dali jsme proch\u00e1zet YouTube videa, zhruba do 15 minut se objevilo jedno z n\u011bkolika vide\u00ed, na kter\u00e9 n\u00e1s \u010dten\u00e1\u0159i upozornili.\u00a0<strong>Videa pou\u017e\u00edvaj\u00ed narativ srpna 1968 a p\u0159irovn\u00e1vaj\u00ed Rusko k \u0159\u00ed\u0161\u00ed zla s varov\u00e1n\u00edm, \u017ee Slov\u00e1ci se zlu v\u017edy um\u00ed postavit a nedovol\u00ed, aby se Slovensko (po volb\u00e1ch) dostalo pod vliv Ruska.<\/strong><\/p>\n<figure id=\"attachment_57093\" class=\"wp-caption aligncenter\" style=\"width: 698px;\"><a href=\"https:\/\/aeronet.news\/wp-content\/uploads\/Campaign-For-Freedom-Ltd1.jpg\"><img decoding=\"async\" loading=\"lazy\" class=\"wp-image-57093 \" src=\"https:\/\/aeronet.news\/wp-content\/uploads\/Campaign-For-Freedom-Ltd1-1024x840.jpg\" sizes=\"(max-width: 700px) 100vw, 700px\" srcset=\"https:\/\/aeronet.news\/wp-content\/uploads\/Campaign-For-Freedom-Ltd1-1024x840.jpg 1024w, https:\/\/aeronet.news\/wp-content\/uploads\/Campaign-For-Freedom-Ltd1-300x246.jpg 300w, https:\/\/aeronet.news\/wp-content\/uploads\/Campaign-For-Freedom-Ltd1-768x630.jpg 768w, https:\/\/aeronet.news\/wp-content\/uploads\/Campaign-For-Freedom-Ltd1-700x574.jpg 700w, https:\/\/aeronet.news\/wp-content\/uploads\/Campaign-For-Freedom-Ltd1-435x357.jpg 435w, https:\/\/aeronet.news\/wp-content\/uploads\/Campaign-For-Freedom-Ltd1-589x483.jpg 589w, https:\/\/aeronet.news\/wp-content\/uploads\/Campaign-For-Freedom-Ltd1.jpg 1077w\" alt=\"\" width=\"698\" height=\"572\" \/><\/a><figcaption class=\"wp-caption-text\">V\u00fdpis nevl\u00e1dn\u00ed organizace v Lond\u00fdn\u011b, kter\u00e1 stoj\u00ed za videi pro slovensk\u00e9 voli\u010de<\/figcaption><\/figure>\n<figure id=\"attachment_57092\" class=\"wp-caption aligncenter\" style=\"width: 824px;\"><a href=\"https:\/\/aeronet.news\/wp-content\/uploads\/Campaign-For-Freedom-Ltd2.jpg\"><img decoding=\"async\" loading=\"lazy\" class=\"wp-image-57092 \" src=\"https:\/\/aeronet.news\/wp-content\/uploads\/Campaign-For-Freedom-Ltd2.jpg\" sizes=\"(max-width: 832px) 100vw, 832px\" srcset=\"https:\/\/aeronet.news\/wp-content\/uploads\/Campaign-For-Freedom-Ltd2.jpg 832w, https:\/\/aeronet.news\/wp-content\/uploads\/Campaign-For-Freedom-Ltd2-295x300.jpg 295w, https:\/\/aeronet.news\/wp-content\/uploads\/Campaign-For-Freedom-Ltd2-768x781.jpg 768w, https:\/\/aeronet.news\/wp-content\/uploads\/Campaign-For-Freedom-Ltd2-700x712.jpg 700w, https:\/\/aeronet.news\/wp-content\/uploads\/Campaign-For-Freedom-Ltd2-351x357.jpg 351w, https:\/\/aeronet.news\/wp-content\/uploads\/Campaign-For-Freedom-Ltd2-475x483.jpg 475w\" alt=\"\" width=\"824\" height=\"838\" \/><\/a><figcaption class=\"wp-caption-text\">V\u00fdpis jednatel\u016f nevl\u00e1dn\u00ed organizace z Lond\u00fdna<\/figcaption><\/figure>\n<p>Jedn\u00e1 se o zcela jasn\u00fd volebn\u00ed spot ur\u010den\u00fd nejen pro slovensk\u00e9 progresivce a voli\u010de tzv. Progresivn\u00edho Slovenska. Videa m\u00ed\u0159\u00ed na lidi, kte\u0159\u00ed maj\u00ed strach, \u017ee na Slovensko p\u0159ijedou rusk\u00e9 okupa\u010dn\u00ed tanky. Videa ale podprahov\u011b \u00fato\u010d\u00ed na city a sna\u017e\u00ed se vsugerovat, \u017ee kdy\u017e nebudou zvoleny strany, kter\u00e9 podporuj\u00ed v\u00e1lku na Ukrajin\u011b, tak se Slovensko dostane do rusk\u00e9 sf\u00e9ry vlivu. Kdyby se jednalo o reklamn\u00ed spoty n\u011bjak\u00e9 slovensk\u00e9 neziskovky z v\u00fdplatn\u00ed st\u00e1je George Sorose, vlastn\u011b by to nest\u00e1lo za pozornost. Jen\u017ee, cel\u00e9 je to mnohem z\u00e1va\u017en\u011bj\u0161\u00ed.<\/p>\n<h6><span style=\"font-size: 18pt;\">Lond\u00fdnsk\u00e1 nevl\u00e1dn\u00ed organizace narychlo zalo\u017een\u00e1 v \u010dervnu se vm\u011b\u0161uje do slovensk\u00e9 p\u0159edvolebn\u00ed kampan\u011b<\/span><\/h6>\n<p>Tato videa se slovensk\u00fdm narativem a se z\u00e1b\u011bry ze srpna 1968 a z demonstrac\u00ed proti Ficov\u011b vl\u00e1d\u011b z roku 2018, a to b\u011bhem pu\u010de organizovan\u00e9ho s\u00f3ro\u0161ovsk\u00fdmi k\u00e1dry po podivn\u00e9 a dodnes neuspokojiv\u011b vysv\u011btlen\u00e9 vra\u017ed\u011b slovensk\u00e9ho novin\u00e1\u0159e a jeho p\u0159\u00edtelkyn\u011b, toti\u017e na YouTube um\u00edstila a\u00a0<strong>reklamu zaplatila teprve letos v \u010dervnu v Lond\u00fdn\u011b zaregistrovan\u00e1 nevl\u00e1dn\u00ed organizace [<a href=\"https:\/\/href.li\/?https:\/\/campaignforfreedom.co\/\" target=\"_blank\" rel=\"nofollow noopener\">2<\/a>] s n\u00e1zvem Campaign for Freedom Ltd.<\/strong>\u00a0P\u016fvodn\u011b jsme mysleli, \u017ee jde o n\u011bjakou slovenskou neziskovku s anglikanizovan\u00fdm n\u00e1zvem, ale jak jsme zjistili, nen\u00ed to tak.<\/p>\n<figure id=\"attachment_57086\" class=\"wp-caption aligncenter\" style=\"width: 698px;\"><a href=\"https:\/\/aeronet.news\/wp-content\/uploads\/55-Broadway-Google-Maps.jpg\"><img decoding=\"async\" loading=\"lazy\" class=\"wp-image-57086 \" src=\"https:\/\/aeronet.news\/wp-content\/uploads\/55-Broadway-Google-Maps-1024x488.jpg\" sizes=\"(max-width: 700px) 100vw, 700px\" srcset=\"https:\/\/aeronet.news\/wp-content\/uploads\/55-Broadway-Google-Maps-1024x488.jpg 1024w, https:\/\/aeronet.news\/wp-content\/uploads\/55-Broadway-Google-Maps-300x143.jpg 300w, https:\/\/aeronet.news\/wp-content\/uploads\/55-Broadway-Google-Maps-768x366.jpg 768w, https:\/\/aeronet.news\/wp-content\/uploads\/55-Broadway-Google-Maps-700x333.jpg 700w, https:\/\/aeronet.news\/wp-content\/uploads\/55-Broadway-Google-Maps-749x357.jpg 749w, https:\/\/aeronet.news\/wp-content\/uploads\/55-Broadway-Google-Maps-1014x483.jpg 1014w\" alt=\"\" width=\"698\" height=\"332\" \/><\/a><figcaption class=\"wp-caption-text\">Sidlo Campaign for Freedom v Lond\u00fdn\u011b<\/figcaption><\/figure>\n<p>Jedn\u00e1 se o britsk\u00fd pr\u00e1vn\u00ed subjekt\u00a0<strong>[<a href=\"https:\/\/href.li\/?https:\/\/suite.endole.co.uk\/insight\/company\/14946821-campaign-for-freedom-ltd?page=overview\" target=\"_blank\" rel=\"nofollow noopener\">3<\/a>]<\/strong>, v jeho\u017e \u010dele sed\u00ed celkem 3 statut\u00e1rn\u00ed osoby s velice podivn\u00fdm propojen\u00edm, p\u0159i\u010dem\u017e ani jedna z nich nen\u00ed slovensk\u00fdm ob\u010danem, ale jde o jednoho Angli\u010dana a dva Skoty.\u00a0<strong>Ani u jednoho z nich se n\u00e1m nepoda\u0159ilo z OSINT zdroj\u016f zjistit naprosto \u017e\u00e1dn\u00e9 vazby na Slovensko nebo na slovensk\u00fd politick\u00fd \u010di nevl\u00e1dn\u00ed sektor.<\/strong>\u00a0Podle v\u0161eho to vypad\u00e1, \u017ee jde o vysokou CiPSO operaci \u0159\u00edzenou p\u0159\u00edmo britskou MI-6 a tito brit\u0161t\u00ed politici tomu dod\u00e1vaj\u00ed jen pocit legitimity. Kdy\u017e jsme ale za\u010dali firmu prov\u011b\u0159ovat, z\u016fstali jsme skoro v \u0161oku, kdo v\u0161echno je v p\u0159edstavenstvu.<\/p>\n<figure id=\"attachment_57088\" class=\"wp-caption aligncenter\" style=\"width: 696px;\"><a href=\"https:\/\/aeronet.news\/wp-content\/uploads\/Our-Work-Campaign-For-Freedom.jpg\"><img decoding=\"async\" loading=\"lazy\" class=\"wp-image-57088 \" src=\"https:\/\/aeronet.news\/wp-content\/uploads\/Our-Work-Campaign-For-Freedom-1024x778.jpg\" sizes=\"(max-width: 700px) 100vw, 700px\" srcset=\"https:\/\/aeronet.news\/wp-content\/uploads\/Our-Work-Campaign-For-Freedom-1024x778.jpg 1024w, https:\/\/aeronet.news\/wp-content\/uploads\/Our-Work-Campaign-For-Freedom-300x228.jpg 300w, https:\/\/aeronet.news\/wp-content\/uploads\/Our-Work-Campaign-For-Freedom-768x583.jpg 768w, https:\/\/aeronet.news\/wp-content\/uploads\/Our-Work-Campaign-For-Freedom-700x532.jpg 700w, https:\/\/aeronet.news\/wp-content\/uploads\/Our-Work-Campaign-For-Freedom-470x357.jpg 470w, https:\/\/aeronet.news\/wp-content\/uploads\/Our-Work-Campaign-For-Freedom-636x483.jpg 636w, https:\/\/aeronet.news\/wp-content\/uploads\/Our-Work-Campaign-For-Freedom.jpg 1397w\" alt=\"\" width=\"696\" height=\"529\" \/><\/a><figcaption class=\"wp-caption-text\">Webov\u00e1 str\u00e1nka lond\u00fdnsk\u00e9 nevl\u00e1dky obsahuj\u00ed 4 videa, 3 z nich jsou ve sloven\u0161tin\u011b a m\u00ed\u0159\u00ed na slovensk\u00e9 voli\u010de<\/figcaption><\/figure>\n<p>Nevl\u00e1dn\u00ed organizace\u00a0<em>Campaign for Freedom Ltd.<\/em>\u00a0s registra\u010dn\u00edm \u010d\u00edslem\u00a014946821 je registrov\u00e1na na adrese\u00a0Suite 1, 7th Floor 50 Broadway, London, SW1H 0DB\u00a0<strong>[<a href=\"https:\/\/href.li\/?https:\/\/tinyurl.com\/2p98e32r\" target=\"_blank\" rel=\"nofollow noopener\">4<\/a>]<\/strong>, co\u017e je adresa stovek a stovek schr\u00e1nkov\u00fdch spole\u010dnost\u00ed v centru Lond\u00fdna, ale to nen\u00ed u NGO organizac\u00ed neobvykl\u00e9, proto\u017ee nevl\u00e1dn\u00ed organizace ve Velk\u00e9 Brit\u00e1nii prakticky nepou\u017e\u00edvaj\u00ed fyzick\u00e1 s\u00eddla, ale pouze virtu\u00e1ln\u00ed s\u00eddla z d\u016fvodu fungov\u00e1n\u00ed \u010dlen\u016f organizace z r\u016fzn\u00fdch m\u00edst, kte\u0159\u00ed p\u016fsob\u00ed online a z m\u00edsta obvykle bydli\u0161t\u011b, tak\u017ee d\u016fvody pro fyzick\u00e9 a velmi n\u00e1kladn\u00e9 s\u00eddlo v Lond\u00fdn\u011b nepou\u017e\u00edvaj\u00ed.<\/p>\n<h6><span style=\"font-size: 18pt;\">Jednateli nevl\u00e1dky vm\u011b\u0161uj\u00edc\u00ed se do slovensk\u00fdch voleb jsou 2 vysoc\u00ed brit\u0161t\u00ed politici a jeden lobbista<\/span><\/h6>\n<p>A plat\u00ed to p\u0159edev\u0161\u00edm o ad-hoc NGO projektech zalo\u017een\u00fdch za n\u011bjak\u00fdm kr\u00e1tkodob\u00fdm projektem, n\u011bjakou kampan\u00ed. Ov\u0161em v p\u0159\u00edpad\u011b\u00a0Campaign for Freedom Ltd. je to velmi podivn\u00e9. Ve veden\u00ed NGO jsou toti\u017e osoby, kter\u00e9 jsou nav\u00e1z\u00e1ny, a\u017e na jednu v\u00fdjimku, na politick\u00e9 a nikoliv neziskov\u00e9 aktivity. V obchodn\u00edm rejst\u0159\u00edku jsou jako jednatel\u00e9 uvedeni t\u0159i lid\u00e9 a sloven\u0161t\u00ed \u010dten\u00e1\u0159i by se m\u011bli rad\u011bji posadit, aby to s nimi ne\u0161vihlo.<\/p>\n<ul>\n<li>Mr. George Gregor Mcgregor<\/li>\n<li>Mr. Blair George Mcdougall<\/li>\n<li>Mr. Jim Murphy<\/li>\n<\/ul>\n<p>\u0158editelem NGO je\u00a0George Gregor Mcgregor, b\u00fdval\u00fd \u0159editel\u00a0Dentons Global Advisors UK Limited, co\u017e je politick\u00e1 poradensk\u00e1 a lobbistick\u00e1 firma, kter\u00e1 m\u00e1 31-letou historii.\u00a0<strong>McGregor v n\u00ed pracoval jako \u0159editel od \u00fanora 2011 do dubna 2021 [<a href=\"https:\/\/href.li\/?https:\/\/suite.endole.co.uk\/insight\/people\/15807834-mr-george-gregor-mcgregor\" target=\"_blank\" rel=\"nofollow noopener\">5<\/a>], tedy cel\u00fdch 10 let a do profese uvedl, \u017ee je p\u016fvodn\u00edm povol\u00e1n\u00edm politick\u00fd konzultant.<\/strong>\u00a0Co d\u011bl\u00e1 tento \u010dlov\u011bk v \u010dele lond\u00fdnsk\u00e9 nevl\u00e1dky, kter\u00e1 kupuje u spole\u010dnosti Google reklamn\u00ed prostor pro pou\u0161t\u011bn\u00ed volebn\u00edch vide\u00ed pro slovensk\u00e9 ob\u010dany na \u00fazem\u00ed Slovenska? Tato osoba je p\u0159itom paradoxn\u011b nejm\u00e9n\u011b zaj\u00edmav\u00e1 na cel\u00e9 trojici. Te\u010f to za\u010dne b\u00fdt drsn\u011bj\u0161\u00ed.<\/p>\n<figure id=\"attachment_57091\" class=\"wp-caption aligncenter\" style=\"width: 693px;\"><a href=\"https:\/\/aeronet.news\/wp-content\/uploads\/Mr-George-Gregor-Mcgregor.jpg\"><img decoding=\"async\" loading=\"lazy\" class=\"wp-image-57091 \" src=\"https:\/\/aeronet.news\/wp-content\/uploads\/Mr-George-Gregor-Mcgregor-1024x457.jpg\" sizes=\"(max-width: 700px) 100vw, 700px\" srcset=\"https:\/\/aeronet.news\/wp-content\/uploads\/Mr-George-Gregor-Mcgregor-1024x457.jpg 1024w, https:\/\/aeronet.news\/wp-content\/uploads\/Mr-George-Gregor-Mcgregor-300x134.jpg 300w, https:\/\/aeronet.news\/wp-content\/uploads\/Mr-George-Gregor-Mcgregor-768x343.jpg 768w, https:\/\/aeronet.news\/wp-content\/uploads\/Mr-George-Gregor-Mcgregor-700x312.jpg 700w, https:\/\/aeronet.news\/wp-content\/uploads\/Mr-George-Gregor-Mcgregor-800x357.jpg 800w, https:\/\/aeronet.news\/wp-content\/uploads\/Mr-George-Gregor-Mcgregor-1083x483.jpg 1083w\" alt=\"\" width=\"693\" height=\"309\" \/><\/a><figcaption class=\"wp-caption-text\">Obchodn\u00ed registr a v\u00fdpis George McGregora<\/figcaption><\/figure>\n<p>Strat\u00e9gem nevl\u00e1dky\u00a0Campaign for Freedom Ltd. nen\u00ed nikdo jin\u00fd, ne\u017e skotsk\u00fd politik a\u00a0<strong>b\u00fdval\u00fd \u0161\u00e9f volebn\u00ed kampan\u011b skotsk\u00e9ho hnut\u00ed Better Together [<a href=\"https:\/\/href.li\/?https:\/\/www.thenational.scot\/news\/23680524.ex-better-together-chief-blair-mcdougall-running-labour-mp\/\" target=\"_blank\" rel=\"nofollow noopener\">6<\/a>] a poslanec skotsk\u00e9ho parlamentu [<a href=\"https:\/\/href.li\/?https:\/\/www.eastrenfrewshire.gov.uk\/uk-parliamentary-elections-2017\" target=\"_blank\" rel=\"nofollow noopener\">7<\/a>] Blair George Mcdougall, kter\u00fd vedl skotsk\u00e9 hnut\u00ed proti vystoupen\u00ed Skotska ze svazku s Velkou Brit\u00e1ni\u00ed v referendu v roce 2014.<\/strong>\u00a0Mcdougallovo hnut\u00ed slavilo obrovsk\u00fd \u00fasp\u011bch, proto\u017ee se jim poda\u0159ilo odvr\u00e1tit v referendu odchod Skotska z Britsk\u00e9 unie. Tento politik tak je jednatelem t\u00e9to neziskovky na pozici strat\u00e9ga. Co m\u00e1\u00a0Mcdougall spole\u010dn\u00e9ho se Slovenskem? A pro\u010d se \u0161\u00e9f skotsk\u00e9 volebn\u00ed kampan\u011b Better Together anga\u017euje v NGO projektu, kter\u00fd pou\u0161t\u00ed Slov\u00e1k\u016fm na YouTube propagandistick\u00e1 videa na ovlivn\u011bn\u00ed voli\u010d\u016f? A t\u00edm se dost\u00e1v\u00e1me k hlavn\u00ed osob\u011b.<\/p>\n<figure id=\"attachment_57090\" class=\"wp-caption aligncenter\" style=\"width: 693px;\"><a href=\"https:\/\/aeronet.news\/wp-content\/uploads\/Mr-Blair-George-Mcdougall.jpg\"><img decoding=\"async\" loading=\"lazy\" class=\"wp-image-57090 \" src=\"https:\/\/aeronet.news\/wp-content\/uploads\/Mr-Blair-George-Mcdougall-1024x436.jpg\" sizes=\"(max-width: 700px) 100vw, 700px\" srcset=\"https:\/\/aeronet.news\/wp-content\/uploads\/Mr-Blair-George-Mcdougall-1024x436.jpg 1024w, https:\/\/aeronet.news\/wp-content\/uploads\/Mr-Blair-George-Mcdougall-300x128.jpg 300w, https:\/\/aeronet.news\/wp-content\/uploads\/Mr-Blair-George-Mcdougall-768x327.jpg 768w, https:\/\/aeronet.news\/wp-content\/uploads\/Mr-Blair-George-Mcdougall-700x298.jpg 700w, https:\/\/aeronet.news\/wp-content\/uploads\/Mr-Blair-George-Mcdougall-839x357.jpg 839w, https:\/\/aeronet.news\/wp-content\/uploads\/Mr-Blair-George-Mcdougall-1135x483.jpg 1135w\" alt=\"\" width=\"693\" height=\"295\" \/><\/a><figcaption class=\"wp-caption-text\">Obchodn\u00ed registr a v\u00fdpis Blaira McDougalla<\/figcaption><\/figure>\n<p><strong>V\u00fdkonn\u00fdm \u0159editelem nevl\u00e1dky je Jim Murphy, cel\u00fdm jm\u00e9nem James Francis Murphy [<a href=\"https:\/\/href.li\/?https:\/\/en.wikipedia.org\/wiki\/Jim_Murphy#:~:text=James%20Francis%20Murphy%20(born%2023,Eastwood%2C%20from%201997%20to%202015.\" target=\"_blank\" rel=\"nofollow noopener\">7<\/a>], vysok\u00fd ex-funkcion\u00e1\u0159 ve vl\u00e1d\u011b Tonyho Blaira.<\/strong>\u00a0Na OSINT zdroj\u00edch americk\u00e9 vl\u00e1dy se n\u00e1m poda\u0159ilo naj\u00edt dokument FARA pro registrace ciz\u00edho agenta na \u00fazem\u00ed Spojen\u00fdch st\u00e1t\u016f americk\u00fdch\u00a0<strong>[<a href=\"https:\/\/href.li\/?https:\/\/efile.fara.gov\/docs\/7288-Informational-Materials-20230807-1.pdf\" target=\"_blank\" rel=\"nofollow noopener\">8<\/a>]<\/strong>, kde Murphy registruje americkou NGO jako ciz\u00ed agent, je to organizace s n\u00e1zvem Freedom At Home and Abroad (FAHA) a v tiskov\u00e9 zpr\u00e1v\u011b ze dne 8. srpna 2023 oznamuje, \u017ee neziskovka je v USA zalo\u017eena za \u00fa\u010delem lobbingu a pomoci Ukrajin\u011b. Na konci dokumentu je uvedeno: \u201c<em>Disseminated by Freedom at Home and Abroad inc., a registeredforeign agent, on behalfof Campaignfor Freedom Ltd. More information is onfile with the Department ofJustice, Washington, DC.<\/em>\u201c<\/p>\n<figure id=\"attachment_57089\" class=\"wp-caption aligncenter\" style=\"width: 695px;\"><a href=\"https:\/\/aeronet.news\/wp-content\/uploads\/Mr-Jim-Murphy.jpg\"><img decoding=\"async\" loading=\"lazy\" class=\"wp-image-57089 \" src=\"https:\/\/aeronet.news\/wp-content\/uploads\/Mr-Jim-Murphy-1024x411.jpg\" sizes=\"(max-width: 700px) 100vw, 700px\" srcset=\"https:\/\/aeronet.news\/wp-content\/uploads\/Mr-Jim-Murphy-1024x411.jpg 1024w, https:\/\/aeronet.news\/wp-content\/uploads\/Mr-Jim-Murphy-300x120.jpg 300w, https:\/\/aeronet.news\/wp-content\/uploads\/Mr-Jim-Murphy-768x308.jpg 768w, https:\/\/aeronet.news\/wp-content\/uploads\/Mr-Jim-Murphy-700x281.jpg 700w, https:\/\/aeronet.news\/wp-content\/uploads\/Mr-Jim-Murphy-889x357.jpg 889w, https:\/\/aeronet.news\/wp-content\/uploads\/Mr-Jim-Murphy-1203x483.jpg 1203w\" alt=\"\" width=\"695\" height=\"279\" \/><\/a><figcaption class=\"wp-caption-text\">V\u00fdkonn\u00fd \u0159editel Jim Murphy<\/figcaption><\/figure>\n<h6><span style=\"font-size: 18pt;\">Lond\u00fdnsk\u00e1 nevl\u00e1dka s videi pro Slovensko a s registrac\u00ed FARA v USA<\/span><\/h6>\n<p>V p\u0159ekladu:\u00a0<em>\u0160\u00ed\u0159\u00ed Freedom at Home and Abroad inc., registrovan\u00fd zahrani\u010dn\u00ed agent, jm\u00e9nem Campaign for Freedom Ltd. Dal\u0161\u00ed informace jsou k dispozici na Ministerstvu spravedlnosti ve Washingtonu, DC.<\/em>\u00a0Murphy tak p\u016fsob\u00ed pod z\u00e1konem FARA pro registraci zahrani\u010dn\u00edch agent\u016f v USA jako jednatel zastupuj\u00edc\u00ed americkou NGO (FAHA) z pozice lond\u00fdnsk\u00e9 matky Campaign for Freedom Ltd. Nyn\u00ed si ocitujeme Wikipedii\u00a0<strong>[<a href=\"https:\/\/href.li\/?https:\/\/en.wikipedia.org\/wiki\/Jim_Murphy#:~:text=James%20Francis%20Murphy%20(born%2023,Eastwood%2C%20from%201997%20to%202015.\" target=\"_blank\" rel=\"nofollow noopener\">9<\/a>]<\/strong>, abyste v\u011bd\u011bli, kdo je to pan Murphy:<\/p>\n<p>James Francis Murphy (narozen 23. srpna 1967) je b\u00fdval\u00fd skotsk\u00fd politik, kter\u00fd v letech 2014-2015 p\u016fsobil jako p\u0159edseda Skotsk\u00e9 labouristick\u00e9 strany a v letech 2008-2010 jako st\u00e1tn\u00ed tajemn\u00edk pro Skotsko. V letech 1997-2015 byl poslancem parlamentu za hrabstv\u00ed East Renfrewshire, d\u0159\u00edve Eastwood. Ozna\u010duje se za soci\u00e1ln\u00edho demokrata a vyj\u00e1d\u0159il podporu zahrani\u010dn\u00ed politice z\u00e1padn\u00edho intervencionismu. Je ozna\u010dov\u00e1n za politicky pravicov\u00e9ho \u010dlena Labouristick\u00e9 strany.<\/p>\n<p>Murphy se narodil v Glasgow, jeho rodina se v roce 1980 p\u0159est\u011bhovala do Jihoafrick\u00e9 republiky. Po n\u00e1vratu do Skotska se zapojil do studentsk\u00e9 politiky a ve sv\u00fdch 29 letech se stal nejmlad\u0161\u00edm skotsk\u00fdm poslancem.\u00a0<strong>Murphy p\u016fsobil v nov\u00fdch labouristick\u00fdch vl\u00e1d\u00e1ch Tonyho Blaira a Gordona Browna jako parlamentn\u00ed tajemn\u00edk \u00fa\u0159adu vl\u00e1dy v letech 2005-2006, st\u00e1tn\u00ed ministr pro zam\u011bstnanost a reformu soci\u00e1ln\u00edho zabezpe\u010den\u00ed v letech 2006-2007 a st\u00e1tn\u00ed ministr pro Evropu v letech 2007-2008.<\/strong>\u00a0V letech 2008-2010 p\u016fsobil Murphy ve vl\u00e1d\u011b jako st\u00e1tn\u00ed tajemn\u00edk pro Skotsko. Po prohran\u00fdch parlamentn\u00edch volb\u00e1ch v roce 2010 p\u016fsobil Murphy ve st\u00ednov\u00e9m kabinetu Eda Milibanda jako st\u00ednov\u00fd st\u00e1tn\u00ed tajemn\u00edk pro obranu a st\u00ednov\u00fd st\u00e1tn\u00ed tajemn\u00edk pro mezin\u00e1rodn\u00ed rozvoj.<\/p>\n<p>Po rezignaci Johanna Lamonta byl Murphy ve volb\u00e1ch do veden\u00ed Skotsk\u00e9 labouristick\u00e9 strany v roce 2014 zvolen jej\u00edm p\u0159edsedou. Vedl skotsk\u00e9 labouristy do parlamentn\u00edch voleb v roce 2015, v nich\u017e prohl\u00e1sil: \u201c<em>Neztrat\u00edm ani jedno k\u0159eslo ve prosp\u011bch SNP<\/em>\u201c, ne\u017e strana ztratila 40 ze sv\u00fdch 41 k\u0159esel b\u011bhem drtiv\u00e9ho v\u00edt\u011bzstv\u00ed Skotsk\u00e9 n\u00e1rodn\u00ed strany (SNP), kter\u00e1 z\u00edskala 56 z 59 k\u0159esel ve Skotsku. Pot\u00e9, co Murphy p\u0159e\u017eil hlasov\u00e1n\u00ed o ned\u016fv\u011b\u0159e, ozn\u00e1mil v kv\u011btnu 2015, \u017ee v \u010dervnu toho roku odstoup\u00ed z funkce p\u0159edsedy. N\u00e1sledn\u00fd souboj o post l\u00eddra vyhr\u00e1la jeho z\u00e1stupkyn\u011b Kezia Dugdaleov\u00e1.<\/p>\n<h6><span style=\"font-size: 18pt;\">Nevl\u00e1dka z Lond\u00fdna se v USA zaregistrovala jako zahrani\u010dn\u00ed agent, ale na Slovensku nemusela<\/span><\/h6>\n<p>Polo\u017e\u00edm naivn\u00ed a ji\u017e pot\u0159et\u00ed opakovanou \u0159e\u010dnickou ot\u00e1zku \u2013\u00a0<strong>Pro\u010d se b\u00fdval\u00fd britsk\u00fd ministr rozhodl p\u016fsobit v nevl\u00e1dn\u00ed a teprve v \u010dervnu tohoto roku narychlo zalo\u017een\u00e9 lond\u00fdnsk\u00e9 organizaci, kter\u00e1 m\u00e1 na sv\u00e9m webu jako produkci sv\u00e9 pr\u00e1ce uvedena 4 videa, z nich\u017e 3 jsou ur\u010dena pro slovensk\u00e9 voli\u010de?<\/strong>\u00a0Jen jedno video je m\u00ed\u0159eno jinam, a to na Jihoafrickou republiku, kde video varuje p\u0159ed navazov\u00e1n\u00edm dobr\u00fdch vztah\u016f s Ruskem. Jestlipak m\u00e1 pan Murphy na Slovensku registraci jako zahrani\u010dn\u00ed agent, aby mohla jeho nevl\u00e1dka ovliv\u0148ovat skrze placen\u00e1 reklamn\u00ed videa na YouTube slovensk\u00e9 voli\u010de v dob\u011b p\u0159edvolebn\u00ed kampan\u011b?<\/p>\n<figure id=\"attachment_57087\" class=\"wp-caption aligncenter\" style=\"width: 825px;\"><a href=\"https:\/\/aeronet.news\/wp-content\/uploads\/Informational-Materials-FARA.jpg\"><img decoding=\"async\" loading=\"lazy\" class=\"wp-image-57087 \" src=\"https:\/\/aeronet.news\/wp-content\/uploads\/Informational-Materials-FARA.jpg\" sizes=\"(max-width: 839px) 100vw, 839px\" srcset=\"https:\/\/aeronet.news\/wp-content\/uploads\/Informational-Materials-FARA.jpg 839w, https:\/\/aeronet.news\/wp-content\/uploads\/Informational-Materials-FARA-269x300.jpg 269w, https:\/\/aeronet.news\/wp-content\/uploads\/Informational-Materials-FARA-768x858.jpg 768w, https:\/\/aeronet.news\/wp-content\/uploads\/Informational-Materials-FARA-700x782.jpg 700w, https:\/\/aeronet.news\/wp-content\/uploads\/Informational-Materials-FARA-320x357.jpg 320w, https:\/\/aeronet.news\/wp-content\/uploads\/Informational-Materials-FARA-432x483.jpg 432w\" alt=\"\" width=\"825\" height=\"921\" \/><\/a><figcaption class=\"wp-caption-text\">Registrace FARA dce\u0159inn\u00e9 nevl\u00e1dky Freedom At Home and Abroad pod k\u0159\u00eddly lond\u00fdnsk\u00e9 Campaign for Freedom, kter\u00e1 je z\u0159izovatelem americk\u00e9 pobo\u010dky<\/figcaption><\/figure>\n<p>Aha, j\u00e1 jsem zapomn\u011bl, na Slovensku \u017e\u00e1dn\u00fd z\u00e1kon FARA neexistuje, na rozd\u00edl od USA nebo Ruska. Stejn\u011b jako neexistuje v \u010cR. V\u00fdsledkem tak je naprosto flagrantn\u00ed vm\u011b\u0161ov\u00e1n\u00ed lond\u00fdnsk\u00e9 neziskovky \u0159\u00edzen\u00e9 vysok\u00fdmi britsk\u00fdmi politiky do vnit\u0159n\u00ed volebn\u00ed kampan\u011b na Slovensku. Nevl\u00e1dka\u00a0<em>Campaign for Freedom Ltd.<\/em>\u00a0podle v\u0161eho bude p\u016fsobit nejen na Slovensku, ale podle tiskov\u00e9ho dokumentu FARA i v USA, tak\u017ee to nevypad\u00e1 na jednor\u00e1zov\u00fd a kr\u00e1tk\u00fd projekt, je to program na \u0161\u00ed\u0159en\u00e9 protirusk\u00e9 propagandy a sou\u010dasn\u011b na podporu Ukrajiny a pokra\u010dov\u00e1n\u00ed v\u00e1lky na Ukrajin\u011b.<\/p>\n<h6><span style=\"font-size: 18pt;\">Robert Fico pro\u0161el pou\u010den\u00edm po krizov\u00e9m v\u00fdvoji v roce 2018, ale stoj\u00ed proti n\u011bmu podle v\u0161eho u\u017e p\u0159\u00edmo i Lond\u00fdn a mo\u017en\u00e1 i MI-6<\/span><\/h6>\n<p>Takov\u00e9 zasahov\u00e1n\u00ed do volebn\u00ed kampan\u011b na Slovensku z ciziny agenty, kte\u0159\u00ed se dokonce v USA mus\u00ed registrovat podle z\u00e1konu FARA, nem\u00e1 v historii SK obdoby. B\u00fdval\u00fd britsk\u00fd ministr, skotsk\u00fd politik a politick\u00fd konzultant v pozici ex-\u0159editele lobbistick\u00e9 firmy. Tito t\u0159i se spojili a jsou jednateli nevl\u00e1dky, kter\u00e1 zah\u00e1jila svoji \u010dinnost vm\u011b\u0161ov\u00e1n\u00edm se do voleb na Slovensku skrze slovensky namluven\u00e1 videa \u0161\u00ed\u0159en\u00e1 na YouTube slovensk\u00fdm ob\u010dan\u016fm!<\/p>\n<p>Robert Fico by m\u011bl nejl\u00e9pe k tomuto skand\u00e1lu uspo\u0159\u00e1dat tiskovou konferenci a zv\u00e1\u017eit po volb\u00e1ch p\u0159ijet\u00ed obdobn\u00e9ho z\u00e1kona na Slovensku, jako je americk\u00fd z\u00e1kon FARA. A to sam\u00e9 by m\u011bly navrhnout vlasteneck\u00e9 strany v \u010cR. Tot\u00e9\u017e vm\u011b\u0161ov\u00e1n\u00ed z ciziny se m\u016f\u017ee st\u00e1t u p\u0159\u00ed\u0161t\u00edch \u010desk\u00fdch voleb.\u00a0<strong>V\u00fdsledek na\u0161\u00ed investigace ukazuje, \u017ee Slovensko je ter\u010dem obrovsk\u00e9 CiPSO operace s c\u00edlem ovlivn\u011bn\u00ed ve\u0159ejn\u00e9ho m\u00edn\u011bn\u00ed z ciziny<\/strong>\u00a0s c\u00edlem vsugerovat voli\u010d\u016fm, \u017ee kdy\u017e budou volit levici v \u010dele s Robertem Ficem, Slovensko se dostane pod ruskou sf\u00e9rou vlivu, co\u017e je samoz\u0159ejm\u011b nesmysl. CiPSO je zkratka pro\u00a0<em>Centres of Informational and Psychological Operations<\/em>, tedy\u00a0<em>Centra informa\u010dn\u00edch a psychologick\u00fdch operac\u00ed<\/em>.<\/p>\n<p>&nbsp;<\/p>\n<div id=\"rumble_v3i0u1n\">\n<div id=\"vid_v3i0u1n\" class=\"rumble_v3i0u1n-Rumble-cls\" tabindex=\"-1\">\n<div>\n<div class=\"bigPlayUI ctp\">\n<div class=\"bigPlayUIInner ctp\"><div class='videoWrapper'>\r\n\t            <iframe src='https:\/\/rumble.com\/embed\/pj.v3i0u1n\/' frameborder='0' allowfullscreen><\/iframe>\r\n\t        <\/div><\/div>\n<\/div>\n<\/div>\n<\/div>\n<\/div>\n<p>&nbsp;<\/p>\n<p>Robert Fico nen\u00ed prorusk\u00fd politik, je to pro-evropsk\u00fd politik, ale s pou\u010den\u00edm. Po ud\u00e1lostech z roku 2018 zjistil, jak funguje neziskov\u00e1 a nevl\u00e1dn\u00ed (NGO) mafie, co je to Open Society, o kter\u00e9 do roku 2018 psal jenom Aeronet a p\u00e1r slovensk\u00fdch alternativn\u00edch server\u016f.\u00a0<strong>Do roku 2018 o n\u011bjak\u00e9 NGO hrozb\u011b Ficova vl\u00e1da tehdy netu\u0161ila a nem\u011bla z\u00e1jem vliv NGO arm\u00e1dy na ose non-profit -&gt; m\u00e9dia -&gt; politika cokoliv m\u011bnit nebo regulovat.<\/strong>\u00a0St\u00e1tn\u00ed p\u0159evrat v roce 2018 \u0159\u00edzen\u00fd p\u0159\u00edmo NGO \u00fatvary Open Society v ulic\u00edch slovensk\u00fdch m\u011bst dal Robertu Ficovi lekci.<\/p>\n<p>Nyn\u00ed se to opakuje, ale m\u00e1 to tvrd\u0161\u00ed gradaci. Te\u010f u\u017e se do p\u0159edvolebn\u00ed kampan\u011b na Slovensku p\u0159\u00edmo vm\u011b\u0161uje lond\u00fdnsk\u00e1 NGO v \u010dele s vysoce postaven\u00fdmi politiky a lobbisty, u\u017e na to nejsou pou\u017e\u00edv\u00e1n\u00ed prost\u0159edn\u00edci a emisa\u0159i vyslan\u00ed na Slovensko. Volby 30. z\u00e1\u0159\u00ed v sobotu se stanou centrem boje o sv\u011btovou orientaci zem\u011b pod Tatrami a nedivili bychom se v redakci, kdyby do\u0161lo k pokus\u016fm o zmanipulov\u00e1n\u00ed voleb jako zoufal\u00fd pokus zoufal\u00fdch pravicov\u00fdch stran a jejich chlebod\u00e1rc\u016f a NGO podporovatel\u016f z Lond\u00fdna. Pokud je Lond\u00fdn schopen ovliv\u0148ovat p\u0159\u00edmo p\u0159edvolebn\u00ed kampa\u0148 na Slovensku, nelze vylou\u010dit, \u017ee jsou schopni i dal\u0161\u00edch v\u011bc\u00ed.<\/p>\n<p><a href=\"https:\/\/aeronet.news\/exkluzivne-slovenske-volby-celi-vmesovani-narychlo-zalozene-ngo-organizace-v-londyne-ktera-zaplavuje-slovensky-youtube-agitacnimi-reklamami-ve-slovenskem-jazyce-a-strasi-putinem-a-ruskou-okupaci\/\">-VK- \u0160\u00e9fredaktor AE News<\/a><\/p>\n<p>&nbsp;<\/p>\n<p><a href=\"https:\/\/stranapro.cz\/\"><img decoding=\"async\" loading=\"lazy\" class=\"wp-image-30218 aligncenter\" src=\"http:\/\/www.infokuryr.cz\/n\/wp-content\/uploads\/2023\/06\/PRO-banner-300x36.png\" alt=\"\" width=\"1358\" height=\"163\" srcset=\"https:\/\/www.infokuryr.cz\/n\/wp-content\/uploads\/2023\/06\/PRO-banner-300x36.png 300w, https:\/\/www.infokuryr.cz\/n\/wp-content\/uploads\/2023\/06\/PRO-banner-768x93.png 768w, https:\/\/www.infokuryr.cz\/n\/wp-content\/uploads\/2023\/06\/PRO-banner.png 849w\" sizes=\"(max-width: 1358px) 100vw, 1358px\" \/><\/a><\/p>\n<p>&nbsp;<\/p>\n<p>&nbsp;<\/p>\n<p>&nbsp;<\/p>\n","protected":false},"excerpt":{"rendered":"<p>Exkluzivn\u011b: Slovensk\u00e9 volby \u010del\u00ed vm\u011b\u0161ov\u00e1n\u00ed narychlo zalo\u017een\u00e9 NGO organizace v Lond\u00fdn\u011b, kter\u00e1 zaplavuje slovensk\u00fd YouTube&#8230;<\/p>\n","protected":false},"author":2,"featured_media":36976,"comment_status":"closed","ping_status":"closed","sticky":false,"template":"","format":"standard","meta":[],"categories":[6],"tags":[1042,29,497,203,27],"_links":{"self":[{"href":"https:\/\/www.infokuryr.cz\/n\/wp-json\/wp\/v2\/posts\/36975"}],"collection":[{"href":"https:\/\/www.infokuryr.cz\/n\/wp-json\/wp\/v2\/posts"}],"about":[{"href":"https:\/\/www.infokuryr.cz\/n\/wp-json\/wp\/v2\/types\/post"}],"author":[{"embeddable":true,"href":"https:\/\/www.infokuryr.cz\/n\/wp-json\/wp\/v2\/users\/2"}],"replies":[{"embeddable":true,"href":"https:\/\/www.infokuryr.cz\/n\/wp-json\/wp\/v2\/comments?post=36975"}],"version-history":[{"count":1,"href":"https:\/\/www.infokuryr.cz\/n\/wp-json\/wp\/v2\/posts\/36975\/revisions"}],"predecessor-version":[{"id":36977,"href":"https:\/\/www.infokuryr.cz\/n\/wp-json\/wp\/v2\/posts\/36975\/revisions\/36977"}],"wp:featuredmedia":[{"embeddable":true,"href":"https:\/\/www.infokuryr.cz\/n\/wp-json\/wp\/v2\/media\/36976"}],"wp:attachment":[{"href":"https:\/\/www.infokuryr.cz\/n\/wp-json\/wp\/v2\/media?parent=36975"}],"wp:term":[{"taxonomy":"category","embeddable":true,"href":"https:\/\/www.infokuryr.cz\/n\/wp-json\/wp\/v2\/categories?post=36975"},{"taxonomy":"post_tag","embeddable":true,"href":"https:\/\/www.infokuryr.cz\/n\/wp-json\/wp\/v2\/tags?post=36975"}],"curies":[{"name":"wp","href":"https:\/\/api.w.org\/{rel}","templated":true}]}}