{"id":36966,"date":"2023-09-26T01:15:06","date_gmt":"2023-09-25T23:15:06","guid":{"rendered":"http:\/\/www.infokuryr.cz\/n\/?p=36966"},"modified":"2023-09-25T19:09:13","modified_gmt":"2023-09-25T17:09:13","slug":"mirove-sily-nato-daly-kosovu-carte-blanche-k-zabijeni-srbu","status":"publish","type":"post","link":"https:\/\/www.infokuryr.cz\/n\/2023\/09\/26\/mirove-sily-nato-daly-kosovu-carte-blanche-k-zabijeni-srbu\/","title":{"rendered":"M\u00edrov\u00e9 s\u00edly NATO daly Kosovu \u201ecarte blanche\u201c k zab\u00edjen\u00ed Srb\u016f"},"content":{"rendered":"<div id=\"fb-root\"><\/div>\n<p><span style=\"font-size: 18pt;\"><strong>Srbsk\u00fd prezident se vyj\u00e1d\u0159il k p\u0159est\u0159elce v separatistick\u00e9m regionu, kter\u00e1 si vy\u017e\u00e1dala n\u011bkolik mrtv\u00fdch<\/strong><\/span><\/p>\n<p><span>M\u00edrov\u00e9 s\u00edly NATO rozm\u00edst\u011bn\u00e9 v Kosovu zav\u00edraly o\u010di p\u0159ed policejn\u00edm z\u00e1sahem proti m\u00edstn\u00edm Srb\u016fm, \u0159ekl prezident Aleksandar Vu\u010di\u010d v n\u00e1vaznosti na smrt\u00edc\u00ed poty\u010dku v odtr\u017een\u00e9 oblasti v ned\u011bli brzy r\u00e1no.<\/span><\/p>\n<p><span>Na tiskov\u00e9 konferenci pozd\u011bji t\u00e9ho\u017e dne se srbsk\u00fd v\u016fdce zab\u00fdval chaosem, kter\u00fd vypukl ve vesnici Banjska nach\u00e1zej\u00edc\u00ed se v severn\u00ed \u010d\u00e1sti Kosova.\u00a0Podle Vu\u010di\u0107e skupina Srb\u016f postavila v osad\u011b barik\u00e1du a n\u00e1sledn\u00e9 st\u0159ety s kosovskou polici\u00ed si vy\u017e\u00e1daly smrt jednoho d\u016fstojn\u00edka.<\/span><\/p>\n<p><span>Jak se poty\u010dka rozvinula, byli podle n\u011bj zabiti celkem t\u0159i m\u00edstn\u00ed Srbov\u00e9 a dal\u0161\u00ed dva byli zran\u011bni, p\u0159i\u010dem\u017e dal\u0161\u00ed osoba se ob\u00e1vala smrti.<\/span><\/p>\n<p><span>Kosovsk\u00e9 \u00fa\u0159ady v\u0161ak tvrdily, \u017ee na m\u00edstn\u00ed policii p\u0159epadlo asi 30 t\u011b\u017ece ozbrojen\u00fdch ozbrojenc\u016f, kte\u0159\u00ed pozd\u011bji uprchli do nedalek\u00e9ho kl\u00e1\u0161tera.\u00a0Po p\u0159est\u0159elce, kter\u00e1 trvala n\u011bkolik hodin, se policist\u016fm poda\u0159ilo vyklidit kostel.\u00a0Potvrdila smrt t\u0159\u00ed Srb\u016f a dodala, \u017ee p\u011bt dal\u0161\u00edch bylo zat\u010deno.<\/span><\/p>\n<div class=\"read-more large read-more__right\" data-has-alias=\"\"><a href=\"https:\/\/stranapro.cz\/\"><img decoding=\"async\" loading=\"lazy\" class=\"wp-image-30218 aligncenter\" src=\"http:\/\/www.infokuryr.cz\/n\/wp-content\/uploads\/2023\/06\/PRO-banner-300x36.png\" alt=\"\" width=\"1358\" height=\"163\" srcset=\"https:\/\/www.infokuryr.cz\/n\/wp-content\/uploads\/2023\/06\/PRO-banner-300x36.png 300w, https:\/\/www.infokuryr.cz\/n\/wp-content\/uploads\/2023\/06\/PRO-banner-768x93.png 768w, https:\/\/www.infokuryr.cz\/n\/wp-content\/uploads\/2023\/06\/PRO-banner.png 849w\" sizes=\"(max-width: 1358px) 100vw, 1358px\" \/><\/a><\/div>\n<p><span>Kosovsk\u00fd premi\u00e9r Albin Kurti tvrdil, \u017ee \u00fadajn\u00fdmi vin\u00edky jsou\u00a0<\/span><em><span>\u201esrbsk\u00e9 st\u00e1tem podporovan\u00e9 jednotky\u201c<\/span><\/em><span>\u00a0, kter\u00e9 provedly\u00a0<\/span><em><span>\u201eteroristick\u00e9 \u010diny\u201c,<\/span><\/em><span>\u00a0co\u017e Vu\u010di\u0107 kategoricky pop\u0159el.<\/span><\/p>\n<p><span>Srbsk\u00fd v\u016fdce prohl\u00e1sil, \u017ee\u00a0<\/span><em><span>\u201ejedin\u00fdm vin\u00edkem je Kurti\u201c<\/span><\/em><span>\u00a0za fat\u00e1ln\u00ed h\u00e1dku a dodal, \u017ee\u00a0<\/span><em><span>\u201ejeho jedinou touhou je zat\u00e1hnout n\u00e1s do v\u00e1lky s NATO a to je v\u0161e, co cel\u00fd den d\u011bl\u00e1\u201c.<\/span><\/em><\/p>\n<p><span>Obvinil tak\u00e9 kosovsk\u00e9 s\u00edly pod veden\u00edm NATO (KFOR), kter\u00e9 jsou v separatistick\u00e9m regionu rozm\u00edst\u011bny ji\u017e v\u00edce ne\u017e dv\u011b desetilet\u00ed, z podpory Pri\u0161tiny.\u00a0Vu\u010di\u0107 \u0159ekl, \u017ee Srbov\u00e9 v Banjska\u00a0<\/span><em><span>\u201ebyli zcela obkl\u00ed\u010deni b\u011bhem hodiny a 20 minut\u201c<\/span><\/em><span>\u00a0s t\u00edm, \u017ee\u00a0<\/span><em><span>\u201esamoz\u0159ejm\u011b tak stalo ve spolupr\u00e1ci s mezin\u00e1rodn\u00edmi silami\u201c.<\/span><\/em><\/p>\n<p><em><span>\u201eByl na n\u011b proveden brut\u00e1ln\u00ed \u00fatok.\u00a0Divili jsme se, pro\u010d to KFOR neud\u011blal, ob\u011bt\u00ed by bylo mnohem m\u00e9n\u011b, ale Kurtimu dali \u201acarte blanche\u2018, jak \u0159\u00edkaj\u00ed, vypo\u0159\u00e1dat se s teroristy a zab\u00edt co nejv\u00edce lid\u00ed,\u201c \u0159ekl srbsk\u00fd v\u016fdce<\/span><\/em><span>\u00a0.<\/span><\/p>\n<p><span>Nap\u011bt\u00ed v severn\u00ed \u010d\u00e1sti Kosova je ji\u017e n\u011bkolik m\u011bs\u00edc\u016f vysok\u00e9, \u017eiven\u00e9 rozhodnut\u00edm etnick\u00fdch Srb\u016f, kte\u0159\u00ed tam tvo\u0159\u00ed v\u011bt\u0161inu, bojkotovat komun\u00e1ln\u00ed volby na za\u010d\u00e1tku leto\u0161n\u00edho roku kv\u016fli neochot\u011b Pri\u0161tiny poskytnout jim v\u011bt\u0161\u00ed autonomii.\u00a0Zat\u00edmco se Srbsko a Kosovo pokou\u0161ely o normalizaci vztah\u016f a \u0159e\u0161en\u00ed tohoto probl\u00e9mu, rozhovory zprost\u0159edkovan\u00e9 EU za\u010d\u00e1tkem tohoto m\u011bs\u00edce nep\u0159inesly pr\u016flom.<\/span><\/p>\n<p><span>Kosovo jednostrann\u011b vyhl\u00e1silo nez\u00e1vislost v roce 2008 za podpory mnoha z\u00e1padn\u00edch zem\u00ed.\u00a0Rusko, \u010c\u00edna a samotn\u00e9 Srbsko jej neuzn\u00e1vaj\u00ed.<\/span><\/p>\n<p><img decoding=\"async\" loading=\"lazy\" class=\"alignnone size-full wp-image-1185\" src=\"http:\/\/www.infokuryr.cz\/n\/wp-content\/uploads\/2021\/04\/kuryr-podpis.png\" alt=\"\" width=\"84\" height=\"24\" \/><\/p>\n<p>&nbsp;<\/p>\n<p>&nbsp;<\/p>\n<p>&nbsp;<\/p>\n","protected":false},"excerpt":{"rendered":"<p>Srbsk\u00fd prezident se vyj\u00e1d\u0159il k p\u0159est\u0159elce v separatistick\u00e9m regionu, kter\u00e1 si vy\u017e\u00e1dala n\u011bkolik mrtv\u00fdch M\u00edrov\u00e9&#8230;<\/p>\n","protected":false},"author":2,"featured_media":36967,"comment_status":"closed","ping_status":"closed","sticky":false,"template":"","format":"standard","meta":[],"categories":[7],"tags":[1063,39,394,3396],"_links":{"self":[{"href":"https:\/\/www.infokuryr.cz\/n\/wp-json\/wp\/v2\/posts\/36966"}],"collection":[{"href":"https:\/\/www.infokuryr.cz\/n\/wp-json\/wp\/v2\/posts"}],"about":[{"href":"https:\/\/www.infokuryr.cz\/n\/wp-json\/wp\/v2\/types\/post"}],"author":[{"embeddable":true,"href":"https:\/\/www.infokuryr.cz\/n\/wp-json\/wp\/v2\/users\/2"}],"replies":[{"embeddable":true,"href":"https:\/\/www.infokuryr.cz\/n\/wp-json\/wp\/v2\/comments?post=36966"}],"version-history":[{"count":0,"href":"https:\/\/www.infokuryr.cz\/n\/wp-json\/wp\/v2\/posts\/36966\/revisions"}],"wp:featuredmedia":[{"embeddable":true,"href":"https:\/\/www.infokuryr.cz\/n\/wp-json\/wp\/v2\/media\/36967"}],"wp:attachment":[{"href":"https:\/\/www.infokuryr.cz\/n\/wp-json\/wp\/v2\/media?parent=36966"}],"wp:term":[{"taxonomy":"category","embeddable":true,"href":"https:\/\/www.infokuryr.cz\/n\/wp-json\/wp\/v2\/categories?post=36966"},{"taxonomy":"post_tag","embeddable":true,"href":"https:\/\/www.infokuryr.cz\/n\/wp-json\/wp\/v2\/tags?post=36966"}],"curies":[{"name":"wp","href":"https:\/\/api.w.org\/{rel}","templated":true}]}}