{"id":36949,"date":"2023-09-26T01:08:05","date_gmt":"2023-09-25T23:08:05","guid":{"rendered":"http:\/\/www.infokuryr.cz\/n\/?p=36949"},"modified":"2023-09-25T18:38:51","modified_gmt":"2023-09-25T16:38:51","slug":"nizozemsko-9leta-skolacka-nadavala-za-netoleranci-pote-co-si-stezovala-ze-se-musi-prevleknout-pred-biologickym-chlapcem-v-divci-satne","status":"publish","type":"post","link":"https:\/\/www.infokuryr.cz\/n\/2023\/09\/26\/nizozemsko-9leta-skolacka-nadavala-za-netoleranci-pote-co-si-stezovala-ze-se-musi-prevleknout-pred-biologickym-chlapcem-v-divci-satne\/","title":{"rendered":"Nizozemsko: 9let\u00e1 \u0161kola\u010dka nad\u00e1vala za netoleranci pot\u00e9, co si st\u011b\u017eovala, \u017ee se mus\u00ed p\u0159evl\u00e9knout p\u0159ed biologick\u00fdm chlapcem v d\u00edv\u010d\u00ed \u0161atn\u011b"},"content":{"rendered":"<div id=\"fb-root\"><\/div>\n<p><span style=\"font-size: 18pt;\"><strong>Rodi\u010de d\u00edvky byli obvin\u011bni z \u201epodkop\u00e1v\u00e1n\u00ed \u0161koln\u00ed politiky genderov\u00e9 inkluze\u201c, kdy\u017e \u0159ekli \u0159editeli, \u017ee se jejich dcera boj\u00ed chodit do t\u011blocviku<\/strong><\/span><\/p>\n<p><span>Z\u00e1kladn\u00ed \u0161kola v Nizozemsku \u010del\u00ed v\u00fdzv\u00e1m, aby p\u0159ehodnotila svou politiku LGBT inkluzivity pot\u00e9, co obdr\u017eela st\u00ed\u017enosti od rodi\u010d\u016f studentky, kter\u00e1 odm\u00edt\u00e1 pou\u017e\u00edvat d\u00edv\u010d\u00ed \u0161atnu pot\u00e9, co byla konfrontov\u00e1na biologick\u00fdm chlapcem identifikuj\u00edc\u00edm se jako d\u00edvka vyu\u017e\u00edvaj\u00edc\u00ed stejn\u00e9 za\u0159\u00edzen\u00ed.<\/span><\/p>\n<p><span>Jessica Kakiay-Yavuz, matka 9let\u00e9ho studenta \u0159\u00edmskokatolick\u00e9 z\u00e1kladn\u00ed \u0161koly De Tweemaster v Huizenu, \u0159ekla den\u00edku De\u00a0<\/span><a class=\"ek-link\" href=\"https:\/\/www.telegraaf.nl\/nieuws\/2038834828\/moeder-protesteert-geen-transgender-leerling-in-meisjeskleedkamer\"><span>Telegraaf<\/span><\/a><span>\u00a0, jak se jej\u00ed dcera ji\u017e nec\u00edt\u00ed dob\u0159e nav\u0161t\u011bvovat hodiny t\u011blocviku, proto\u017ee je nucena se v p\u0159\u00edtomnosti p\u0159evl\u00e9knout. chlapce.<\/span><\/p>\n<p><span>&#8222;Moje dcera za mnou p\u0159i\u0161la, proto\u017ee si myslela, \u017ee je divn\u00e9, \u017ee do \u0161atny p\u0159i\u0161el chlapec,&#8220; \u0159ekl den\u00edku Kakiay-Yavuz.\u00a0\u201ePo\u017e\u00e1dal jsem o sch\u016fzku se \u0161kolou, abychom na\u0161li \u0159e\u0161en\u00ed.\u00a0\u0158editel tomu byl zpo\u010d\u00e1tku otev\u0159en\u00fd.\u201c<\/span><\/p>\n<p><span>Vysv\u011btlila, \u017ee pot\u00e9, co informovala \u0161kolu o obav\u00e1ch sv\u00e9 dcery, obdr\u017eela \u201evelmi poni\u017euj\u00edc\u00ed\u201c odpov\u011b\u010f, ve kter\u00e9 byla po\u017e\u00e1d\u00e1na, aby p\u0159ijala situaci, a byla obvin\u011bna z \u201epodkop\u00e1v\u00e1n\u00ed \u0161koln\u00ed politiky genderov\u00e9 inkluze\u201c.<\/span><\/p>\n<p><span>\u201eKdybych cht\u011bla, mohla bych dost\u00e1vat informace, abych pochopila \u201aobt\u00ed\u017enou situaci, kter\u00e9 \u010del\u00ed lid\u00e9 s rozd\u00edln\u00fdm pohlav\u00edm a pohlav\u00edm\u2018,\u201c \u0159ekli matce.<\/span><\/p>\n<p><span>&#8222;Nec\u00edt\u00ed se dob\u0159e, kdy\u017e se mus\u00ed p\u0159evl\u00e9kat p\u0159ed klukem.&#8220;\u00a0To samoz\u0159ejm\u011b nen\u00ed situace, ve kter\u00e9 byste se cht\u011bli jako rodi\u010de nach\u00e1zet.\u00a0Byli jsme na\u0161tvan\u00ed u\u017e t\u00fddny, nem\u016f\u017eu se toho probl\u00e9mu zbavit,\u201c \u0159ekla o sv\u00edzeln\u00e9 situaci sv\u00e9 dcery.<\/span><\/p>\n<p><span>Zat\u00edmco \u0159editel \u0161koly obavy odm\u00edtal, Rob Hageman, \u010dlen spr\u00e1vn\u00ed rady nadace RK Education Huizen Foundation (SRKOH), kter\u00e1 \u0159\u00edd\u00ed vzd\u011bl\u00e1vac\u00ed centrum, byl vn\u00edmav\u011bj\u0161\u00ed a p\u0159\u00edsahal, \u017ee najde kompromis;\u00a0to se v\u0161ak ukazuje jako n\u00e1ro\u010dn\u011bj\u0161\u00ed, ne\u017e se p\u016fvodn\u011b myslelo.<\/span><\/p>\n<p><span>&#8222;Pokud je mi zn\u00e1mo, je to poprv\u00e9, co se tento probl\u00e9m objevil na z\u00e1kladn\u00ed \u0161kole,&#8220; \u0159ekl Hageman.<\/span><\/p>\n<p><span>\u201eProbl\u00e9m n\u00e1s p\u0159ekvapil a za\u010dali jsme v zemi hledat kolegy, kte\u0159\u00ed se s t\u00edmto probl\u00e9mem ji\u017e setkali a mo\u017en\u00e1 u\u017e m\u011bli \u0159e\u0161en\u00ed.\u00a0Ale zat\u00edm jsme to nena\u0161li,\u201c dodal.<\/span><\/p>\n<p><span>S nar\u016fstaj\u00edc\u00edm transgenderismem v cel\u00e9 z\u00e1padn\u00ed Evrop\u011b a p\u0159ib\u00fdvaj\u00edc\u00edmi opat\u0159en\u00edmi, kter\u00e1 maj\u00ed zajistit p\u0159ijet\u00ed a toleranci LGBT z\u00e1le\u017eitost\u00ed, se n\u011bkte\u0159\u00ed ob\u00e1vaj\u00ed, \u017ee legitimn\u00ed obavy t\u011bch na jedn\u00e9 stran\u011b debaty jsou ignorov\u00e1ny.<\/span><\/p>\n<p><span>\u201eNa\u0161e n\u00e1mitka nevych\u00e1z\u00ed z n\u00e1bo\u017eensk\u00fdch nebo ideologick\u00fdch \u00favah.\u00a0Respektujeme, \u017ee se spolu\u017e\u00e1k c\u00edt\u00ed jako d\u00edvka a nechceme tento pocit nijak zpochyb\u0148ovat, chci v tom m\u00edt jasno.\u00a0Ale \u0161atna je pro n\u00e1s \u010derven\u00e1 \u010d\u00e1ra.\u00a0D\u00edvky by tam m\u011bly m\u00edt mo\u017enost z\u016fstat d\u00edvkami a neb\u00fdt konfrontov\u00e1ny s transgenderov\u00fdmi probl\u00e9my v tak mlad\u00e9m v\u011bku,\u201c \u0159ekl Kakiay-Yavuz De Telegraaf.<\/span><\/p>\n<p><span>&#8222;Chceme \u0159e\u0161en\u00ed pro na\u0161i dceru &#8211; a v\u00edm o dal\u0161\u00ed d\u00edvce, jej\u00ed\u017e rodina s t\u00edm tak\u00e9 bojuje.&#8220;\u00a0Dal\u0161\u00ed \u0161atna pro spolu\u017e\u00e1ky, to je mo\u017en\u00e1 nejlep\u0161\u00ed varianta,\u201c dodala.<\/span><\/p>\n<p><span>Podle sou\u010dasn\u00e9ho nizozemsk\u00e9ho pr\u00e1va zakotven\u00e9ho v z\u00e1kon\u011b o ob\u010danstv\u00ed z roku 2021 jsou v\u0161echna vzd\u011bl\u00e1vac\u00ed za\u0159\u00edzen\u00ed v Nizozemsku, v\u010detn\u011b z\u00e1kladn\u00edch \u0161kol, ze z\u00e1kona povinna zajistit bezpe\u010dnost a p\u0159ijet\u00ed LGBT student\u016f.<\/span><\/p>\n<p><span>Interpretace t\u00e9to legislativy vedla ke spole\u010dn\u00fdm \u0161atn\u00e1m pro p\u0159edopera\u010dn\u00ed transgender d\u011bti a biologick\u00e9 d\u00edvky a v sou\u010dasn\u00e9 dob\u011b se zd\u00e1, \u017ee existuje jen m\u00e1lo vod\u00edtek, jak vy\u0159e\u0161it obavy vznesen\u00e9 dcerou Kakiay-Yavuz.<\/span><\/p>\n<p><span>\u201eProtokol, p\u0159edpisy t\u00fdkaj\u00edc\u00ed se ot\u00e1zky &#8218;jak se s t\u00edm vypo\u0159\u00e1d\u00e1me v z\u00e1kladn\u00edm vzd\u011bl\u00e1v\u00e1n\u00ed?&#8216;\u00a0To by bylo velmi v\u00edtan\u00e9,\u201c \u0159ekl Hageman, kter\u00fd vyzval k vl\u00e1dn\u00edm pokyn\u016fm, kter\u00e9 by vytvo\u0159ily precedens pro situaci, kter\u00e1 se pravd\u011bpodobn\u011b stane v cel\u00e9 zemi b\u011b\u017en\u011bj\u0161\u00ed.<\/span><\/p>\n<p><img decoding=\"async\" loading=\"lazy\" class=\"alignnone size-full wp-image-1185\" src=\"http:\/\/www.infokuryr.cz\/n\/wp-content\/uploads\/2021\/04\/kuryr-podpis.png\" alt=\"\" width=\"84\" height=\"24\" \/><\/p>\n<p>&nbsp;<\/p>\n<p><a href=\"https:\/\/stranapro.cz\/\"><img decoding=\"async\" loading=\"lazy\" class=\"wp-image-30218 aligncenter\" src=\"http:\/\/www.infokuryr.cz\/n\/wp-content\/uploads\/2023\/06\/PRO-banner-300x36.png\" alt=\"\" width=\"1350\" height=\"162\" srcset=\"https:\/\/www.infokuryr.cz\/n\/wp-content\/uploads\/2023\/06\/PRO-banner-300x36.png 300w, https:\/\/www.infokuryr.cz\/n\/wp-content\/uploads\/2023\/06\/PRO-banner-768x93.png 768w, https:\/\/www.infokuryr.cz\/n\/wp-content\/uploads\/2023\/06\/PRO-banner.png 849w\" sizes=\"(max-width: 1350px) 100vw, 1350px\" \/><\/a><\/p>\n<p>&nbsp;<\/p>\n<p>&nbsp;<\/p>\n<p>&nbsp;<\/p>\n","protected":false},"excerpt":{"rendered":"<p>Rodi\u010de d\u00edvky byli obvin\u011bni z \u201epodkop\u00e1v\u00e1n\u00ed \u0161koln\u00ed politiky genderov\u00e9 inkluze\u201c, kdy\u017e \u0159ekli \u0159editeli, \u017ee se&#8230;<\/p>\n","protected":false},"author":2,"featured_media":22547,"comment_status":"closed","ping_status":"closed","sticky":false,"template":"","format":"standard","meta":[],"categories":[7],"tags":[245,781,94,774],"_links":{"self":[{"href":"https:\/\/www.infokuryr.cz\/n\/wp-json\/wp\/v2\/posts\/36949"}],"collection":[{"href":"https:\/\/www.infokuryr.cz\/n\/wp-json\/wp\/v2\/posts"}],"about":[{"href":"https:\/\/www.infokuryr.cz\/n\/wp-json\/wp\/v2\/types\/post"}],"author":[{"embeddable":true,"href":"https:\/\/www.infokuryr.cz\/n\/wp-json\/wp\/v2\/users\/2"}],"replies":[{"embeddable":true,"href":"https:\/\/www.infokuryr.cz\/n\/wp-json\/wp\/v2\/comments?post=36949"}],"version-history":[{"count":0,"href":"https:\/\/www.infokuryr.cz\/n\/wp-json\/wp\/v2\/posts\/36949\/revisions"}],"wp:featuredmedia":[{"embeddable":true,"href":"https:\/\/www.infokuryr.cz\/n\/wp-json\/wp\/v2\/media\/22547"}],"wp:attachment":[{"href":"https:\/\/www.infokuryr.cz\/n\/wp-json\/wp\/v2\/media?parent=36949"}],"wp:term":[{"taxonomy":"category","embeddable":true,"href":"https:\/\/www.infokuryr.cz\/n\/wp-json\/wp\/v2\/categories?post=36949"},{"taxonomy":"post_tag","embeddable":true,"href":"https:\/\/www.infokuryr.cz\/n\/wp-json\/wp\/v2\/tags?post=36949"}],"curies":[{"name":"wp","href":"https:\/\/api.w.org\/{rel}","templated":true}]}}