{"id":36948,"date":"2023-09-26T01:07:27","date_gmt":"2023-09-25T23:07:27","guid":{"rendered":"http:\/\/www.infokuryr.cz\/n\/?p=36948"},"modified":"2023-09-25T18:33:33","modified_gmt":"2023-09-25T16:33:33","slug":"hnev-v-italii-penize-z-dani-pro-paseraky-jak-nemecko-podporuje-nelegalni-masovou-migraci","status":"publish","type":"post","link":"https:\/\/www.infokuryr.cz\/n\/2023\/09\/26\/hnev-v-italii-penize-z-dani-pro-paseraky-jak-nemecko-podporuje-nelegalni-masovou-migraci\/","title":{"rendered":"Hn\u011bv v It\u00e1lii: pen\u00edze z dan\u00ed pro pa\u0161er\u00e1ky? Jak N\u011bmecko podporuje neleg\u00e1ln\u00ed masovou migraci"},"content":{"rendered":"<div id=\"fb-root\"><\/div>\n<p><strong><span>N\u011bmecko, kter\u00e9 je v ot\u00e1zce azylov\u00e9 politiky rovn\u011b\u017e \u0161patn\u00fdm sm\u011brem, chce nyn\u00ed uprost\u0159ed migra\u010dn\u00ed krize\u00a0realizovat rozhodnut\u00ed\u00a0<\/span><a href=\"https:\/\/www.welt.de\/politik\/ausland\/article247642914\/Italien-empoert-ueber-deutsche-Finanzhilfe-fuer-Seenotretter.html\"><span>podpo\u0159it civiln\u00ed \u201en\u00e1mo\u0159n\u00ed z\u00e1chranu\u201c .\u00a0<\/span><\/a><span>O\u010dek\u00e1v\u00e1 se, \u017ee prvn\u00ed platby dv\u011bma organizac\u00edm budou provedeny brzy.\u00a0It\u00e1lie reaguje rozho\u0159\u010den\u011b \u2013 to by byla \u201ev\u00e1\u017en\u00e1 anom\u00e1lie\u201c v jedn\u00e1n\u00ed mezi evropsk\u00fdmi st\u00e1ty.\u00a0To, co doty\u010dn\u00e9 organizace naz\u00fdvaj\u00ed \u201ez\u00e1chranou\u201c, kritici pova\u017euj\u00ed za obchodov\u00e1n\u00ed s lidmi, kter\u00e9 pouze podporuje neleg\u00e1ln\u00ed migraci.<\/span><\/strong><\/p>\n<p><span>Pl\u00e1ny N\u011bmecka na finan\u010dn\u00ed podporu organizac\u00ed pro n\u00e1mo\u0159n\u00ed z\u00e1chranu vyvol\u00e1vaj\u00ed v It\u00e1lii pobou\u0159en\u00ed.\u00a0Ministr obrany Guido Crosetto, kter\u00fd pat\u0159\u00ed k vl\u00e1dnouc\u00ed stran\u011b Fratelli d&#8217;Italia, mluvil\u00a0v ned\u011bli 24. z\u00e1\u0159\u00ed v novin\u00e1ch \u201e\u00a0<\/span><a href=\"https:\/\/www.lastampa.it\/politica\/2023\/09\/24\/news\/crosetto_grave_che_berlino_paghi_le_ong_scafisti_criminali_internazionali-13401619\/\"><span>La Stampa \u201c o \u201evelmi v\u00e1\u017en\u00e9m\u201c chov\u00e1n\u00ed.\u00a0<\/span><\/a><strong><span>&#8222;Berl\u00edn se tak chov\u00e1, jako by nev\u011bd\u011bl, \u017ee zp\u016fsobuje probl\u00e9my zemi, se kterou je teoreticky &#8218;p\u0159\u00e1tel&#8216;.&#8220;<\/span><\/strong><span>Italsk\u00e1 vl\u00e1da pova\u017euje podporu t\u011bchto \u00fadajn\u00fdch humanit\u00e1rn\u00edch organizac\u00ed za zasahov\u00e1n\u00ed do dom\u00e1c\u00edch italsk\u00fdch z\u00e1le\u017eitost\u00ed.\u00a0Podle zpr\u00e1vy italsk\u00e9 tiskov\u00e9 agentury Ansa bl\u00edzc\u00ed premi\u00e9ra Giorgia Meloniho uvedli, \u017ee n\u011bmeck\u00e9 pl\u00e1ny na podporu t\u011bchto organizac\u00ed, jejich\u017e \u010dinnost kritici popisuj\u00ed jako obchodov\u00e1n\u00ed s lidmi, by byly \u201ev\u00e1\u017enou anom\u00e1li\u00ed\u201c ve vztaz\u00edch mezi evropsk\u00fdmi st\u00e1ty.\u00a0Protestoval i men\u0161\u00ed koali\u010dn\u00ed partner Lega.<\/span><\/p>\n<p><span>Ministerstvo zahrani\u010d\u00ed v p\u00e1tek upozornilo, \u017ee jde o implementaci rozhodnut\u00ed Bundestagu.\u00a0Prvn\u00ed pen\u00edze by m\u011bly b\u00fdt vyplaceny \u201ebrzy\u201c.\u00a0<\/span><strong><span>Projekt z\u00e1sobov\u00e1n\u00ed na sou\u0161i a projekt \u201ez\u00e1chrany\u201c na mo\u0159i maj\u00ed b\u00fdt financov\u00e1ny \u010d\u00e1stkou 400 000 a\u017e 800 000 eur.\u00a0<\/span><\/strong><span>Jednou z organizac\u00ed je SOS Humanity.<\/span><\/p>\n<p><span>U\u017e v dob\u00e1ch p\u0159edchoz\u00edch vl\u00e1d zp\u016fsobovala migra\u010dn\u00ed ot\u00e1zka a pr\u00e1ce soukrom\u00fdch n\u011bmeck\u00fdch humanit\u00e1rn\u00edch organizac\u00ed ve St\u0159edomo\u0159\u00ed nap\u011bt\u00ed mezi \u0158\u00edmem a Berl\u00ednem.\u00a0Nyn\u00ed se zd\u00e1, \u017ee t\u00f3n je st\u00e1le tvrd\u0161\u00ed.\u00a0Meloni zat\u00edm nedok\u00e1zala dodr\u017eet sv\u016fj p\u0159edvolebn\u00ed slib o omezen\u00ed neleg\u00e1ln\u00ed migrace.\u00a0Naopak od za\u010d\u00e1tku roku je registrov\u00e1no v\u00edce ne\u017e 130 000 lodn\u00edch migrant\u016f, co\u017e je dvakr\u00e1t v\u00edce ne\u017e ve stejn\u00e9m obdob\u00ed lo\u0148sk\u00e9ho roku.\u00a0<\/span><a href=\"https:\/\/report24.news\/mehr-illegale-migranten-als-einwohner-invasion-auf-lampedusa-laut-salvini-organisierter-kriegsakt\/\"><span>Jen tento m\u011bs\u00edc dorazilo na mal\u00fd st\u0159edomo\u0159sk\u00fd ostrov Lampedusa<\/span><\/a><span>\u00a0, kter\u00fd je pova\u017eov\u00e1n za hotspot pro migranty ze severn\u00ed Afriky,\u00a0v\u00edce ne\u017e 10 000 lid\u00ed .<\/span><\/p>\n<h3 class=\"wp-block-heading\"><span style=\"font-size: 18pt;\">N\u011bmecko podporuje neleg\u00e1ln\u00ed migraci<\/span><\/h3>\n<p><span>Rozho\u0159\u010den\u00ed italsk\u00e9 vl\u00e1dy je zcela pochopiteln\u00e9.\u00a0Zat\u00edmco ostatn\u00ed zem\u011b EU se sna\u017e\u00ed po\u010det migrant\u016f sni\u017eovat, v N\u011bmecku se zd\u00e1, \u017ee k \u017e\u00e1dn\u00e9 zm\u011bn\u011b my\u0161len\u00ed nedo\u0161lo.\u00a0B\u00fdval\u00e1 kancl\u00e9\u0159ka Merkelov\u00e1 v roce 2015 propagovala sv\u00e9 \u201eMy to dok\u00e1\u017eeme!\u201c.\u00a0neomezen\u00e1 kultura v\u00edt\u00e1n\u00ed.\u00a0Lo\u010f je nyn\u00ed pln\u00e1 a pokladny pr\u00e1zdn\u00e9.\u00a0<\/span><strong><span>Nicm\u00e9n\u011b pob\u00eddky k imigraci do soci\u00e1ln\u00edch syst\u00e9m\u016f v podob\u011b \u0161t\u011bdr\u00fdch soci\u00e1ln\u00edch d\u00e1vek nad\u00e1le existuj\u00ed a jsou dokonce roz\u0161i\u0159ov\u00e1ny, nap\u0159.\u00a0B. s pl\u00e1novan\u00fdm z\u00e1kladn\u00edm v\u00fd\u017eivn\u00fdm na d\u00edt\u011b.\u00a0<\/span><\/strong><span>Nov\u011b by m\u011bly b\u00fdt z dan\u00ed podporov\u00e1ny i takzvan\u00e9 pomocn\u00e9 organizace.<\/span><\/p>\n<p><strong><span>Ne nadarmo jsou tito \u201emo\u0159\u0161t\u00ed z\u00e1chran\u00e1\u0159i\u201c pova\u017eov\u00e1ni za pa\u0161er\u00e1ky \u2013 v\u011bt\u0161ina jimi \u201ezachra\u0148ovan\u00fdch\u201c lid\u00ed se na mo\u0159i nedostala do nouze, sp\u00ed\u0161e se do t\u00e9to situace z\u00e1m\u011brn\u011b dostala.\u00a0<\/span><\/strong><span>\u201eZ\u00e1chrana\u201c se rovn\u00e1 voln\u00e9 j\u00edzdence do Evropy \u2013 s ni\u010div\u00fdmi d\u016fsledky pro zem\u011b, do kter\u00fdch migranti ileg\u00e1ln\u011b imigruj\u00ed.\u00a0To jen d\u00e1le podpo\u0159\u00ed nekontrolovanou masovou migraci.<\/span><\/p>\n<p><img decoding=\"async\" loading=\"lazy\" class=\"alignnone size-full wp-image-1185\" src=\"http:\/\/www.infokuryr.cz\/n\/wp-content\/uploads\/2021\/04\/kuryr-podpis.png\" alt=\"\" width=\"84\" height=\"24\" \/><\/p>\n<p>&nbsp;<\/p>\n<p><a href=\"https:\/\/stranapro.cz\/\"><img decoding=\"async\" loading=\"lazy\" class=\"wp-image-30218 aligncenter\" src=\"http:\/\/www.infokuryr.cz\/n\/wp-content\/uploads\/2023\/06\/PRO-banner-300x36.png\" alt=\"\" width=\"1358\" height=\"163\" srcset=\"https:\/\/www.infokuryr.cz\/n\/wp-content\/uploads\/2023\/06\/PRO-banner-300x36.png 300w, https:\/\/www.infokuryr.cz\/n\/wp-content\/uploads\/2023\/06\/PRO-banner-768x93.png 768w, https:\/\/www.infokuryr.cz\/n\/wp-content\/uploads\/2023\/06\/PRO-banner.png 849w\" sizes=\"(max-width: 1358px) 100vw, 1358px\" \/><\/a><\/p>\n<p>&nbsp;<\/p>\n<p>&nbsp;<\/p>\n<p>&nbsp;<\/p>\n","protected":false},"excerpt":{"rendered":"<p>N\u011bmecko, kter\u00e9 je v ot\u00e1zce azylov\u00e9 politiky rovn\u011b\u017e \u0161patn\u00fdm sm\u011brem, chce nyn\u00ed uprost\u0159ed migra\u010dn\u00ed krize\u00a0realizovat&#8230;<\/p>\n","protected":false},"author":2,"featured_media":31328,"comment_status":"closed","ping_status":"closed","sticky":false,"template":"","format":"standard","meta":[],"categories":[7],"tags":[119,191,84],"_links":{"self":[{"href":"https:\/\/www.infokuryr.cz\/n\/wp-json\/wp\/v2\/posts\/36948"}],"collection":[{"href":"https:\/\/www.infokuryr.cz\/n\/wp-json\/wp\/v2\/posts"}],"about":[{"href":"https:\/\/www.infokuryr.cz\/n\/wp-json\/wp\/v2\/types\/post"}],"author":[{"embeddable":true,"href":"https:\/\/www.infokuryr.cz\/n\/wp-json\/wp\/v2\/users\/2"}],"replies":[{"embeddable":true,"href":"https:\/\/www.infokuryr.cz\/n\/wp-json\/wp\/v2\/comments?post=36948"}],"version-history":[{"count":0,"href":"https:\/\/www.infokuryr.cz\/n\/wp-json\/wp\/v2\/posts\/36948\/revisions"}],"wp:featuredmedia":[{"embeddable":true,"href":"https:\/\/www.infokuryr.cz\/n\/wp-json\/wp\/v2\/media\/31328"}],"wp:attachment":[{"href":"https:\/\/www.infokuryr.cz\/n\/wp-json\/wp\/v2\/media?parent=36948"}],"wp:term":[{"taxonomy":"category","embeddable":true,"href":"https:\/\/www.infokuryr.cz\/n\/wp-json\/wp\/v2\/categories?post=36948"},{"taxonomy":"post_tag","embeddable":true,"href":"https:\/\/www.infokuryr.cz\/n\/wp-json\/wp\/v2\/tags?post=36948"}],"curies":[{"name":"wp","href":"https:\/\/api.w.org\/{rel}","templated":true}]}}