{"id":36947,"date":"2023-09-26T01:06:13","date_gmt":"2023-09-25T23:06:13","guid":{"rendered":"http:\/\/www.infokuryr.cz\/n\/?p=36947"},"modified":"2023-09-25T18:30:34","modified_gmt":"2023-09-25T16:30:34","slug":"pokles-ceny-nikdo-nechce-kupovat-ojete-elektromobily","status":"publish","type":"post","link":"https:\/\/www.infokuryr.cz\/n\/2023\/09\/26\/pokles-ceny-nikdo-nechce-kupovat-ojete-elektromobily\/","title":{"rendered":"Pokles ceny: Nikdo nechce kupovat ojet\u00e9 elektromobily"},"content":{"rendered":"<div id=\"fb-root\"><\/div>\n<p><strong><span>Cenu na trhu ojet\u00fdch voz\u016f ur\u010duje nab\u00eddka a popt\u00e1vka.\u00a0Popt\u00e1vka po ojet\u00fdch elektromobilech se ale zjevn\u011b zd\u00e1 b\u00fdt extr\u00e9mn\u011b n\u00edzk\u00e1.\u00a0Nap\u0159\u00edklad ve Velk\u00e9 Brit\u00e1nii ceny prudce klesaj\u00ed.\u00a0V N\u011bmecku v\u0161ak trh s ojet\u00fdmi vozy pro elektromobily t\u00e9m\u011b\u0159 neexistuje.<\/span><\/strong><\/p>\n<p><span>Auta sama o sob\u011b jsou jen u\u017eitkov\u00e9 p\u0159edm\u011bty a nejsou dobrou investic\u00ed.\u00a0S ka\u017ed\u00fdm ujet\u00fdm kilometrem doslova ztr\u00e1cej\u00ed na hodnot\u011b.\u00a0P\u0159esto lze ur\u010dit\u00e9 zna\u010dky a modely i po letech pou\u017e\u00edv\u00e1n\u00ed prodat za slu\u0161nou cenu, proto\u017ee ne ka\u017ed\u00fd si m\u016f\u017ee nebo chce dovolit nov\u00e9 auto.\u00a0U elektromobil\u016f je to ale zjevn\u011b jinak.<\/span><\/p>\n<p><strong><a href=\"https:\/\/www.dailymail.co.uk\/news\/article-12551439\/used-electric-cars-price.html\" target=\"_blank\" rel=\"noreferrer noopener\"><span>Jak informuj\u00ed<\/span><\/a><span>\u00a0britsk\u00e1 m\u00e9dia\u00a0, pr\u016fm\u011brn\u00e1 cena ojet\u00fdch elektromobil\u016f ve Velk\u00e9 Brit\u00e1nii klesla b\u011bhem jednoho roku o 21,4 procenta.\u00a0<\/span><\/strong><span>V pr\u00e9miov\u00e9m sektoru \u2013 u Tesly, BMW a Mercedes-Benz \u2013 do\u0161lo dokonce k poklesu ceny v pr\u016fm\u011bru o 24,1 procenta.\u00a0I p\u0159es snahu politik\u016f n\u00e1kup takov\u00fdch vozidel zatraktivnit se zd\u00e1, \u017ee Britov\u00e9 st\u00e1le preferuj\u00ed klasick\u00e9 a spolehliv\u00e9 spalovac\u00ed motory.<\/span><\/p>\n<p><span>V dob\u00e1ch, kdy ceny elekt\u0159iny raketov\u011b rostou a \u017eivotn\u00ed n\u00e1klady dosahuj\u00ed neb\u00fdval\u00e9 \u00farovn\u011b, se palivo zd\u00e1 je\u0161t\u011b dostupn\u011bj\u0161\u00ed, a tak se tento v\u00fdvoj nen\u00ed \u010demu divit.\u00a0Soukrom\u00ed kupuj\u00edc\u00ed maj\u00ed o tyto vozy mal\u00fd z\u00e1jem, a tak jsou hlavn\u00edmi tahouny prodeje firmy.\u00a0<\/span><strong><span>Ty ale auta v\u011bt\u0161inou na leasing, tak\u017ee rizika le\u017e\u00ed i na leasingov\u00fdch spole\u010dnostech.\u00a0O\u010dek\u00e1vali v\u00fdrazn\u011b vy\u0161\u0161\u00ed prodejn\u00ed hodnotu na trhu ojet\u00fdch voz\u016f a nyn\u00ed mus\u00ed odepisovat.<\/span><\/strong><\/p>\n<p><span>Cenov\u00fd kolaps ojet\u00fdch elektromobil\u016f do N\u011bmecka zat\u00edm nedorazil.\u00a0P\u0159esto\u017ee je z\u00e1jem\u00a0<\/span><a href=\"https:\/\/www.elektroauto-news.net\/news\/e-gebrauchtwagen-deutsche-zoegerlich\" target=\"_blank\" rel=\"noreferrer noopener\"><span>p\u0159ev\u00e1\u017en\u011b n\u00edzk\u00fd , z\u016fst\u00e1vaj\u00ed tato vozidla\u00a0<\/span><\/a><a href=\"https:\/\/www.onvista.de\/news\/2023\/09-08-gebrauchtwagenmarkt-fuer-e-autos-kommt-nur-langsam-in-schwung-10-26174004\" target=\"_blank\" rel=\"noreferrer noopener\"><span>relativn\u011b drah\u00e1,<\/span><\/a><span>\u00a0a to i ojet\u00e1\u00a0.\u00a0Proto\u017ee nab\u00eddka je tak\u00e9 relativn\u011b n\u00edzk\u00e1 (na rozd\u00edl od Velk\u00e9 Brit\u00e1nie).\u00a0N\u011bme\u010dt\u00ed ob\u010dan\u00e9 (a firmy), kte\u0159\u00ed si takov\u00e9 auto koup\u00ed, s n\u00edm evidentn\u011b jezd\u00ed d\u00e9le ne\u017e Britov\u00e9.\u00a0Z\u0159ejm\u011b i s v\u011bdom\u00edm, \u017ee svou ojetinu stejn\u011b t\u011b\u017eko prod\u00e1te za rozumnou cenu.<\/span><\/p>\n<p><img decoding=\"async\" loading=\"lazy\" class=\"alignnone size-full wp-image-1185\" src=\"http:\/\/www.infokuryr.cz\/n\/wp-content\/uploads\/2021\/04\/kuryr-podpis.png\" alt=\"\" width=\"84\" height=\"24\" \/><\/p>\n<p>&nbsp;<\/p>\n<p><a href=\"https:\/\/stranapro.cz\/\"><img decoding=\"async\" loading=\"lazy\" class=\"wp-image-30218 aligncenter\" src=\"http:\/\/www.infokuryr.cz\/n\/wp-content\/uploads\/2023\/06\/PRO-banner-300x36.png\" alt=\"\" width=\"1350\" height=\"162\" srcset=\"https:\/\/www.infokuryr.cz\/n\/wp-content\/uploads\/2023\/06\/PRO-banner-300x36.png 300w, https:\/\/www.infokuryr.cz\/n\/wp-content\/uploads\/2023\/06\/PRO-banner-768x93.png 768w, https:\/\/www.infokuryr.cz\/n\/wp-content\/uploads\/2023\/06\/PRO-banner.png 849w\" sizes=\"(max-width: 1350px) 100vw, 1350px\" \/><\/a><\/p>\n<p>&nbsp;<\/p>\n<p>&nbsp;<\/p>\n<p>&nbsp;<\/p>\n","protected":false},"excerpt":{"rendered":"<p>Cenu na trhu ojet\u00fdch voz\u016f ur\u010duje nab\u00eddka a popt\u00e1vka.\u00a0Popt\u00e1vka po ojet\u00fdch elektromobilech se ale zjevn\u011b&#8230;<\/p>\n","protected":false},"author":2,"featured_media":3616,"comment_status":"closed","ping_status":"closed","sticky":false,"template":"","format":"standard","meta":[],"categories":[7],"tags":[1872,4554,5988,2310],"_links":{"self":[{"href":"https:\/\/www.infokuryr.cz\/n\/wp-json\/wp\/v2\/posts\/36947"}],"collection":[{"href":"https:\/\/www.infokuryr.cz\/n\/wp-json\/wp\/v2\/posts"}],"about":[{"href":"https:\/\/www.infokuryr.cz\/n\/wp-json\/wp\/v2\/types\/post"}],"author":[{"embeddable":true,"href":"https:\/\/www.infokuryr.cz\/n\/wp-json\/wp\/v2\/users\/2"}],"replies":[{"embeddable":true,"href":"https:\/\/www.infokuryr.cz\/n\/wp-json\/wp\/v2\/comments?post=36947"}],"version-history":[{"count":0,"href":"https:\/\/www.infokuryr.cz\/n\/wp-json\/wp\/v2\/posts\/36947\/revisions"}],"wp:featuredmedia":[{"embeddable":true,"href":"https:\/\/www.infokuryr.cz\/n\/wp-json\/wp\/v2\/media\/3616"}],"wp:attachment":[{"href":"https:\/\/www.infokuryr.cz\/n\/wp-json\/wp\/v2\/media?parent=36947"}],"wp:term":[{"taxonomy":"category","embeddable":true,"href":"https:\/\/www.infokuryr.cz\/n\/wp-json\/wp\/v2\/categories?post=36947"},{"taxonomy":"post_tag","embeddable":true,"href":"https:\/\/www.infokuryr.cz\/n\/wp-json\/wp\/v2\/tags?post=36947"}],"curies":[{"name":"wp","href":"https:\/\/api.w.org\/{rel}","templated":true}]}}